{"id":54136,"date":"2026-03-01T01:51:10","date_gmt":"2026-03-01T01:51:10","guid":{"rendered":"https:\/\/bihavadis.com\/?p=54136"},"modified":"2026-03-01T01:51:10","modified_gmt":"2026-03-01T01:51:10","slug":"elazigda-tartistigi-kisiyi-tabanca-ile-vurup-tekmeleyen-supheli-tutuklandi","status":"publish","type":"post","link":"https:\/\/bihavadis.com\/index.php\/2026\/03\/01\/elazigda-tartistigi-kisiyi-tabanca-ile-vurup-tekmeleyen-supheli-tutuklandi\/","title":{"rendered":"Elaz\u0131\u011f&#8217;da tart\u0131\u015ft\u0131\u011f\u0131 ki\u015fiyi tabanca ile vurup tekmeleyen \u015f\u00fcpheli tutukland\u0131"},"content":{"rendered":"<p>Elaz\u0131\u011f&#8217;da M.A.A. ile M.K. aras\u0131nda bilinmeyen nedenle tart\u0131\u015fma \u00e7\u0131kt\u0131.<\/p>\n<p>Tart\u0131\u015fman\u0131n b\u00fcy\u00fcmesi \u00fczerine M.K., belinden \u00e7\u0131kard\u0131\u011f\u0131 tabancayla M.A.A.&#8217;ya ate\u015f etti.<\/p>\n<p><strong>SALDIRI ANLARI G\u00dcVENL\u0130K KAMERASINDA<\/strong><\/p>\n<p>Yaralanan M.A.A., yere y\u0131\u011f\u0131ld\u0131.<\/p>\n<p>\u015e\u00fcphelinin yaral\u0131y\u0131 tekmelemeye \u00e7al\u0131\u015ft\u0131\u011f\u0131 anlar, \u00e7evredeki i\u015f yerinin g\u00fcvenlik kameras\u0131na yans\u0131d\u0131.<\/p>\n<p><img decoding=\"async\" src=\"https:\/\/bihavadis.com\/wp-content\/uploads\/2026\/03\/elazigda-tartistigi-kisiyi-tabanca-ile-vurup-tekmeleyen-supheli-tutuklandi-0-X22t4vdn.jpg\"\/><\/p>\n<p><strong>\u015e\u00dcPHEL\u0130 YAKALANARAK G\u00d6ZALTINA ALINDI<\/strong><\/p>\n<p>Esnaf ve vatanda\u015flar\u0131n m\u00fcdahalesiyle etkisiz hale getirilen \u015f\u00fcpheli, b\u00f6lgeye sevk edilen polis ekipleri taraf\u0131ndan g\u00f6zalt\u0131na al\u0131nd\u0131.<\/p>\n<p>A\u011f\u0131r yaralanan M.A.A. ise ambulansla F\u0131rat \u00dcniversitesi Hastanesi&#8217;ne kald\u0131r\u0131ld\u0131.<\/p>\n<p><img decoding=\"async\" src=\"https:\/\/bihavadis.com\/wp-content\/uploads\/2026\/03\/elazigda-tartistigi-kisiyi-tabanca-ile-vurup-tekmeleyen-supheli-tutuklandi-1-QfbeMq2z.jpg\"\/><\/p>\n<p><strong>HAYAT\u0130 TEHL\u0130KES\u0130N\u0130N DEVAM ETT\u0130\u011e\u0130 B\u0130LD\u0130R\u0130LD\u0130<\/strong><\/p>\n<p>Hastanede tedavi g\u00f6ren M.A.A.&#8217;n\u0131n hayati tehlikesinin devam etti\u011fi \u00f6\u011frenildi.<\/p>\n<p>Olayla ilgili soru\u015fturmada, \u015f\u00fcpheliye yard\u0131m etti\u011fi belirlenen 1 ki\u015fi daha yakalan\u0131p g\u00f6zalt\u0131na al\u0131nd\u0131.<\/p>\n<p><img decoding=\"async\" src=\"https:\/\/bihavadis.com\/wp-content\/uploads\/2026\/03\/elazigda-tartistigi-kisiyi-tabanca-ile-vurup-tekmeleyen-supheli-tutuklandi-2-jyyAeH7M.jpg\"\/><\/p>\n<p><strong>\u00c7IKARILDI\u011eI MAHKEMEDE TUTUKLANDI<\/strong><\/p>\n<p>Emniyetteki i\u015flemlerinin ard\u0131ndan adliyeye sevk edilen \u015f\u00fcphelilerden tabancayla ate\u015f eden M.K., \u00e7\u0131kar\u0131ld\u0131\u011f\u0131 mahkemede tutukland\u0131.<\/p>\n<p>Di\u011fer \u015f\u00fcpheli ise adli kontrol \u015fart\u0131yla serbest b\u0131rak\u0131ld\u0131.<\/p>\n<p><img decoding=\"async\" src=\"https:\/\/bihavadis.com\/wp-content\/uploads\/2026\/03\/elazigda-tartistigi-kisiyi-tabanca-ile-vurup-tekmeleyen-supheli-tutuklandi-3-zHWquSUj.jpg\"\/><\/p>\n<p><img decoding=\"async\" src=\"https:\/\/bihavadis.com\/wp-content\/uploads\/2026\/03\/elazigda-tartistigi-kisiyi-tabanca-ile-vurup-tekmeleyen-supheli-tutuklandi-4-Dia2p3PL.jpg\"\/><\/p>\n<p><img decoding=\"async\" src=\"https:\/\/bihavadis.com\/wp-content\/uploads\/2026\/03\/elazigda-tartistigi-kisiyi-tabanca-ile-vurup-tekmeleyen-supheli-tutuklandi-5-dSzm7xiX.jpg\"\/><\/p>\n<p><img decoding=\"async\" src=\"https:\/\/bihavadis.com\/wp-content\/uploads\/2026\/03\/elazigda-tartistigi-kisiyi-tabanca-ile-vurup-tekmeleyen-supheli-tutuklandi-6-FIzO1rar.jpg\"\/> <\/p>\n<div> <span><strong>Kaynak:<\/strong> Demir\u00f6ren Haber Ajans\u0131 (DHA)<\/span> <\/div>\n","protected":false},"excerpt":{"rendered":"<p>Elaz\u0131\u011f&#8217;da M.A.A. ile M.K. aras\u0131nda bilinmeyen nedenle tart\u0131\u015fma \u00e7\u0131kt\u0131. Tart\u0131\u015fman\u0131n b\u00fcy\u00fcmesi \u00fczerine M.K., belinden \u00e7\u0131kard\u0131\u011f\u0131 tabancayla M.A.A.&#8217;ya ate\u015f etti. SALDIRI ANLARI G\u00dcVENL\u0130K KAMERASINDA Yaralanan M.A.A., yere y\u0131\u011f\u0131ld\u0131. \u015e\u00fcphelinin yaral\u0131y\u0131 &#8230;<\/p>\n","protected":false},"author":1,"featured_media":54137,"comment_status":"open","ping_status":"open","sticky":false,"template":"","format":"standard","meta":{"footnotes":""},"categories":[4,13],"tags":[246],"class_list":["post-54136","post","type-post","status-publish","format-standard","has-post-thumbnail","hentry","category-gundem","category-son-dakika","tag-supheli"],"_links":{"self":[{"href":"https:\/\/bihavadis.com\/index.php\/wp-json\/wp\/v2\/posts\/54136","targetHints":{"allow":["GET"]}}],"collection":[{"href":"https:\/\/bihavadis.com\/index.php\/wp-json\/wp\/v2\/posts"}],"about":[{"href":"https:\/\/bihavadis.com\/index.php\/wp-json\/wp\/v2\/types\/post"}],"author":[{"embeddable":true,"href":"https:\/\/bihavadis.com\/index.php\/wp-json\/wp\/v2\/users\/1"}],"replies":[{"embeddable":true,"href":"https:\/\/bihavadis.com\/index.php\/wp-json\/wp\/v2\/comments?post=54136"}],"version-history":[{"count":1,"href":"https:\/\/bihavadis.com\/index.php\/wp-json\/wp\/v2\/posts\/54136\/revisions"}],"predecessor-version":[{"id":54145,"href":"https:\/\/bihavadis.com\/index.php\/wp-json\/wp\/v2\/posts\/54136\/revisions\/54145"}],"wp:featuredmedia":[{"embeddable":true,"href":"https:\/\/bihavadis.com\/index.php\/wp-json\/wp\/v2\/media\/54137"}],"wp:attachment":[{"href":"https:\/\/bihavadis.com\/index.php\/wp-json\/wp\/v2\/media?parent=54136"}],"wp:term":[{"taxonomy":"category","embeddable":true,"href":"https:\/\/bihavadis.com\/index.php\/wp-json\/wp\/v2\/categories?post=54136"},{"taxonomy":"post_tag","embeddable":true,"href":"https:\/\/bihavadis.com\/index.php\/wp-json\/wp\/v2\/tags?post=54136"}],"curies":[{"name":"wp","href":"https:\/\/api.w.org\/{rel}","templated":true}]}}