{"id":54173,"date":"2026-03-01T02:18:07","date_gmt":"2026-03-01T02:18:07","guid":{"rendered":"https:\/\/bihavadis.com\/?p=54173"},"modified":"2026-03-01T02:18:07","modified_gmt":"2026-03-01T02:18:07","slug":"sariyer-ile-amed-sportif-faaliyetler-berabere-kaldi","status":"publish","type":"post","link":"https:\/\/bihavadis.com\/index.php\/2026\/03\/01\/sariyer-ile-amed-sportif-faaliyetler-berabere-kaldi\/","title":{"rendered":"Sar\u0131yer ile Amed Sportif Faaliyetler berabere kald\u0131"},"content":{"rendered":"<p>1. Lig&#8217;in 26. haftas\u0131nda Sar\u0131yer ile Amed Sportif Faaliyetler kar\u015f\u0131 kar\u015f\u0131ya geldi.<\/p>\n<p>Yusuf Ziya \u00d6ni\u015f Stadyumu&#8217;nda oynanan ma\u00e7 1-1 sona erdi.<\/p>\n<p>Konuk ekip Amed Sportif Faaliyetler, 16. dakikada Marcos Silva&#8217;n\u0131n kendi kalesine att\u0131\u011f\u0131 golle 1-0 \u00f6ne ge\u00e7ti.<\/p>\n<p>Amed Sportif Faaliyetler&#8217;de Hasan Ali Kald\u0131r\u0131m, 60. dakikada ikinci sar\u0131dan k\u0131rm\u0131z\u0131 kart g\u00f6rd\u00fc ve tak\u0131m\u0131n\u0131 10 ki\u015fi b\u0131rakt\u0131.<\/p>\n<p>Ev sahibi ekip Sar\u0131yer, 85. dakikada Emeka Friday Eze&#8217;nin penalt\u0131 gol\u00fcyle sahadan 1-1&#8217;lik e\u015fitlikle ayr\u0131ld\u0131.<\/p>\n<p><img decoding=\"async\" src=\"https:\/\/bihavadis.com\/wp-content\/uploads\/2026\/03\/sariyer-ile-amed-sportif-faaliyetler-berabere-kaldi-0-BhXvl7MM.jpg\"\/><\/p>\n<p><strong>MESUT BAKKAL D\u00d6NEM\u0130 BERABERL\u0130KLE BA\u015eLADI<\/strong><\/p>\n<p>Yeni teknik direkt\u00f6r\u00fc Mesut Bakkal ile ilk ma\u00e7\u0131na \u00e7\u0131kan Amed Sportif Faaliyetler, Bakkal d\u00f6nemine beraberlikle ba\u015flad\u0131.<\/p>\n<p><strong>L\u0130GDEK\u0130 SON DURUM<\/strong><\/p>\n<p>Bu sonucun ard\u0131ndan Amed Sportif Faaliyetler 51, Sar\u0131yer 31 puana y\u00fckseldi.<\/p>\n<p>Ligin bir sonraki haftas\u0131nda Amed Sportif Faaliyetler, sahas\u0131nda Van Spor&#8217;u a\u011f\u0131rlayacak. Sar\u0131yer, Adana Demirspor&#8217;u konuk edecek.<\/p>\n<p><img decoding=\"async\" src=\"https:\/\/bihavadis.com\/wp-content\/uploads\/2026\/03\/sariyer-ile-amed-sportif-faaliyetler-berabere-kaldi-1-1vZdqaru.jpg\"\/> <\/p>\n<div> <span><strong>Kaynak:<\/strong> Ensonhaber Haber Merkezi<\/span> <\/div>\n","protected":false},"excerpt":{"rendered":"<p>1. Lig&#8217;in 26. haftas\u0131nda Sar\u0131yer ile Amed Sportif Faaliyetler kar\u015f\u0131 kar\u015f\u0131ya geldi. Yusuf Ziya \u00d6ni\u015f Stadyumu&#8217;nda oynanan ma\u00e7 1-1 sona erdi. Konuk ekip Amed Sportif Faaliyetler, 16. dakikada Marcos Silva&#8217;n\u0131n kendi kalesine att\u0131\u011f\u0131 golle 1-0 \u00f6ne ge\u00e7ti &#8230;<\/p>\n","protected":false},"author":1,"featured_media":54174,"comment_status":"open","ping_status":"open","sticky":false,"template":"","format":"standard","meta":{"footnotes":""},"categories":[14],"tags":[2850],"class_list":["post-54173","post","type-post","status-publish","format-standard","has-post-thumbnail","hentry","category-spor","tag-amed-sportif-faaliyetler"],"_links":{"self":[{"href":"https:\/\/bihavadis.com\/index.php\/wp-json\/wp\/v2\/posts\/54173","targetHints":{"allow":["GET"]}}],"collection":[{"href":"https:\/\/bihavadis.com\/index.php\/wp-json\/wp\/v2\/posts"}],"about":[{"href":"https:\/\/bihavadis.com\/index.php\/wp-json\/wp\/v2\/types\/post"}],"author":[{"embeddable":true,"href":"https:\/\/bihavadis.com\/index.php\/wp-json\/wp\/v2\/users\/1"}],"replies":[{"embeddable":true,"href":"https:\/\/bihavadis.com\/index.php\/wp-json\/wp\/v2\/comments?post=54173"}],"version-history":[{"count":1,"href":"https:\/\/bihavadis.com\/index.php\/wp-json\/wp\/v2\/posts\/54173\/revisions"}],"predecessor-version":[{"id":54177,"href":"https:\/\/bihavadis.com\/index.php\/wp-json\/wp\/v2\/posts\/54173\/revisions\/54177"}],"wp:featuredmedia":[{"embeddable":true,"href":"https:\/\/bihavadis.com\/index.php\/wp-json\/wp\/v2\/media\/54174"}],"wp:attachment":[{"href":"https:\/\/bihavadis.com\/index.php\/wp-json\/wp\/v2\/media?parent=54173"}],"wp:term":[{"taxonomy":"category","embeddable":true,"href":"https:\/\/bihavadis.com\/index.php\/wp-json\/wp\/v2\/categories?post=54173"},{"taxonomy":"post_tag","embeddable":true,"href":"https:\/\/bihavadis.com\/index.php\/wp-json\/wp\/v2\/tags?post=54173"}],"curies":[{"name":"wp","href":"https:\/\/api.w.org\/{rel}","templated":true}]}}