{"id":54281,"date":"2026-03-01T03:51:08","date_gmt":"2026-03-01T03:51:08","guid":{"rendered":"https:\/\/bihavadis.com\/?p=54281"},"modified":"2026-03-01T03:51:08","modified_gmt":"2026-03-01T03:51:08","slug":"trabzonspor-gaziantep-fk-maci-hazirliklarina-devam-etti","status":"publish","type":"post","link":"https:\/\/bihavadis.com\/index.php\/2026\/03\/01\/trabzonspor-gaziantep-fk-maci-hazirliklarina-devam-etti\/","title":{"rendered":"Trabzonspor, Gaziantep FK ma\u00e7\u0131 haz\u0131rl\u0131klar\u0131na devam etti"},"content":{"rendered":"<p>Trabzonspor, S\u00fcper Lig&#8217;in 23. haftas\u0131nda 22 \u015eubat Pazar g\u00fcn\u00fc deplasmanda oynayaca\u011f\u0131 Gaziantep FK ma\u00e7\u0131n\u0131n haz\u0131rl\u0131klar\u0131n\u0131 s\u00fcrd\u00fcrd\u00fc.<\/p>\n<p>Mehmet Ali Y\u0131lmaz Tesisleri&#8217;nde teknik direkt\u00f6r Fatih Tekke y\u00f6netiminde ger\u00e7ekle\u015ftirilen antrenman\u0131n ilk b\u00f6l\u00fcm\u00fcnde \u0131s\u0131nma \u00e7al\u0131\u015fmas\u0131 yap\u0131ld\u0131.<\/p>\n<p>5&#8217;e 2 \u00e7al\u0131\u015fmas\u0131yla devam eden antrenman, taktik oyunla sona erdi.<\/p>\n<p><strong>HAZIRLIKLAR S\u00dcRECEK<\/strong><\/p>\n<p>Bordo-mavililer, Gaziantep FK ma\u00e7\u0131n\u0131n haz\u0131rl\u0131klar\u0131na yar\u0131n yapaca\u011f\u0131 antrenmanla devam edecek.<\/p>\n<p><img decoding=\"async\" src=\"https:\/\/bihavadis.com\/wp-content\/uploads\/2026\/03\/trabzonspor-gaziantep-fk-maci-hazirliklarina-devam-etti-0-3sL3ctXy.jpg\"\/><\/p>\n<p><img decoding=\"async\" src=\"https:\/\/bihavadis.com\/wp-content\/uploads\/2026\/03\/trabzonspor-gaziantep-fk-maci-hazirliklarina-devam-etti-1-MFDfu3mA.jpg\"\/><\/p>\n<p><img decoding=\"async\" src=\"https:\/\/bihavadis.com\/wp-content\/uploads\/2026\/03\/trabzonspor-gaziantep-fk-maci-hazirliklarina-devam-etti-2-6ZCKhyhp.jpg\"\/> <\/p>\n<div> <span><strong>Kaynak:<\/strong> Ensonhaber Haber Merkezi<\/span> <\/div>\n","protected":false},"excerpt":{"rendered":"<p>Trabzonspor, S\u00fcper Lig&#8217;in 23. haftas\u0131nda 22 \u015eubat Pazar g\u00fcn\u00fc deplasmanda oynayaca\u011f\u0131 Gaziantep FK ma\u00e7\u0131n\u0131n haz\u0131rl\u0131klar\u0131n\u0131 s\u00fcrd\u00fcrd\u00fc. Mehmet Ali Y\u0131lmaz Tesisleri&#8217;nde teknik direkt\u00f6r Fatih Tekke y\u00f6netiminde ger\u00e7ekle\u015ftirilen antrenman\u0131n ilk b\u00f6l\u00fcm\u00fcnde &#8230;<\/p>\n","protected":false},"author":1,"featured_media":54282,"comment_status":"open","ping_status":"open","sticky":false,"template":"","format":"standard","meta":{"footnotes":""},"categories":[14],"tags":[],"class_list":["post-54281","post","type-post","status-publish","format-standard","has-post-thumbnail","hentry","category-spor"],"_links":{"self":[{"href":"https:\/\/bihavadis.com\/index.php\/wp-json\/wp\/v2\/posts\/54281","targetHints":{"allow":["GET"]}}],"collection":[{"href":"https:\/\/bihavadis.com\/index.php\/wp-json\/wp\/v2\/posts"}],"about":[{"href":"https:\/\/bihavadis.com\/index.php\/wp-json\/wp\/v2\/types\/post"}],"author":[{"embeddable":true,"href":"https:\/\/bihavadis.com\/index.php\/wp-json\/wp\/v2\/users\/1"}],"replies":[{"embeddable":true,"href":"https:\/\/bihavadis.com\/index.php\/wp-json\/wp\/v2\/comments?post=54281"}],"version-history":[{"count":1,"href":"https:\/\/bihavadis.com\/index.php\/wp-json\/wp\/v2\/posts\/54281\/revisions"}],"predecessor-version":[{"id":54286,"href":"https:\/\/bihavadis.com\/index.php\/wp-json\/wp\/v2\/posts\/54281\/revisions\/54286"}],"wp:featuredmedia":[{"embeddable":true,"href":"https:\/\/bihavadis.com\/index.php\/wp-json\/wp\/v2\/media\/54282"}],"wp:attachment":[{"href":"https:\/\/bihavadis.com\/index.php\/wp-json\/wp\/v2\/media?parent=54281"}],"wp:term":[{"taxonomy":"category","embeddable":true,"href":"https:\/\/bihavadis.com\/index.php\/wp-json\/wp\/v2\/categories?post=54281"},{"taxonomy":"post_tag","embeddable":true,"href":"https:\/\/bihavadis.com\/index.php\/wp-json\/wp\/v2\/tags?post=54281"}],"curies":[{"name":"wp","href":"https:\/\/api.w.org\/{rel}","templated":true}]}}