{"id":54308,"date":"2026-03-01T04:12:07","date_gmt":"2026-03-01T04:12:07","guid":{"rendered":"https:\/\/bihavadis.com\/?p=54308"},"modified":"2026-03-01T04:12:07","modified_gmt":"2026-03-01T04:12:07","slug":"senol-gunesten-futbol-aciklamalari","status":"publish","type":"post","link":"https:\/\/bihavadis.com\/index.php\/2026\/03\/01\/senol-gunesten-futbol-aciklamalari\/","title":{"rendered":"\u015eenol G\u00fcne\u015f&#8217;ten Futbol A\u00e7\u0131klamalar\u0131"},"content":{"rendered":"<p>T\u00fcrk futbolunun \u00f6nemli teknik direkt\u00f6rlerinden \u015eenol G\u00fcne\u015f, &#8220;Galatasaray-Fenerbah\u00e7e rekabeti, biraz \u00f6n plana \u00e7\u0131k\u0131yor. Bu hem Galatasaray&#8217;a hem de Fenerbah\u00e7e&#8217;ye zarar veriyor. Zirvede 5-6 tak\u0131m m\u00fccadele etse, futbolda daha adaletli bir yar\u0131\u015fma olur&#8221; dedi.<\/p>\n<p>T\u00fcrk sporunun \u00f6nemli isimlerini bir araya getiren Brand&#038;Sport Summit organizasyonunda Trabzonspor, Be\u015fikta\u015f ve A Milli Futbol Tak\u0131m\u0131&#8217;n\u0131 da \u00e7al\u0131\u015ft\u0131ran Teknik Direkt\u00f6r \u015eenol G\u00fcne\u015f de yer ald\u0131. G\u00fcne\u015f, \u00f6nce oturuma kat\u0131l\u0131p ard\u0131ndan bas\u0131n mensuplar\u0131n\u0131n sorular\u0131n\u0131 yan\u0131tlad\u0131. Futboldaki bahis soru\u015fturmas\u0131na de\u011finen G\u00fcne\u015f, &#8220;Futbolda \u015fu anda bahis olay\u0131 sak\u0131ncal\u0131. G\u00fcndemde olan \u015fey o. Herkesin bundan rahats\u0131z oldu\u011funu d\u00fc\u015f\u00fcn\u00fcyorum. Bunlardan uzak durmak, toplumun yarar\u0131na olur. Bahis, bilmedi\u011fim bir konu. Bahislerin olumsuzluklar\u0131n\u0131 konu\u015facak zaman da yok. Artarak gidiyor. Bu durum futbola yans\u0131d\u0131. Su\u00e7 varsa, cezas\u0131n\u0131 biri \u00e7ekmelidir&#8221; \u015feklinde konu\u015ftu.<\/p>\n<p>&#8220;Bahis soru\u015fturmas\u0131nda zamanlama yanl\u0131\u015fl\u0131\u011f\u0131 var&#8221;<\/p>\n<p>Bahis soru\u015fturmas\u0131n\u0131n zamanlamas\u0131n\u0131n hatal\u0131 oldu\u011funu belirten tecr\u00fcbeli \u00e7al\u0131\u015ft\u0131r\u0131c\u0131, &#8220;Soru\u015fturmay\u0131 ya sezon ba\u015f\u0131nda ya da sezon sonunda yapmal\u0131yd\u0131k. Bunu sezon ortas\u0131nda yapt\u0131\u011f\u0131n\u0131zla lig bitiyor. Profesyonel futbolculuk ve antren\u00f6rl\u00fck, meslek olarak hala tam oturmad\u0131. Alt liglerde bu i\u015fler daha fazla. S\u00fcper Lig&#8217;de iki tane isim var. Cezaevine giriyorlar ve \u00fcz\u00fcl\u00fcyorsunuz. Ba\u015fka bir oyuncu da Profesyonel Futbol Disiplin Kurulu&#8217;ndan ceza yiyor. Bir tak\u0131mdan 9-10 oyuncunun ceza ald\u0131\u011f\u0131n\u0131 d\u00fc\u015f\u00fcn\u00fcn. Lig bitiyor. Zamanlama yanl\u0131\u015fl\u0131\u011f\u0131 var&#8221; ifadelerini kulland\u0131.<\/p>\n<p>&#8220;Futbol hayat\u0131mla ilgili kitap ve belgesel haz\u0131rl\u0131yorum&#8221;<\/p>\n<p>Yakla\u015f\u0131k 1 y\u0131ld\u0131r tak\u0131m \u00e7al\u0131\u015ft\u0131rmad\u0131\u011f\u0131n\u0131, futbol hayat\u0131yla ilgili kitap ve belgesel haz\u0131rlad\u0131\u011f\u0131n\u0131 aktaran G\u00fcne\u015f, &#8220;Teknik direkt\u00f6rl\u00fc\u011fe devam eder miyim, bilmiyorum. Onunla ilgili karar\u0131m yok. Beklentim de yok. Yapay zekaya soruyorum. \u0130tibar\u0131m\u0131 zedelemeyecek bir i\u015f yapmal\u0131y\u0131m. Ben \u015fu anda dinlenmeden yanay\u0131m. Futbol hayat\u0131mla ilgili kitap ve belgesel haz\u0131rl\u0131yorum. Teknik direkt\u00f6rl\u00fckle ilgili hen\u00fcz net bir karar\u0131m yok&#8221; a\u00e7\u0131klamas\u0131nda bulundu.<\/p>\n<p>&#8220;Galatasaray&#8217;\u0131n Juventus ma\u00e7\u0131n\u0131n iyi ge\u00e7ece\u011fini d\u00fc\u015f\u00fcn\u00fcyorum&#8221;<\/p>\n<p>T\u00fcrk kul\u00fcplerinin bu sezon Avrupa kupalar\u0131ndaki performanslar\u0131n\u0131 de\u011ferlendiren deneyimli teknik adam, &#8220;Avrupa kupalar\u0131nda mart ay\u0131n\u0131 g\u00f6r\u00fcyoruz. Bu \u00e7ok g\u00fczel. Yat\u0131r\u0131mlar \u00e7ok b\u00fcy\u00fck. Daha da iyi sonu\u00e7lar bekliyoruz. Samsunpsor&#8217;un ba\u015far\u0131s\u0131n\u0131 tebrik ediyorum. Tecr\u00fcbeleri yok ama gayet iyi gidiyorlar. Galatasaray ve Fenerbah\u00e7e&#8217;nin tecr\u00fcbeleri var. Galatasaray&#8217;\u0131n UEFA \u015eampiyonlar Ligi&#8217;nde \u015fans\u0131 var. Lig a\u015famas\u0131nda biraz a\u015fa\u011f\u0131da kald\u0131 ama tekrar yukar\u0131ya \u00e7\u0131kabilir. Juventus ma\u00e7\u0131n\u0131n iyi ge\u00e7ece\u011fini d\u00fc\u015f\u00fcn\u00fcyorum. Fenerbah\u00e7e&#8217;nin de UEFA Avrupa Ligi&#8217;nde \u015fans\u0131 var. B\u00fct\u00fcn tak\u0131mlara ba\u015far\u0131lar diliyorum&#8221; \u015feklinde konu\u015ftu.<\/p>\n<p>&#8220;D\u00fcnya Kupas\u0131 i\u00e7in \u00e7ok b\u00fcy\u00fck \u015fans\u0131m\u0131z var&#8221;<\/p>\n<p>A Milli Futbol Tak\u0131m\u0131&#8217;n\u0131n D\u00fcnya Kupas\u0131 \u015fans\u0131na ili\u015fkin g\u00f6r\u00fc\u015flerini de payla\u015fan \u015eenol G\u00fcne\u015f, &#8220;Genel olarak \u00e7ok b\u00fcy\u00fck \u015fans\u0131m\u0131z var. Garanti demek do\u011fru de\u011fil. Ka\u011f\u0131t \u00fczerinde Romanya, Slovakya ve Kosova&#8217;y\u0131 ge\u00e7ebiliriz. Tak\u0131m\u0131n iyi bir ambiyans\u0131 var. \u0130yi bir hocam\u0131z var. Y\u00f6netim ve T\u00fcrkiye \u00e7ok heyecanl\u0131. Bizim d\u00f6nemimizde yar\u0131m as\u0131r sonra D\u00fcnya Kupas\u0131na kat\u0131lm\u0131\u015ft\u0131k. \u015eimdi \u00e7eyrek as\u0131r sonra kat\u0131lma \u015fans\u0131m\u0131z var. \u0130n\u015fallah D\u00fcnya Kupas\u0131&#8217;na kat\u0131l\u0131r\u0131z&#8221; c\u00fcmlelerine yer verdi.<\/p>\n<p>&#8220;Galatasaray-Fenerbah\u00e7e rekabeti \u00f6ne \u00e7\u0131k\u0131yor, bu iki tak\u0131ma da zarar veriyor&#8221;<\/p>\n<p>Son olarak Trendyol S\u00fcper Lig&#8217;deki \u015fampiyonluk yar\u0131\u015f\u0131na dair de g\u00f6r\u00fc\u015flerini bildiren G\u00fcne\u015f, &#8220;Ka\u011f\u0131t \u00fczerinde Galatasaray, Fenerbah\u00e7e, Be\u015fikta\u015f ve Trabzonspor&#8217;un iddias\u0131 var. Galatasaray-Fenerbah\u00e7e rekabeti, biraz \u00f6n plana \u00e7\u0131k\u0131yor. Bu hem Galatasaray&#8217;a hem de Fenerbah\u00e7e&#8217;ye zarar veriyor. Zirvede 5-6 tak\u0131m m\u00fccadele etse, futbolda daha adaletli bir yar\u0131\u015fma olur. Tak\u0131m say\u0131s\u0131 azald\u0131k\u00e7a, iki kul\u00fcp aras\u0131ndaki rekabet, kavgaya d\u00f6n\u00fc\u015f\u00fcyor. Hak edenin kazanaca\u011f\u0131 bir yar\u0131\u015f olmas\u0131 i\u00e7in kaybetti\u011fi zaman kar\u015f\u0131 tarafa sayg\u0131 duymal\u0131s\u0131n\u0131z. \u015eu anda b\u00f6yle olmuyor. Kazanmak i\u00e7in hakem ve federasyon su\u00e7lan\u0131yor. Bu d\u00f6rt tak\u0131m, T\u00fcrkiye&#8217;nin lokomotifi. Di\u011fer tak\u0131mlar da bu kul\u00fcpleri \u00f6rnek al\u0131yor. Galatasaray, Fenerbah\u00e7e, Be\u015fikta\u015f ve Trabzonspor, di\u011fer tak\u0131mlara \u00f6rnek olmal\u0131lar&#8221; diyerek s\u00f6zlerini tamamlad\u0131. &#8211; \u0130STANBUL<\/p>\n","protected":false},"excerpt":{"rendered":"<p>G\u00fcne\u015f, Galatasaray-Fenerbah\u00e7e rekabetinin zarar verdi\u011fini ve bahis soru\u015fturmas\u0131n\u0131n zamanlamas\u0131n\u0131 ele\u015ftirdi.<\/p>\n","protected":false},"author":1,"featured_media":54309,"comment_status":"open","ping_status":"open","sticky":false,"template":"","format":"standard","meta":{"footnotes":""},"categories":[14],"tags":[365,496,597,366,211],"class_list":["post-54308","post","type-post","status-publish","format-standard","has-post-thumbnail","hentry","category-spor","tag-futbol","tag-galatasaray","tag-lig","tag-takim","tag-var"],"_links":{"self":[{"href":"https:\/\/bihavadis.com\/index.php\/wp-json\/wp\/v2\/posts\/54308","targetHints":{"allow":["GET"]}}],"collection":[{"href":"https:\/\/bihavadis.com\/index.php\/wp-json\/wp\/v2\/posts"}],"about":[{"href":"https:\/\/bihavadis.com\/index.php\/wp-json\/wp\/v2\/types\/post"}],"author":[{"embeddable":true,"href":"https:\/\/bihavadis.com\/index.php\/wp-json\/wp\/v2\/users\/1"}],"replies":[{"embeddable":true,"href":"https:\/\/bihavadis.com\/index.php\/wp-json\/wp\/v2\/comments?post=54308"}],"version-history":[{"count":1,"href":"https:\/\/bihavadis.com\/index.php\/wp-json\/wp\/v2\/posts\/54308\/revisions"}],"predecessor-version":[{"id":54310,"href":"https:\/\/bihavadis.com\/index.php\/wp-json\/wp\/v2\/posts\/54308\/revisions\/54310"}],"wp:featuredmedia":[{"embeddable":true,"href":"https:\/\/bihavadis.com\/index.php\/wp-json\/wp\/v2\/media\/54309"}],"wp:attachment":[{"href":"https:\/\/bihavadis.com\/index.php\/wp-json\/wp\/v2\/media?parent=54308"}],"wp:term":[{"taxonomy":"category","embeddable":true,"href":"https:\/\/bihavadis.com\/index.php\/wp-json\/wp\/v2\/categories?post=54308"},{"taxonomy":"post_tag","embeddable":true,"href":"https:\/\/bihavadis.com\/index.php\/wp-json\/wp\/v2\/tags?post=54308"}],"curies":[{"name":"wp","href":"https:\/\/api.w.org\/{rel}","templated":true}]}}