{"id":54382,"date":"2026-03-01T05:09:05","date_gmt":"2026-03-01T05:09:05","guid":{"rendered":"https:\/\/bihavadis.com\/?p=54382"},"modified":"2026-03-01T05:09:05","modified_gmt":"2026-03-01T05:09:05","slug":"refah-sinir-kapisindan-gecisler-devam-ediyor","status":"publish","type":"post","link":"https:\/\/bihavadis.com\/index.php\/2026\/03\/01\/refah-sinir-kapisindan-gecisler-devam-ediyor\/","title":{"rendered":"Refah S\u0131n\u0131r Kap\u0131s\u0131&#8217;ndan Ge\u00e7i\u015fler Devam Ediyor"},"content":{"rendered":"<p> Avrupa Birli\u011fi (AB) yetkilisi, Gazze \u015eeridi ile M\u0131s\u0131r aras\u0131ndaki Refah S\u0131n\u0131r Kap\u0131s\u0131&#8217;ndan d\u00fcn \u00e7ift y\u00f6nl\u00fc olarak 25&#8217;er yayan\u0131n ge\u00e7i\u015f yapt\u0131\u011f\u0131n\u0131 bildirdi.<\/p>\n<p>\u0130srail ile Hamas aras\u0131ndaki ate\u015fkes anla\u015fmas\u0131 kapsam\u0131nda Pazartesi g\u00fcn\u00fc s\u0131n\u0131rl\u0131 bir \u015fekilde yeniden a\u00e7\u0131lan Refah S\u0131n\u0131r Kap\u0131s\u0131&#8217;ndan ge\u00e7i\u015fler s\u00fcr\u00fcyor. Gazze&#8217;ye giri\u015f i\u00e7in g\u00fcnl\u00fck 50 ki\u015fiye, Gazze&#8217;den M\u0131s\u0131r&#8217;a \u00e7\u0131k\u0131\u015f i\u00e7in ise en fazla 150 ki\u015fiye izin verilmesi \u00f6ng\u00f6r\u00fcl\u00fcrken, d\u00fcn ya\u015fanan ge\u00e7i\u015f trafi\u011fi bu say\u0131lar\u0131n alt\u0131nda kald\u0131. Avrupa Birli\u011fi (AB) yetkilisi, Refah S\u0131n\u0131r Kap\u0131s\u0131&#8217;ndan d\u00fcn \u00e7ift y\u00f6nl\u00fc olarak 25&#8217;er yayan\u0131n ge\u00e7ti\u011fini bildirdi. Yetkiliye g\u00f6re, M\u0131s\u0131r&#8217;a ge\u00e7en 25 Gazzeli aras\u0131nda hastalar ve onlara e\u015flik eden aile \u00fcyeleri yer ald\u0131.<\/p>\n<p>Ge\u00e7i\u015fine izin verilmeyen ki\u015fi say\u0131s\u0131n\u0131n ka\u00e7 oldu\u011fu ise bilinmiyor. Giri\u015f ya da \u00e7\u0131k\u0131\u015f yapmak isteyen Filistinlilerin M\u0131s\u0131r&#8217;dan onay almas\u0131 gerekiyor<\/p>\n<p>Gazze \u015eeridin&#8217;den \u00e7\u0131k\u0131\u015flar, 50&#8217;si t\u0131bbi hasta olmak \u00fczere, her hastaya en fazla iki refakat\u00e7i e\u015flik edecek \u015fekilde planland\u0131. Gazze&#8217;ye giri\u015f ya da \u00e7\u0131k\u0131\u015f yapmak isteyen t\u00fcm Filistinlilerin M\u0131s\u0131r&#8217;dan onay almas\u0131 gerekiyor. M\u0131s\u0131r, onaylanan isimleri \u0130srail&#8217;in i\u00e7 g\u00fcvenlik te\u015fkilat\u0131 Shin Bet&#8217;e g\u00f6ndererek g\u00fcvenlik kontrol\u00fcnden ge\u00e7iriyor. \u0130srail, Gazzelilerin M\u0131s\u0131r&#8217;a \u00e7\u0131k\u0131\u015f\u0131n\u0131 uzaktan denetliyor. Bir kontrol odas\u0131ndan g\u00f6rev yapan \u0130srailli yetkililer, y\u00fcz tan\u0131ma yaz\u0131l\u0131m\u0131 kullanarak s\u0131n\u0131rdan \u00e7\u0131kan ki\u015filerin onayl\u0131 isimler listesinde yer al\u0131p almad\u0131\u011f\u0131n\u0131 do\u011fruluyor ve ard\u0131ndan ge\u00e7i\u015fe izin vermek i\u00e7in kap\u0131y\u0131 a\u00e7\u0131yor.<\/p>\n<p>Ge\u00e7i\u015fler ask\u0131ya al\u0131nm\u0131\u015ft\u0131<\/p>\n<p>Filistin K\u0131z\u0131lay\u0131 d\u00fcn Refah S\u0131n\u0131r Kap\u0131s\u0131 \u00fczerinden yap\u0131lmas\u0131 planlanan \u00fc\u00e7\u00fcnc\u00fc grup hasta ve yaral\u0131 tahliyesinin ask\u0131ya al\u0131nd\u0131\u011f\u0131n\u0131 duyurmu\u015ftu.<\/p>\n<p>\u0130srail ordusuna ba\u011fl\u0131 Filistin Topraklar\u0131ndaki H\u00fck\u00fcmet Aktivitelerini Koordinasyon Birimi (COGAT) taraf\u0131ndan konuya ili\u015fkin yap\u0131lan a\u00e7\u0131klamada ise, &#8220;Refah S\u0131n\u0131r Kap\u0131s\u0131, sabah saatlerinde anla\u015fma ve \u0130srail&#8217;in taahh\u00fcd\u00fc do\u011frultusunda her zamanki gibi a\u00e7\u0131ld\u0131&#8221; denilmi\u015fti.<\/p>\n<p>\u0130lk g\u00fcn 12 ki\u015fi ge\u00e7mi\u015fti<\/p>\n<p>Refah S\u0131n\u0131r Kap\u0131s\u0131&#8217;nda g\u00f6revli yetkililer, s\u0131n\u0131r kap\u0131s\u0131n\u0131n \u00e7ift y\u00f6nl\u00fc a\u00e7\u0131l\u0131\u015f\u0131n\u0131n ilk g\u00fcn\u00fcnde 5 hasta ile 7 refakat\u00e7inin M\u0131s\u0131r&#8217;a ge\u00e7i\u015f yapt\u0131\u011f\u0131n\u0131 bildirmi\u015fti. &#8211; REFAH<\/p>\n","protected":false},"excerpt":{"rendered":"<p>Refah S\u0131n\u0131r Kap\u0131s\u0131&#8217;ndan d\u00fcn 25 Gazzeli \u00e7ift y\u00f6nl\u00fc ge\u00e7i\u015f yapt\u0131, t\u0131bbi hasta ve refakat\u00e7iler ge\u00e7ti.<\/p>\n","protected":false},"author":1,"featured_media":54383,"comment_status":"open","ping_status":"open","sticky":false,"template":"","format":"standard","meta":{"footnotes":""},"categories":[12],"tags":[557,1411,899,5139,4401],"class_list":["post-54382","post","type-post","status-publish","format-standard","has-post-thumbnail","hentry","category-siyaset","tag-gazze","tag-gecis","tag-misir","tag-refah","tag-sinir-kapisi"],"_links":{"self":[{"href":"https:\/\/bihavadis.com\/index.php\/wp-json\/wp\/v2\/posts\/54382","targetHints":{"allow":["GET"]}}],"collection":[{"href":"https:\/\/bihavadis.com\/index.php\/wp-json\/wp\/v2\/posts"}],"about":[{"href":"https:\/\/bihavadis.com\/index.php\/wp-json\/wp\/v2\/types\/post"}],"author":[{"embeddable":true,"href":"https:\/\/bihavadis.com\/index.php\/wp-json\/wp\/v2\/users\/1"}],"replies":[{"embeddable":true,"href":"https:\/\/bihavadis.com\/index.php\/wp-json\/wp\/v2\/comments?post=54382"}],"version-history":[{"count":1,"href":"https:\/\/bihavadis.com\/index.php\/wp-json\/wp\/v2\/posts\/54382\/revisions"}],"predecessor-version":[{"id":54384,"href":"https:\/\/bihavadis.com\/index.php\/wp-json\/wp\/v2\/posts\/54382\/revisions\/54384"}],"wp:featuredmedia":[{"embeddable":true,"href":"https:\/\/bihavadis.com\/index.php\/wp-json\/wp\/v2\/media\/54383"}],"wp:attachment":[{"href":"https:\/\/bihavadis.com\/index.php\/wp-json\/wp\/v2\/media?parent=54382"}],"wp:term":[{"taxonomy":"category","embeddable":true,"href":"https:\/\/bihavadis.com\/index.php\/wp-json\/wp\/v2\/categories?post=54382"},{"taxonomy":"post_tag","embeddable":true,"href":"https:\/\/bihavadis.com\/index.php\/wp-json\/wp\/v2\/tags?post=54382"}],"curies":[{"name":"wp","href":"https:\/\/api.w.org\/{rel}","templated":true}]}}