{"id":54493,"date":"2026-03-01T06:24:06","date_gmt":"2026-03-01T06:24:06","guid":{"rendered":"https:\/\/bihavadis.com\/?p=54493"},"modified":"2026-03-01T06:24:06","modified_gmt":"2026-03-01T06:24:06","slug":"gazze-baris-kurulu-toplantisinda-abdden-turkiyeye-tesekkur","status":"publish","type":"post","link":"https:\/\/bihavadis.com\/index.php\/2026\/03\/01\/gazze-baris-kurulu-toplantisinda-abdden-turkiyeye-tesekkur\/","title":{"rendered":"Gazze Bar\u0131\u015f Kurulu toplant\u0131s\u0131nda ABD&#8217;den T\u00fcrkiye&#8217;ye te\u015fekk\u00fcr"},"content":{"rendered":"<p>Gazze&#8217;de ikinci a\u015famaya ge\u00e7ildi.<\/p>\n<p>B\u00f6lgede \u0130srail ile Hamas aras\u0131nda imzalanan ate\u015fkese ra\u011fmen \u00f6l\u00fcmler ya\u015fanmaya devam ederken, diplomasi trafi\u011fi de e\u015f zamanl\u0131 olarak s\u00fcr\u00fcyor.<\/p>\n<p>Geli\u015fmeler dikkatle takip edilirken, bir yandan da\u00a0ABD Ba\u015fkan\u0131 Donald Trump&#8217;\u0131n ba\u015fkanl\u0131\u011f\u0131nda kurulan Gazze Bar\u0131\u015f Kurulu&#8217;nun ilk toplant\u0131s\u0131, Washington&#8217;daki Bar\u0131\u015f Enstit\u00fcs\u00fc&#8217;nde yap\u0131ld\u0131.<\/p>\n<p><strong>HAKAN F\u0130DAN DA KATILDI<\/strong><\/p>\n<p>T\u00fcrkiye&#8217;yi temsilen Cumhurba\u015fkan\u0131 Recep Tayyip Erdo\u011fan ad\u0131na D\u0131\u015fi\u015fleri Bakan\u0131 Hakan Fidan&#8217;\u0131n kat\u0131ld\u0131\u011f\u0131 toplant\u0131da, Bar\u0131\u015f Kurulu&#8217;nun ara bulucular\u0131 olarak T\u00fcrkiye, Katar ve M\u0131s\u0131r liderlerine te\u015fekk\u00fcr edildi.<\/p>\n<p><strong>&#8220;CUMHURBA\u015eKANI ERDO\u011eAN DA HAKAN F\u0130DAN DA HAR\u0130KA B\u0130R \u0130NSAN&#8221;<\/strong><\/p>\n<p>Trump&#8217;\u0131n Orta Do\u011fu \u00d6zel Temsilcisi Steve Witkoff, konu\u015fmas\u0131nda, <em><b>\u201cBu s\u00fcrece arac\u0131l\u0131k eden \u00fclkeler, Katar, M\u0131s\u0131r ve T\u00fcrkiye devlet ba\u015fkanlar\u0131 aras\u0131nda harika bir i\u015f birli\u011fi oldu. Hakan Fidan, sen harika bir insans\u0131n, Cumhurba\u015fkan\u0131 Erdo\u011fan da \u00f6yle\u201d<\/b><\/em> ifadelerini kulland\u0131.<\/p>\n<p><img decoding=\"async\" src=\"https:\/\/bihavadis.com\/wp-content\/uploads\/2026\/03\/gazze-baris-kurulu-toplantisinda-abdden-turkiyeye-tesekkur-0-8dgKYMEK.jpg\"\/><\/p>\n<p><strong>ABD&#8217;DEN T\u00dcRK\u0130YE&#8217;YE TE\u015eEKK\u00dcR <\/strong><\/p>\n<p>ABD ile birlikte T\u00fcrkiye, M\u0131s\u0131r ve Katar aras\u0131ndaki i\u015f birli\u011finin Gazze&#8217;deki s\u00fcrecin \u00f6n\u00fcn\u00fc a\u00e7t\u0131\u011f\u0131n\u0131 belirten Witkoff, bu \u00fclkeler aras\u0131ndaki i\u015f birli\u011fi dolay\u0131s\u0131yla \u00fclke liderlerine ayr\u0131 ayr\u0131 te\u015fekk\u00fcr etti.<\/p>\n<p><img decoding=\"async\" src=\"https:\/\/bihavadis.com\/wp-content\/uploads\/2026\/03\/gazze-baris-kurulu-toplantisinda-abdden-turkiyeye-tesekkur-1-pQaIYfTN.jpg\"\/> <\/p>\n<div> <span><strong>Kaynak:<\/strong> Demir\u00f6ren Haber Ajans\u0131 (DHA)<\/span> <\/div>\n","protected":false},"excerpt":{"rendered":"<p>Gazze&#8217;de ikinci a\u015famaya ge\u00e7ildi. B\u00f6lgede \u0130srail ile Hamas aras\u0131nda imzalanan ate\u015fkese ra\u011fmen \u00f6l\u00fcmler ya\u015fanmaya devam ederken, diplomasi trafi\u011fi de e\u015f zamanl\u0131 olarak s\u00fcr\u00fcyor. Geli\u015fmeler dikkatle takip edilirken, bir yandan da\u00a0ABD Ba\u015fkan\u0131 Donald Trump &#8230;<\/p>\n","protected":false},"author":1,"featured_media":54494,"comment_status":"open","ping_status":"open","sticky":false,"template":"","format":"standard","meta":{"footnotes":""},"categories":[6],"tags":[197],"class_list":["post-54493","post","type-post","status-publish","format-standard","has-post-thumbnail","hentry","category-dunya","tag-turkiye"],"_links":{"self":[{"href":"https:\/\/bihavadis.com\/index.php\/wp-json\/wp\/v2\/posts\/54493","targetHints":{"allow":["GET"]}}],"collection":[{"href":"https:\/\/bihavadis.com\/index.php\/wp-json\/wp\/v2\/posts"}],"about":[{"href":"https:\/\/bihavadis.com\/index.php\/wp-json\/wp\/v2\/types\/post"}],"author":[{"embeddable":true,"href":"https:\/\/bihavadis.com\/index.php\/wp-json\/wp\/v2\/users\/1"}],"replies":[{"embeddable":true,"href":"https:\/\/bihavadis.com\/index.php\/wp-json\/wp\/v2\/comments?post=54493"}],"version-history":[{"count":1,"href":"https:\/\/bihavadis.com\/index.php\/wp-json\/wp\/v2\/posts\/54493\/revisions"}],"predecessor-version":[{"id":54497,"href":"https:\/\/bihavadis.com\/index.php\/wp-json\/wp\/v2\/posts\/54493\/revisions\/54497"}],"wp:featuredmedia":[{"embeddable":true,"href":"https:\/\/bihavadis.com\/index.php\/wp-json\/wp\/v2\/media\/54494"}],"wp:attachment":[{"href":"https:\/\/bihavadis.com\/index.php\/wp-json\/wp\/v2\/media?parent=54493"}],"wp:term":[{"taxonomy":"category","embeddable":true,"href":"https:\/\/bihavadis.com\/index.php\/wp-json\/wp\/v2\/categories?post=54493"},{"taxonomy":"post_tag","embeddable":true,"href":"https:\/\/bihavadis.com\/index.php\/wp-json\/wp\/v2\/tags?post=54493"}],"curies":[{"name":"wp","href":"https:\/\/api.w.org\/{rel}","templated":true}]}}