{"id":54521,"date":"2026-03-01T06:45:39","date_gmt":"2026-03-01T06:45:39","guid":{"rendered":"https:\/\/bihavadis.com\/?p=54521"},"modified":"2026-03-01T06:45:39","modified_gmt":"2026-03-01T06:45:39","slug":"turk-egitim-senden-ek-zam-talebi","status":"publish","type":"post","link":"https:\/\/bihavadis.com\/index.php\/2026\/03\/01\/turk-egitim-senden-ek-zam-talebi\/","title":{"rendered":"T\u00fcrk E\u011fitim Sen&#8217;den Ek Zam Talebi"},"content":{"rendered":"<p>T\u00fcrk E\u011fitim Sen Genel Ba\u015fkan\u0131 Talip Geylan, &#8220;H\u00fck\u00fcmete bir kez daha \u00e7a\u011fr\u0131da bulunuyorum: Ek zam, kal\u0131c\u0131 refah pay\u0131 ve enflasyon fark\u0131n\u0131n ayl\u0131k olarak maa\u015flara yans\u0131t\u0131lmas\u0131n\u0131 istiyoruz&#8221; dedi.<\/p>\n<p>T\u00fcrk E\u011fitim Sen Genel Ba\u015fkan\u0131 Talip Geylan, g\u00fcndeme dair a\u00e7\u0131klamalarda bulundu.<\/p>\n<p>Geylan, T\u00fcrkiye Kamu Sen ve T\u00fcrk E\u011fitim olarak &#8216;T\u00fcrkiye sevdam\u0131z, ekmek i\u00e7in kavgam\u0131z&#8217; slogan\u0131yla yola \u00e7\u0131kt\u0131klar\u0131n\u0131 belirterek, &#8220;Ekmek kavgas\u0131n\u0131n do\u011fru adresi ise T\u00fcrkiye Kamu-Sen&#8217;dir, T\u00fcrk E\u011fitim-Sen&#8217;dir. Biz ekmek kavgam\u0131z\u0131n merkezine ise T\u00fcrkiye sevdas\u0131n\u0131 koyduk. \u00c7\u00fcnk\u00fc \u015funa inan\u0131yoruz: T\u00fcrkiye varsa ekmek kavgas\u0131n\u0131n bir anlam\u0131 vard\u0131r; T\u00fcrkiye varsa, ondan sonra gelen her \u015fey ancak o zaman anlam kazan\u0131r&#8221; ifadelerini kulland\u0131.<\/p>\n<p>Enflasyon fark\u0131n\u0131n maa\u015flara yans\u0131t\u0131lmas\u0131n\u0131 talep ettiklerini aktaran Geylan, &#8220;H\u00fck\u00fcmete bir kez daha \u00e7a\u011fr\u0131da bulunuyorum: Ek zam, kal\u0131c\u0131 refah pay\u0131 ve enflasyon fark\u0131n\u0131n ayl\u0131k olarak maa\u015flara yans\u0131t\u0131lmas\u0131n\u0131 istiyoruz&#8221; diye konu\u015ftu.<\/p>\n<p>Ocak ay\u0131 enflasyon rakamlar\u0131n\u0131 de\u011ferlendiren Geylan, ocak ay\u0131nda, 2026 y\u0131l\u0131n\u0131n ilk alt\u0131 ay\u0131 i\u00e7in kamu \u00e7al\u0131\u015fanlar\u0131 ve emeklilere toplu s\u00f6zle\u015fme gere\u011fi y\u00fczde 11 zam yap\u0131ld\u0131\u011f\u0131n\u0131, ancak bu zamm\u0131n y\u00fczde 4,84&#8217;\u00fcn\u00fcn daha ilk ayda enflasyon kar\u015f\u0131s\u0131nda eridi\u011fini dile getirerek, &#8220;Bu nedenle diyoruz ki; kamu \u00e7al\u0131\u015fanlar\u0131na ve emeklilere ek zam verilmelidir&#8221; \u015feklinde konu\u015ftu.<\/p>\n<p>Ayr\u0131ca refah pay\u0131n\u0131n kal\u0131c\u0131 hale getirilmesini istediklerini s\u00f6yleyen Geylan, &#8220;Refah pay\u0131 olmadan memur ve emekliye ger\u00e7ek anlamda zam yap\u0131lm\u0131\u015f olmaz. Biliyorsunuz h\u00fck\u00fcmet y\u0131lda iki kez enflasyon fark\u0131 \u00f6d\u00fcyor. Ancak enflasyon fark\u0131n\u0131 \u00f6demekle yetinmek, enflasyon kadar zam yapmak demektir. Enflasyon kadar zam yapmak ise s\u0131f\u0131r zam anlam\u0131na gelir. Ger\u00e7ek zam; b\u00fcy\u00fcyen ekonomiden kamu \u00e7al\u0131\u015fanlar\u0131n\u0131n ve emeklilerin hak etti\u011fi pay\u0131 almas\u0131d\u0131r. Bu da enflasyon fark\u0131n\u0131n \u00fczerine refah pay\u0131 uygulamas\u0131n\u0131n kal\u0131c\u0131 hale getirilmesiyle m\u00fcmk\u00fcnd\u00fcr. Adalet ve Kalk\u0131nma Partisi H\u00fck\u00fcmeti&#8217;nin bu konuda tecr\u00fcbesi ve uygulamalar\u0131 vard\u0131r. H\u00fck\u00fcmet ge\u00e7ti\u011fimiz y\u0131llarda iki kez kamu \u00e7al\u0131\u015fanlar\u0131n\u0131 biraz rahatlatmak i\u00e7in refah pay\u0131 verdi. Biz de \u015fimdi bunun kal\u0131c\u0131 hale getirilmesini talep ediyoruz&#8221; a\u00e7\u0131klamas\u0131nda bulundu.<\/p>\n<p>T\u00fcrk E\u011fitim Sen&#8217;in \u00fccretli \u00f6\u011fretmenlik ara\u015ft\u0131rmas\u0131na da de\u011finen Geylan, &#8220;2025-2026 e\u011fitim \u00f6\u011fretim y\u0131l\u0131nda \u015fu ana kadar 48 il valili\u011finden \u00fccretli \u00f6\u011fretmen say\u0131lar\u0131na ili\u015fkin bilgi ula\u015ft\u0131. Buna g\u00f6re, 48 ilde g\u00f6rev yapan \u00fccretli \u00f6\u011fretmen say\u0131s\u0131 59 bin 994 olurken, 47 ildeki norm kadro a\u00e7\u0131\u011f\u0131 ise 72 bin 811 olarak tespit edildi. Bu veriler, \u00f6\u011fretmen a\u00e7\u0131\u011f\u0131n\u0131n ciddi boyutlarda oldu\u011funu g\u00f6stermektedir&#8221; dedi.<\/p>\n<p>E\u011fitimin giderilmesi gereken en acil ihtiyac\u0131n\u0131n \u00f6\u011fretmen a\u00e7\u0131\u011f\u0131 oldu\u011funu vurgulayan Geylan, &#8220;S\u0131n\u0131fta \u00f6\u011fretmeniniz yoksa, e\u011fitimle ilgili al\u0131nan di\u011fer tedbirlerin hi\u00e7bir anlam\u0131 kalmaz. Evet, ekonomik s\u0131k\u0131nt\u0131lar olabilir; Hazine ve Maliye Bakanl\u0131\u011f\u0131 tasarruf tedbirleri uyguluyor olabilir. Ancak e\u011fitimde tasarruf olmaz. S\u0131n\u0131fta \u00f6\u011fretmeniniz olacak ki e\u011fitime y\u00f6nelik at\u0131lan di\u011fer ad\u0131mlar\u0131n da bir kar\u015f\u0131l\u0131\u011f\u0131 ve anlam\u0131 olsun&#8221; \u015feklinde konu\u015ftu. &#8211; ANKARA<\/p>\n","protected":false},"excerpt":{"rendered":"<p>Talip Geylan, h\u00fck\u00fcmete ek zam ve refah pay\u0131 talep etti, \u00f6\u011fretmen a\u00e7\u0131\u011f\u0131na dikkat \u00e7ekti.<\/p>\n","protected":false},"author":1,"featured_media":54522,"comment_status":"open","ping_status":"open","sticky":false,"template":"","format":"standard","meta":{"footnotes":""},"categories":[8],"tags":[5991,2393,1573,1928,843],"class_list":["post-54521","post","type-post","status-publish","format-standard","has-post-thumbnail","hentry","category-ekonomi","tag-anlam","tag-kamu","tag-ogretmen","tag-sen","tag-zam"],"_links":{"self":[{"href":"https:\/\/bihavadis.com\/index.php\/wp-json\/wp\/v2\/posts\/54521","targetHints":{"allow":["GET"]}}],"collection":[{"href":"https:\/\/bihavadis.com\/index.php\/wp-json\/wp\/v2\/posts"}],"about":[{"href":"https:\/\/bihavadis.com\/index.php\/wp-json\/wp\/v2\/types\/post"}],"author":[{"embeddable":true,"href":"https:\/\/bihavadis.com\/index.php\/wp-json\/wp\/v2\/users\/1"}],"replies":[{"embeddable":true,"href":"https:\/\/bihavadis.com\/index.php\/wp-json\/wp\/v2\/comments?post=54521"}],"version-history":[{"count":1,"href":"https:\/\/bihavadis.com\/index.php\/wp-json\/wp\/v2\/posts\/54521\/revisions"}],"predecessor-version":[{"id":54523,"href":"https:\/\/bihavadis.com\/index.php\/wp-json\/wp\/v2\/posts\/54521\/revisions\/54523"}],"wp:featuredmedia":[{"embeddable":true,"href":"https:\/\/bihavadis.com\/index.php\/wp-json\/wp\/v2\/media\/54522"}],"wp:attachment":[{"href":"https:\/\/bihavadis.com\/index.php\/wp-json\/wp\/v2\/media?parent=54521"}],"wp:term":[{"taxonomy":"category","embeddable":true,"href":"https:\/\/bihavadis.com\/index.php\/wp-json\/wp\/v2\/categories?post=54521"},{"taxonomy":"post_tag","embeddable":true,"href":"https:\/\/bihavadis.com\/index.php\/wp-json\/wp\/v2\/tags?post=54521"}],"curies":[{"name":"wp","href":"https:\/\/api.w.org\/{rel}","templated":true}]}}