{"id":54552,"date":"2026-03-01T07:09:07","date_gmt":"2026-03-01T07:09:07","guid":{"rendered":"https:\/\/bihavadis.com\/?p=54552"},"modified":"2026-03-01T07:09:07","modified_gmt":"2026-03-01T07:09:07","slug":"altay-bayindirin-super-lig-devine-transferine-manchester-united-karsi-cikti","status":"publish","type":"post","link":"https:\/\/bihavadis.com\/index.php\/2026\/03\/01\/altay-bayindirin-super-lig-devine-transferine-manchester-united-karsi-cikti\/","title":{"rendered":"Altay Bay\u0131nd\u0131r&#8217;\u0131n S\u00fcper Lig devine transferine Manchester United kar\u015f\u0131 \u00e7\u0131kt\u0131"},"content":{"rendered":"<p>Ara transfer d\u00f6neminde bir\u00e7ok kaleciyle ilgilenen Be\u015fikta\u015f, rotas\u0131n\u0131 Fenerbah\u00e7e&#8217;nin eski y\u0131ld\u0131z\u0131 Altay Bay\u0131nd\u0131r&#8217;a \u00e7evirmi\u015fti. <\/p>\n<p><b>ALTAY BAYINDIR \u0130LE TEMAS KURULDU<\/b><\/p>\n<p>Be\u015fikta\u015f, Manchester United formas\u0131 giyen ve ikinci kaleci durumunda bulunan Altay Bay\u0131nd\u0131r i\u00e7in harekete ge\u00e7ip temas kurarak milli eldivenle transferine dair g\u00f6r\u00fc\u015fme yapt\u0131.<\/p>\n<p><b>OLUMLU GER\u0130 D\u00d6N\u00dc\u015e<\/b><\/p>\n<p>Yap\u0131lan g\u00f6r\u00fc\u015fmeler sonucu Altay Bay\u0131nd\u0131r&#8217;dan Be\u015fikta\u015f&#8217;a olumlu geri d\u00f6n\u00fc\u015f geldi. \u0130ngiliz devinde istedi\u011fi s\u00fcreleri alamayan deneyimli file bek\u00e7isinin D\u00fcnya Kupas\u0131&#8217;na haz\u0131r gitmek amac\u0131yla Be\u015fikta\u015f&#8217;a gelmeye s\u0131cak bakt\u0131\u011f\u0131 \u00f6\u011frenildi.<\/p>\n<p><b>MANCHESTER UNITED&#8217;DAN \u0130Z\u0130N YOK<\/b><\/p>\n<p>Ancak Be\u015fikta\u015f&#8217;a k\u00f6t\u00fc haber Manchester United&#8217;dan geldi. K\u0131rm\u0131z\u0131lar, Altay Bay\u0131nd\u0131r&#8217;\u0131n ayr\u0131l\u0131\u011f\u0131na kesin olarak kar\u015f\u0131 \u00e7\u0131karak deneyimli file bek\u00e7isinin transferine izin vermedi. <\/p>\n<p><b>SEZON PERFORMANSI<\/b><\/p>\n<p>Bu sezon 6 ma\u00e7ta Manchester United&#8217;\u0131n kalesini koruyan Altay Bay\u0131nd\u0131r, kalesinde 11 gol g\u00f6rd\u00fc.<\/p>\n","protected":false},"excerpt":{"rendered":"<p>Kaleci transferinde Manchester United formas\u0131 giyen milli kaleci Altay Bay\u0131nd\u0131r ile temasa ge\u00e7en ve olumlu geri d\u00f6n\u00fc\u015f alan Be\u015fikta\u015f&#8217;a k\u00f6t\u00fc haber geldi. Manchester United, milli eldivenin tak\u0131mdan ayr\u0131lmas\u0131na izin vermiyor.<\/p>\n","protected":false},"author":1,"featured_media":54553,"comment_status":"open","ping_status":"open","sticky":false,"template":"","format":"standard","meta":{"footnotes":""},"categories":[14],"tags":[6453],"class_list":["post-54552","post","type-post","status-publish","format-standard","has-post-thumbnail","hentry","category-spor","tag-altay-bayindir"],"_links":{"self":[{"href":"https:\/\/bihavadis.com\/index.php\/wp-json\/wp\/v2\/posts\/54552","targetHints":{"allow":["GET"]}}],"collection":[{"href":"https:\/\/bihavadis.com\/index.php\/wp-json\/wp\/v2\/posts"}],"about":[{"href":"https:\/\/bihavadis.com\/index.php\/wp-json\/wp\/v2\/types\/post"}],"author":[{"embeddable":true,"href":"https:\/\/bihavadis.com\/index.php\/wp-json\/wp\/v2\/users\/1"}],"replies":[{"embeddable":true,"href":"https:\/\/bihavadis.com\/index.php\/wp-json\/wp\/v2\/comments?post=54552"}],"version-history":[{"count":1,"href":"https:\/\/bihavadis.com\/index.php\/wp-json\/wp\/v2\/posts\/54552\/revisions"}],"predecessor-version":[{"id":54554,"href":"https:\/\/bihavadis.com\/index.php\/wp-json\/wp\/v2\/posts\/54552\/revisions\/54554"}],"wp:featuredmedia":[{"embeddable":true,"href":"https:\/\/bihavadis.com\/index.php\/wp-json\/wp\/v2\/media\/54553"}],"wp:attachment":[{"href":"https:\/\/bihavadis.com\/index.php\/wp-json\/wp\/v2\/media?parent=54552"}],"wp:term":[{"taxonomy":"category","embeddable":true,"href":"https:\/\/bihavadis.com\/index.php\/wp-json\/wp\/v2\/categories?post=54552"},{"taxonomy":"post_tag","embeddable":true,"href":"https:\/\/bihavadis.com\/index.php\/wp-json\/wp\/v2\/tags?post=54552"}],"curies":[{"name":"wp","href":"https:\/\/api.w.org\/{rel}","templated":true}]}}