{"id":54595,"date":"2026-03-01T07:42:07","date_gmt":"2026-03-01T07:42:07","guid":{"rendered":"https:\/\/bihavadis.com\/?p=54595"},"modified":"2026-03-01T07:42:07","modified_gmt":"2026-03-01T07:42:07","slug":"sivasspor-taraftarindan-tesislerde-protesto","status":"publish","type":"post","link":"https:\/\/bihavadis.com\/index.php\/2026\/03\/01\/sivasspor-taraftarindan-tesislerde-protesto\/","title":{"rendered":"Sivasspor taraftar\u0131ndan tesislerde protesto!"},"content":{"rendered":"<p>1. Lig&#8217;in 26. haftas\u0131nda Adana Demirspor&#8217;a konuk olan Sivasspor, kar\u015f\u0131la\u015fmada 1-0 \u00f6ne ge\u00e7mesine ra\u011fmen 88. dakikada kalesinde g\u00f6rd\u00fc\u011f\u00fc golle sahadan 1-1&#8217;lik e\u015fitlikle ayr\u0131ld\u0131.<\/p>\n<p>Bu sonu\u00e7la galibiyeti son anlarda ka\u00e7\u0131ran Sivas ekibi \u00f6nemli iki puan\u0131 b\u0131rak\u0131rken, ev sahibi ekip ise ligde \u00fc\u00e7\u00fcnc\u00fc kez puan alma sevinci ya\u015fad\u0131.<\/p>\n<p><strong>TES\u0130S \u00d6N\u00dcNDE PROTESTO<\/strong><\/p>\n<p>Ma\u00e7\u0131n ard\u0131ndan Sivas&#8217;a d\u00f6nen tak\u0131m kafilesi, Sivasspor tesisleri \u00f6n\u00fcnde toplanan taraftar gruplar\u0131n\u0131n protestosuyla kar\u015f\u0131la\u015ft\u0131.<\/p>\n<p><em><b>&#8220;Legend&#8221;<\/b><\/em> ve<em><b> &#8220;Elli Sekiz&#8221;<\/b><\/em> isimli taraftar gruplar\u0131, son haftalardaki performans ve ligdeki gidi\u015fat nedeniyle tak\u0131ma ve y\u00f6netime tepki g\u00f6sterdi.<\/p>\n<p>Ak\u015fam saatlerinde tesisler \u00f6n\u00fcnde bir araya gelen kalabal\u0131k, tak\u0131m otob\u00fcs\u00fcn\u00fcn giri\u015f yapt\u0131\u011f\u0131 s\u0131rada sloganlar atarak oyunculara tepkisini dile getirdi.<\/p>\n<p>Olas\u0131 bir olumsuzlu\u011fa kar\u015f\u0131 emniyet g\u00fc\u00e7leri b\u00f6lgede geni\u015f g\u00fcvenlik \u00f6nlemleri ald\u0131.<\/p>\n<p><img decoding=\"async\" src=\"https:\/\/bihavadis.com\/wp-content\/uploads\/2026\/03\/sivasspor-taraftarindan-tesislerde-protesto-0-ifg5hIjt.jpg\"\/><\/p>\n<p><strong>Y\u00d6NET\u0130M VE TEKN\u0130K HEYET TARAFTARIN YANINA G\u0130TT\u0130<\/strong><\/p>\n<p>Ya\u015fanan geli\u015fmelerin ard\u0131ndan Teknik Direkt\u00f6r \u0130smet Ta\u015fdemir, golc\u00fc oyuncu Rey Manaj ve Kul\u00fcp Ba\u015fkan\u0131 Burak \u00d6z\u00e7oban g\u00fcvenlik \u00f6nlemleri e\u015fli\u011finde taraftarlar\u0131n yan\u0131na gelerek bir s\u00fcre g\u00f6r\u00fc\u015fme ger\u00e7ekle\u015ftirdi.<\/p>\n<p>Kul\u00fcp Ba\u015fkan\u0131 \u00d6z\u00e7oban, taraftar\u0131n tepkisini anlad\u0131klar\u0131n\u0131 belirterek, tak\u0131m\u0131n yeniden toparlanmas\u0131 ad\u0131na gerekli ad\u0131mlar\u0131n at\u0131laca\u011f\u0131n\u0131 ifade etti.<\/p>\n<p>Protestonun ard\u0131ndan kalabal\u0131k grup olays\u0131z \u015fekilde da\u011f\u0131ld\u0131.<\/p>\n<p><img decoding=\"async\" src=\"https:\/\/bihavadis.com\/wp-content\/uploads\/2026\/03\/sivasspor-taraftarindan-tesislerde-protesto-1-HeGP9G9A.jpg\"\/> <\/p>\n<div> <span><strong>Kaynak:<\/strong> \u0130hlas Haber Ajans\u0131 (\u0130HA)<\/span> <\/div>\n","protected":false},"excerpt":{"rendered":"<p>1. Lig&#8217;in 26. haftas\u0131nda Adana Demirspor&#8217;a konuk olan Sivasspor, kar\u015f\u0131la\u015fmada 1-0 \u00f6ne ge\u00e7mesine ra\u011fmen 88. dakikada kalesinde g\u00f6rd\u00fc\u011f\u00fc golle sahadan 1-1&#8217;lik e\u015fitlikle ayr\u0131ld\u0131. Bu sonu\u00e7la galibiyeti son anlarda ka\u00e7\u0131ran Sivas ekibi \u00f6nemli iki puan\u0131 &#8230;<\/p>\n","protected":false},"author":1,"featured_media":54596,"comment_status":"open","ping_status":"open","sticky":false,"template":"","format":"standard","meta":{"footnotes":""},"categories":[14],"tags":[2272],"class_list":["post-54595","post","type-post","status-publish","format-standard","has-post-thumbnail","hentry","category-spor","tag-taraftar"],"_links":{"self":[{"href":"https:\/\/bihavadis.com\/index.php\/wp-json\/wp\/v2\/posts\/54595","targetHints":{"allow":["GET"]}}],"collection":[{"href":"https:\/\/bihavadis.com\/index.php\/wp-json\/wp\/v2\/posts"}],"about":[{"href":"https:\/\/bihavadis.com\/index.php\/wp-json\/wp\/v2\/types\/post"}],"author":[{"embeddable":true,"href":"https:\/\/bihavadis.com\/index.php\/wp-json\/wp\/v2\/users\/1"}],"replies":[{"embeddable":true,"href":"https:\/\/bihavadis.com\/index.php\/wp-json\/wp\/v2\/comments?post=54595"}],"version-history":[{"count":1,"href":"https:\/\/bihavadis.com\/index.php\/wp-json\/wp\/v2\/posts\/54595\/revisions"}],"predecessor-version":[{"id":54599,"href":"https:\/\/bihavadis.com\/index.php\/wp-json\/wp\/v2\/posts\/54595\/revisions\/54599"}],"wp:featuredmedia":[{"embeddable":true,"href":"https:\/\/bihavadis.com\/index.php\/wp-json\/wp\/v2\/media\/54596"}],"wp:attachment":[{"href":"https:\/\/bihavadis.com\/index.php\/wp-json\/wp\/v2\/media?parent=54595"}],"wp:term":[{"taxonomy":"category","embeddable":true,"href":"https:\/\/bihavadis.com\/index.php\/wp-json\/wp\/v2\/categories?post=54595"},{"taxonomy":"post_tag","embeddable":true,"href":"https:\/\/bihavadis.com\/index.php\/wp-json\/wp\/v2\/tags?post=54595"}],"curies":[{"name":"wp","href":"https:\/\/api.w.org\/{rel}","templated":true}]}}