{"id":54677,"date":"2026-03-01T08:36:06","date_gmt":"2026-03-01T08:36:06","guid":{"rendered":"https:\/\/bihavadis.com\/?p=54677"},"modified":"2026-03-01T08:36:06","modified_gmt":"2026-03-01T08:36:06","slug":"thomas-fink-tarih-yazmaya-devam-etmek-istiyoruz","status":"publish","type":"post","link":"https:\/\/bihavadis.com\/index.php\/2026\/03\/01\/thomas-fink-tarih-yazmaya-devam-etmek-istiyoruz\/","title":{"rendered":"Thomas Fink: Tarih yazmaya devam etmek istiyoruz"},"content":{"rendered":"<p>Samsunspor, UEFA Konferans Ligi son 16 play-off turu ilk ma\u00e7\u0131nda deplasmanda Kuzey Makedonya temsilcisi Shkendija&#8217;y\u0131 1-0 ma\u011flup etti.<\/p>\n<p>Ma\u00e7\u0131n ard\u0131ndan tak\u0131m\u0131n ba\u015f\u0131nda ilk ma\u00e7\u0131na \u00e7\u0131kan Alman teknik adam Thomas Fink a\u00e7\u0131klamalarda bulundu.<\/p>\n<p><strong>&#8220;TAKIM \u0130\u00c7\u0130N, KUL\u00dcP \u0130\u00c7\u0130N, \u015eEH\u0130R \u0130\u00c7\u0130N!&#8221;<\/strong><\/p>\n<p>Samsunspor&#8217;un tarih yazd\u0131\u011f\u0131n\u0131 dile getiren Fink, <em><b>&#8220;Bir hoca olarak bug\u00fcnk\u00fc ilk ma\u00e7\u0131ma \u00e7\u0131kt\u0131m. Bu galibiyet \u00e7ok \u00f6nemliydi tak\u0131m i\u00e7in, kul\u00fcp i\u00e7in, \u015fehir i\u00e7in. Taraftar i\u00e7in \u00e7ok mutluyum, buraya kadar geldiler. Her \u015fey bitmi\u015f de\u011fil, hi\u00e7bir \u015fey elde etmedik. Ayn\u0131 oyunu kendi evimizde de g\u00f6stermeliyiz. \u015eimdiye kadar tarih yazm\u0131\u015ft\u0131k, tarih yazmaya devam etmek istiyoruz.&#8221;<\/b><\/em> dedi.<\/p>\n<p>Kontrol\u00fcn kendilerinde oldu\u011funu belirten Fink, <em><b>&#8220;Oyunun genelinde kontrol bizdeydi. \u0130ki ata\u011f\u0131m\u0131z vard\u0131. Biri ofsayt oldu ama yine de etkiliydi. Topa sahip olan taraft\u0131k. 3. b\u00f6lgede \u00e7ok etkiliydi. S\u00f6yledi\u011fim her \u015feyi tak\u0131m bug\u00fcn ger\u00e7ekle\u015ftirdi.&#8221;<\/b><\/em> diyerek tak\u0131mdan memnuniyetini dile getirdi.<\/p>\n<p><img decoding=\"async\" src=\"https:\/\/bihavadis.com\/wp-content\/uploads\/2026\/03\/thomas-fink-tarih-yazmaya-devam-etmek-istiyoruz-0-c4VNhb1k.jpg\"\/><\/p>\n<p><strong>&#8220;TAKT\u0130KLER MA\u00c7 MA\u00c7 DE\u011e\u0130\u015e\u0130R&#8221;<\/strong><\/p>\n<p>Taktiksel de\u011fi\u015fikilerin ya\u015fanaca\u011f\u0131n\u0131n sinyalini veren tecr\u00fcbeli teknik adam <em><b>&#8220;Taktikler ma\u00e7a ba\u011fl\u0131. Ma\u00e7ta nas\u0131l hissediyorum, oyuncular nas\u0131l hissediyor, buna g\u00f6re de\u011fi\u015fiklik yapaca\u011f\u0131z.&#8221;<\/b><\/em> dedi.<\/p>\n<p>Cherif Ndiaye-Marius de\u011fi\u015fikli\u011finin sorulmas\u0131 \u00fczerine Alman. teknik adam <em><b>&#8220;Cherif penalt\u0131y\u0131 ka\u00e7\u0131rd\u0131, Marius zaten antrenmanlarda iyiydi. \u00d6yle bir de\u011fi\u015fiklik yapt\u0131m. Orta sahada de\u011fi\u015fiklik yapmad\u0131m. Orta saha ve defansta \u00e7ok iyiydik. Ma\u00e7tan ma\u00e7a taktikler de\u011fi\u015fir.&#8221;<\/b><\/em> yan\u0131t\u0131n\u0131 verdi.<\/p>\n<p><strong>&#8220;GAL\u0130B\u0130YET BEN\u0130M \u0130\u00c7\u0130N \u00d6NEML\u0130YD\u0130&#8221;<\/strong><\/p>\n<p>Fink, ma\u00e7\u0131n ard\u0131ndan d\u00fczenlenen bas\u0131n toplant\u0131s\u0131nda, oyuncular\u0131na ma\u00e7tan \u00f6nce kendilerine g\u00fcvenmeleri gerekti\u011fini s\u00f6yledi\u011fini dile getirdi.<\/p>\n<p>\u0130lk ma\u00e7\u0131na \u00e7\u0131kt\u0131\u011f\u0131n\u0131 ve galibiyetten \u00f6t\u00fcr\u00fc mutlu oldu\u011funu vurgulayan Fink, <em><b>&#8220;A\u00e7\u0131k\u00e7as\u0131 bir hoca olarak bug\u00fcn Samsunspor ile ilk ma\u00e7\u0131ma \u00e7\u0131kt\u0131m, bug\u00fcnk\u00fc galibiyet benim i\u00e7in \u00e7ok \u00e7ok \u00f6nemli. Hem tak\u0131m\u0131m i\u00e7in hem kul\u00fcp i\u00e7in hem de \u015fehir i\u00e7in bug\u00fcnk\u00fc galibiyetten \u00f6t\u00fcr\u00fc \u00e7ok mutluyum. Tabii ki her \u015fey bitmi\u015f de\u011fil. \u015eu an sadece bir ma\u00e7 kazand\u0131k, hi\u00e7bir \u015fey elde etmedik. Ayn\u0131 oyun tarz\u0131m\u0131z\u0131 kendi evimizde de g\u00f6stermeliyiz. Taraftarlar\u0131m\u0131z \u00f6n\u00fcnde ayn\u0131 performans\u0131 g\u00f6stermeye devam edece\u011fiz.&#8221;<\/b><\/em> ifadesini kulland\u0131.<\/p>\n<p><img decoding=\"async\" src=\"https:\/\/bihavadis.com\/wp-content\/uploads\/2026\/03\/thomas-fink-tarih-yazmaya-devam-etmek-istiyoruz-1-3PalPENp.jpg\"\/><\/p>\n<p><strong>&#8220;HEM ORTADA HEM DEFANSTA \u00c7OK \u0130Y\u0130 PERFORMANS G\u00d6STERD\u0130K&#8221;<\/strong><\/p>\n<p>Oyunun genelinde topun kendilerinde oldu\u011funu aktaran Fink \u015f\u00f6yle dedi:<\/p>\n<p>&#8220;\u00c7ok etkili bir oyun sergiledik. Oyunun 3. b\u00f6lgesinde de \u00e7ok etkili olduk. Yani bug\u00fcn tak\u0131ma s\u00f6yledi\u011fim her \u015feyi tak\u0131m ger\u00e7ekle\u015ftirdi. Sonu\u00e7 olarak oynam\u0131\u015f oldu\u011fumuz oyunda oyuncular\u0131m nas\u0131l hissediyor ona g\u00f6re de\u011fi\u015fiklikler yapaca\u011f\u0131z. E\u011fer forvette de\u011fi\u015fiklik gerekiyorsa onu yapaca\u011f\u0131z. Ndiaye bug\u00fcn penalt\u0131 ka\u00e7\u0131rd\u0131, bu tabii ki \u00f6z g\u00fcvenle ilgiliydi. Mouandilmadji idmanlarda \u00e7ok iyi ve onu Ndiaye&#8217;nin yerine oyuna koyduk. Hem ortada hem defansta \u00e7ok iyi performans g\u00f6sterdik. Tak\u0131m\u0131n geri kalan\u0131nda da iyi oyuncular oldu\u011fu i\u00e7in de\u011fi\u015fikli\u011fi ge\u00e7 yapt\u0131m ama bu oyundan oyuna de\u011fi\u015febilir.&#8221;<\/p>\n<p><strong>&#8220;H\u0130\u00c7B\u0130R \u015eEY B\u0130TM\u0130\u015e DE\u011e\u0130L&#8221;<\/strong><\/p>\n<p>Fink, kendi evlerinde bir ma\u00e7 daha yapacaklar\u0131n\u0131 hat\u0131rlatarak, <em><b>&#8220;Hi\u00e7bir \u015fey bitmi\u015f de\u011fil, \u00f6z g\u00fcven i\u00e7in bu galibiyet \u00e7ok \u00f6nemli. Daha fazla yakalam\u0131\u015f oldu\u011fumuz f\u0131rsatlar vard\u0131 ama Shkendija bizden \u00f6nce kendi sahas\u0131nda \u00e7ok fazla ma\u00e7 kaybetmedi. Gol yemeden de ma\u00e7\u0131 tamamlamak \u00e7ok \u00f6nemliydi. Ama play-off&#8217;lar\u0131 ge\u00e7mek i\u00e7in g\u00fczel bir f\u0131rsat yakalad\u0131k.&#8221;<\/b><\/em> diyerek s\u00f6zlerini tamamlad\u0131.<\/p>\n<div> <span><strong>Kaynak:<\/strong> Ensonhaber Haber Merkezi<\/span> <\/div>\n","protected":false},"excerpt":{"rendered":"<p>Samsunspor, UEFA Konferans Ligi son 16 play-off turu ilk ma\u00e7\u0131nda deplasmanda Kuzey Makedonya temsilcisi Shkendija&#8217;y\u0131 1-0 ma\u011flup etti. Ma\u00e7\u0131n ard\u0131ndan tak\u0131m\u0131n ba\u015f\u0131nda ilk ma\u00e7\u0131na \u00e7\u0131kan Alman teknik adam Thomas Fink a\u00e7\u0131klamalarda bulundu. &#8220;TAKIM \u0130\u00c7\u0130N &#8230;<\/p>\n","protected":false},"author":1,"featured_media":54678,"comment_status":"open","ping_status":"open","sticky":false,"template":"","format":"standard","meta":{"footnotes":""},"categories":[14],"tags":[6432,2298,364,278,366],"class_list":["post-54677","post","type-post","status-publish","format-standard","has-post-thumbnail","hentry","category-spor","tag-fink","tag-galibiyet","tag-mac","tag-oyun","tag-takim"],"_links":{"self":[{"href":"https:\/\/bihavadis.com\/index.php\/wp-json\/wp\/v2\/posts\/54677","targetHints":{"allow":["GET"]}}],"collection":[{"href":"https:\/\/bihavadis.com\/index.php\/wp-json\/wp\/v2\/posts"}],"about":[{"href":"https:\/\/bihavadis.com\/index.php\/wp-json\/wp\/v2\/types\/post"}],"author":[{"embeddable":true,"href":"https:\/\/bihavadis.com\/index.php\/wp-json\/wp\/v2\/users\/1"}],"replies":[{"embeddable":true,"href":"https:\/\/bihavadis.com\/index.php\/wp-json\/wp\/v2\/comments?post=54677"}],"version-history":[{"count":1,"href":"https:\/\/bihavadis.com\/index.php\/wp-json\/wp\/v2\/posts\/54677\/revisions"}],"predecessor-version":[{"id":54681,"href":"https:\/\/bihavadis.com\/index.php\/wp-json\/wp\/v2\/posts\/54677\/revisions\/54681"}],"wp:featuredmedia":[{"embeddable":true,"href":"https:\/\/bihavadis.com\/index.php\/wp-json\/wp\/v2\/media\/54678"}],"wp:attachment":[{"href":"https:\/\/bihavadis.com\/index.php\/wp-json\/wp\/v2\/media?parent=54677"}],"wp:term":[{"taxonomy":"category","embeddable":true,"href":"https:\/\/bihavadis.com\/index.php\/wp-json\/wp\/v2\/categories?post=54677"},{"taxonomy":"post_tag","embeddable":true,"href":"https:\/\/bihavadis.com\/index.php\/wp-json\/wp\/v2\/tags?post=54677"}],"curies":[{"name":"wp","href":"https:\/\/api.w.org\/{rel}","templated":true}]}}