{"id":54682,"date":"2026-03-01T08:39:07","date_gmt":"2026-03-01T08:39:07","guid":{"rendered":"https:\/\/bihavadis.com\/?p=54682"},"modified":"2026-03-01T08:39:07","modified_gmt":"2026-03-01T08:39:07","slug":"kktcnin-tanitim-calismalari-hiz-kesmeden-devam-ediyor","status":"publish","type":"post","link":"https:\/\/bihavadis.com\/index.php\/2026\/03\/01\/kktcnin-tanitim-calismalari-hiz-kesmeden-devam-ediyor\/","title":{"rendered":"KKTC&#8217;nin Tan\u0131t\u0131m \u00c7al\u0131\u015fmalar\u0131 H\u0131z Kesmeden Devam Ediyor"},"content":{"rendered":"<p>Kuzey K\u0131br\u0131s T\u00fcrk Cumhuriyeti (KKTC) Ba\u015fbakan Yard\u0131mc\u0131s\u0131, Turizm, K\u00fclt\u00fcr, Gen\u00e7lik ve \u00c7evre Bakan\u0131 Fikri Atao\u011flu, &#8220;\u00d6n\u00fcm\u00fczdeki k\u0131sa g\u00fcnler i\u00e7erisinde yine T\u00fcrkiye&#8217;nin farkl\u0131 illerinde i\u015fbirli\u011fi i\u00e7erisinde Kuzey K\u0131br\u0131s&#8217;\u0131n tan\u0131t\u0131lmas\u0131yla ilgili \u00e7al\u0131\u015fmalar\u0131m\u0131z olacak.&#8221; dedi.<\/p>\n<p>D\u00fcnyan\u0131n say\u0131l\u0131 turizm organizasyonlar\u0131ndan 29. EMITT-Do\u011fu Akdeniz Uluslararas\u0131 Turizm ve Seyahat Fuar\u0131&#8217;n\u0131n a\u00e7\u0131l\u0131\u015f\u0131nda konu\u015fan Atao\u011flu, 6 \u015eubat 2023 depremlerinde hayat\u0131n\u0131 kaybedenlere rahmet dileyerek, &#8220;KKTC&#8217;den o g\u00fcn orada bulunan \u015fampiyon meleklerimize de rahmet diliyorum. B\u00fct\u00fcn temennimiz, b\u00f6yle olaylar\u0131n ya\u015fanmamas\u0131 ve b\u00f6yle olaylar\u0131n ya\u015fand\u0131\u011f\u0131 d\u00f6nem i\u00e7erisinde de ac\u0131lar\u0131n olmayaca\u011f\u0131 \u015fekilde \u00f6nlemlerin al\u0131nmas\u0131d\u0131r.&#8221; \u015feklinde konu\u015ftu.<\/p>\n<p>KKTC olarak her zaman her platformda kendilerini a\u00e7\u0131k\u00e7a anlatmaya \u00e7al\u0131\u015ft\u0131klar\u0131n\u0131 s\u00f6yleyen Atao\u011flu, \u015f\u00f6yle devam etti: <\/p>\n<p>&#8220;KKTC&#8217;nin anlatmakla de\u011fil ya\u015famakla anla\u015f\u0131labilecek bir \u00fclke oldu\u011funu ifade ediyoruz. T\u00fcrkiye Cumhuriyeti K\u00fclt\u00fcr ve Turizm Bakan\u0131m\u0131za da \u00e7ok te\u015fekk\u00fcr ederim. EMITT Fuar\u0131&#8217;nda \u00e7ok b\u00fcy\u00fck bir katk\u0131s\u0131 var. &#8216;Ada K\u0131br\u0131s Projesi&#8217;nin lansman\u0131n\u0131 ger\u00e7ekle\u015ftirdi\u011fimizde de \u0130stanbul&#8217;da bizlerle birlikte olan ve bunu ba\u015flatm\u0131\u015f oldu\u011fumuz i\u015fbirli\u011fiyle ta\u00e7land\u0131ran T\u00fcrk Hava Yollar\u0131 yetkililerine can\u0131g\u00f6n\u00fclden te\u015fekk\u00fcr etmek isterim. Pegasus Hava Yollar\u0131 da ayn\u0131 de\u011ferde ciddi bir katma de\u011fer koymu\u015ftur. U\u00e7ak bilet fiyatlar\u0131ndaki y\u00fcksek rakamlar\u0131n istedi\u011fimiz \u015fekle gelebilmesiyle ilgili ba\u015flatm\u0131\u015f oldu\u011fumuz ve meyvelerini de ald\u0131\u011f\u0131m\u0131z bir \u00e7al\u0131\u015fmayd\u0131.&#8221;<\/p>\n<p>&#8220;Kuzey K\u0131br\u0131s&#8217;\u0131n tan\u0131t\u0131lmas\u0131yla ilgili \u00e7al\u0131\u015fmalar\u0131m\u0131z olacak&#8221;<\/p>\n<p>Fikri Atao\u011flu, \u00fclkelerinde turizmin daha ileri gitmesiyle ilgili \u00e7al\u0131\u015fmalar\u0131 anlatarak, &#8220;2016&#8217;da T\u00fcrkiye&#8217;nin farkl\u0131 illerinde yapm\u0131\u015f oldu\u011fumuz KKTC&#8217;yi tan\u0131t\u0131c\u0131 etkinlikler gibi, \u00f6n\u00fcm\u00fczdeki k\u0131sa g\u00fcnler i\u00e7erisinde de yine T\u00fcrkiye&#8217;nin farkl\u0131 illerinde i\u015fbirli\u011fi i\u00e7erisinde Kuzey K\u0131br\u0131s&#8217;\u0131n tan\u0131t\u0131lmas\u0131yla ilgili \u00e7al\u0131\u015fmalar\u0131m\u0131z olacak.&#8221; diye konu\u015ftu.<\/p>\n<p>\u00dclkelerindeki sa\u011fl\u0131k turizmi ile ilgili de olduk\u00e7a \u00e7aba sarf edildi\u011fini dile getiren Atao\u011flu, KKTC&#8217;de turizmin art\u0131k 12 aya yay\u0131ld\u0131\u011f\u0131n\u0131 belirtti.<\/p>\n<p>Atao\u011flu, T\u00fcrkiye&#8217;de KKTC&#8217;nin tan\u0131t\u0131m\u0131yla ile ilgili \u00e7al\u0131\u015fmalar\u0131n \u00f6nemini vurgulayarak, &#8220;Bir taraftan Antalya&#8217;daki binam\u0131z\u0131n, bir taraftan da \u0130stanbul&#8217;daki belirlenen yerin K\u0131br\u0131s k\u00fclt\u00fcr\u00fcn\u00fc ya\u015fatmas\u0131n\u0131 hedefliyoruz. Di\u011fer taraftan ge\u00e7ti\u011fimiz hafta bizlere verilen Ankara Beypazar\u0131&#8217;nda bir kona\u011f\u0131n, K\u0131br\u0131s k\u00fclt\u00fcr\u00fcne y\u00f6nelik gastronomi ve k\u00fclt\u00fcrle an\u0131lmas\u0131 ad\u0131na \u00e7al\u0131\u015fmalar\u0131m\u0131z\u0131 s\u00fcrd\u00fcr\u00fcyoruz.&#8221; ifadelerini kulland\u0131.<\/p>\n","protected":false},"excerpt":{"rendered":"<p>Fikri Atao\u011flu, T\u00fcrkiye&#8217;de KKTC&#8217;nin tan\u0131t\u0131m\u0131na y\u00f6nelik i\u015fbirli\u011fi projeleri ba\u015flatacaklar\u0131n\u0131 duyurdu.<\/p>\n","protected":false},"author":1,"featured_media":54683,"comment_status":"open","ping_status":"open","sticky":false,"template":"","format":"standard","meta":{"footnotes":""},"categories":[12],"tags":[3259,3227,3973,511,517],"class_list":["post-54682","post","type-post","status-publish","format-standard","has-post-thumbnail","hentry","category-siyaset","tag-ataoglu","tag-kibris","tag-kktc","tag-turizm","tag-turk"],"_links":{"self":[{"href":"https:\/\/bihavadis.com\/index.php\/wp-json\/wp\/v2\/posts\/54682","targetHints":{"allow":["GET"]}}],"collection":[{"href":"https:\/\/bihavadis.com\/index.php\/wp-json\/wp\/v2\/posts"}],"about":[{"href":"https:\/\/bihavadis.com\/index.php\/wp-json\/wp\/v2\/types\/post"}],"author":[{"embeddable":true,"href":"https:\/\/bihavadis.com\/index.php\/wp-json\/wp\/v2\/users\/1"}],"replies":[{"embeddable":true,"href":"https:\/\/bihavadis.com\/index.php\/wp-json\/wp\/v2\/comments?post=54682"}],"version-history":[{"count":1,"href":"https:\/\/bihavadis.com\/index.php\/wp-json\/wp\/v2\/posts\/54682\/revisions"}],"predecessor-version":[{"id":54684,"href":"https:\/\/bihavadis.com\/index.php\/wp-json\/wp\/v2\/posts\/54682\/revisions\/54684"}],"wp:featuredmedia":[{"embeddable":true,"href":"https:\/\/bihavadis.com\/index.php\/wp-json\/wp\/v2\/media\/54683"}],"wp:attachment":[{"href":"https:\/\/bihavadis.com\/index.php\/wp-json\/wp\/v2\/media?parent=54682"}],"wp:term":[{"taxonomy":"category","embeddable":true,"href":"https:\/\/bihavadis.com\/index.php\/wp-json\/wp\/v2\/categories?post=54682"},{"taxonomy":"post_tag","embeddable":true,"href":"https:\/\/bihavadis.com\/index.php\/wp-json\/wp\/v2\/tags?post=54682"}],"curies":[{"name":"wp","href":"https:\/\/api.w.org\/{rel}","templated":true}]}}