{"id":54689,"date":"2026-03-01T08:45:08","date_gmt":"2026-03-01T08:45:08","guid":{"rendered":"https:\/\/bihavadis.com\/?p=54689"},"modified":"2026-03-01T08:45:08","modified_gmt":"2026-03-01T08:45:08","slug":"bakan-tekin-sanliurfada-mevlit-programina-katildi","status":"publish","type":"post","link":"https:\/\/bihavadis.com\/index.php\/2026\/03\/01\/bakan-tekin-sanliurfada-mevlit-programina-katildi\/","title":{"rendered":"Bakan Tekin \u015eanl\u0131urfa&#8217;da Mevlit Program\u0131na Kat\u0131ld\u0131"},"content":{"rendered":"<p> Milli E\u011fitim Bakan\u0131 Yusuf Tekin, \u015eanl\u0131urfa&#8217;da 6 \u015eubat 2023&#8217;teki depremlerde hayat\u0131n\u0131 kaybedenler i\u00e7in okutulan mevlit program\u0131na kat\u0131ld\u0131.<\/p>\n<p>\u00c7e\u015fitli temaslarda bulunmak \u00fczere \u015eanl\u0131urfa&#8217;ya gelen Bakan Tekin, ilk olarak Karak\u00f6pr\u00fc \u0130ncirliova \u0130lkokulu&#8217;na s\u00fcrpriz ziyarette bulundu, s\u0131n\u0131flar\u0131 gezdi ve \u00f6\u011frencilerle sohbet etti.<\/p>\n<p>Ard\u0131ndan \u00f6\u011fretmenlerle bir araya gelerek isti\u015farelerde bulunan Tekin, okulda y\u00fcr\u00fct\u00fclen \u00e7al\u0131\u015fmalar hakk\u0131nda bilgi ald\u0131, hat\u0131ra foto\u011fraf\u0131 \u00e7ektirdi.<\/p>\n<p>Bal\u0131kl\u0131g\u00f6l Caddesi&#8217;ndeki esnaf ziyaretinin ard\u0131ndan Dergah Camisi&#8217;ne ge\u00e7en Bakan Tekin, burada 6 \u015eubat 2023&#8217;teki depremlerde hayat\u0131n\u0131 kaybedenler i\u00e7in okutulan mevlit program\u0131na kat\u0131ld\u0131, yap\u0131lan dualara e\u015flik etti.<\/p>\n<p>Bakan Tekin&#8217;e AK Parti \u015eanl\u0131urfa Milletvekili Asuman Cevahir Yazmac\u0131, AK Parti Ankara Milletvekili Derya Ayayd\u0131n, \u0130l Ba\u015fkan\u0131 \u0130lhami G\u00fcnbe\u011fi ve ilgililer e\u015flik etti.<\/p>\n","protected":false},"excerpt":{"rendered":"<p>Milli E\u011fitim Bakan\u0131 Yusuf Tekin, depremde hayat\u0131n\u0131 kaybedenler i\u00e7in mevlit program\u0131na kat\u0131ld\u0131.<\/p>\n","protected":false},"author":1,"featured_media":54690,"comment_status":"open","ping_status":"open","sticky":false,"template":"","format":"standard","meta":{"footnotes":""},"categories":[12],"tags":[],"class_list":["post-54689","post","type-post","status-publish","format-standard","has-post-thumbnail","hentry","category-siyaset"],"_links":{"self":[{"href":"https:\/\/bihavadis.com\/index.php\/wp-json\/wp\/v2\/posts\/54689","targetHints":{"allow":["GET"]}}],"collection":[{"href":"https:\/\/bihavadis.com\/index.php\/wp-json\/wp\/v2\/posts"}],"about":[{"href":"https:\/\/bihavadis.com\/index.php\/wp-json\/wp\/v2\/types\/post"}],"author":[{"embeddable":true,"href":"https:\/\/bihavadis.com\/index.php\/wp-json\/wp\/v2\/users\/1"}],"replies":[{"embeddable":true,"href":"https:\/\/bihavadis.com\/index.php\/wp-json\/wp\/v2\/comments?post=54689"}],"version-history":[{"count":1,"href":"https:\/\/bihavadis.com\/index.php\/wp-json\/wp\/v2\/posts\/54689\/revisions"}],"predecessor-version":[{"id":54691,"href":"https:\/\/bihavadis.com\/index.php\/wp-json\/wp\/v2\/posts\/54689\/revisions\/54691"}],"wp:featuredmedia":[{"embeddable":true,"href":"https:\/\/bihavadis.com\/index.php\/wp-json\/wp\/v2\/media\/54690"}],"wp:attachment":[{"href":"https:\/\/bihavadis.com\/index.php\/wp-json\/wp\/v2\/media?parent=54689"}],"wp:term":[{"taxonomy":"category","embeddable":true,"href":"https:\/\/bihavadis.com\/index.php\/wp-json\/wp\/v2\/categories?post=54689"},{"taxonomy":"post_tag","embeddable":true,"href":"https:\/\/bihavadis.com\/index.php\/wp-json\/wp\/v2\/tags?post=54689"}],"curies":[{"name":"wp","href":"https:\/\/api.w.org\/{rel}","templated":true}]}}