{"id":54699,"date":"2026-03-01T08:54:06","date_gmt":"2026-03-01T08:54:06","guid":{"rendered":"https:\/\/bihavadis.com\/?p=54699"},"modified":"2026-03-01T08:54:06","modified_gmt":"2026-03-01T08:54:06","slug":"istanbul-havalimani-avrupanin-en-yogun-havalimani-oldu","status":"publish","type":"post","link":"https:\/\/bihavadis.com\/index.php\/2026\/03\/01\/istanbul-havalimani-avrupanin-en-yogun-havalimani-oldu\/","title":{"rendered":"\u0130stanbul Havaliman\u0131, Avrupa&#8217;n\u0131n en yo\u011fun havaliman\u0131 oldu"},"content":{"rendered":"<p>T\u00fcrkiye&#8217;nin dev yat\u0131r\u0131mlar\u0131ndan olan \u0130stanbul Havaliman\u0131, \u00fclkeyi havac\u0131l\u0131k sekt\u00f6r\u00fcnde \u00f6nemli bir aktarma merkezi haline getirerek dikkatleri \u00fczerine \u00e7ekmeyi ba\u015fard\u0131.<\/p>\n<p>Hizmete girmesinin ard\u0131ndan k\u0131sa s\u00fcre i\u00e7inde pe\u015f pe\u015fe bir\u00e7ok rekora imza atan \u0130stanbul Havaliman\u0131&#8217;n\u0131n ba\u015far\u0131l\u0131 grafi\u011fi devam ediyor.<\/p>\n<p>Son olarak Avrupa Hava Seyr\u00fcsefer G\u00fcvenli\u011fi Te\u015fkilat\u0131&#8217;n\u0131n 9-15 \u015eubat d\u00f6nemine ili\u015fkin Avrupa Havac\u0131l\u0131k Raporu payla\u015f\u0131ld\u0131.<\/p>\n<p><strong>AVRUPA&#8217;NIN Z\u0130RVES\u0130NDE<\/strong><\/p>\n<p>\u0130stanbul Havaliman\u0131, bu d\u00f6nemde g\u00fcnl\u00fck ortalama 1437 u\u00e7u\u015fla Avrupa&#8217;n\u0131n en yo\u011fun havalimanlar\u0131 aras\u0131nda ilk s\u0131rada yer ald\u0131.<\/p>\n<p>\u0130stanbul Havaliman\u0131&#8217;n\u0131 g\u00fcnl\u00fck 1285 u\u00e7u\u015fla Londra Heathrow, 1203 u\u00e7u\u015fla Paris Charles de Gaulle, 1167 u\u00e7u\u015fla Madrid havalimanlar\u0131 takip etti.<\/p>\n<p>\u0130stanbul Sabiha G\u00f6k\u00e7en Uluslararas\u0131 Havaliman\u0131 ise g\u00fcnl\u00fck 741 u\u00e7u\u015fla Avrupa&#8217;n\u0131n en yo\u011fun 10. havaliman\u0131 oldu.<\/p>\n<div> <span><strong>Kaynak:<\/strong> Ensonhaber Haber Merkezi<\/span> <\/div>\n","protected":false},"excerpt":{"rendered":"<p>T\u00fcrkiye&#8217;nin dev yat\u0131r\u0131mlar\u0131ndan olan \u0130stanbul Havaliman\u0131, \u00fclkeyi havac\u0131l\u0131k sekt\u00f6r\u00fcnde \u00f6nemli bir aktarma merkezi haline getirerek dikkatleri \u00fczerine \u00e7ekmeyi ba\u015fard\u0131. Hizmete girmesinin ard\u0131ndan k\u0131sa s\u00fcre i\u00e7inde pe\u015f pe\u015fe bir\u00e7ok rekora imza atan &#8230;<\/p>\n","protected":false},"author":1,"featured_media":54700,"comment_status":"open","ping_status":"open","sticky":false,"template":"","format":"standard","meta":{"footnotes":""},"categories":[8],"tags":[1090,459,538,4723],"class_list":["post-54699","post","type-post","status-publish","format-standard","has-post-thumbnail","hentry","category-ekonomi","tag-avrupa","tag-hava","tag-istanbul","tag-ucusla"],"_links":{"self":[{"href":"https:\/\/bihavadis.com\/index.php\/wp-json\/wp\/v2\/posts\/54699","targetHints":{"allow":["GET"]}}],"collection":[{"href":"https:\/\/bihavadis.com\/index.php\/wp-json\/wp\/v2\/posts"}],"about":[{"href":"https:\/\/bihavadis.com\/index.php\/wp-json\/wp\/v2\/types\/post"}],"author":[{"embeddable":true,"href":"https:\/\/bihavadis.com\/index.php\/wp-json\/wp\/v2\/users\/1"}],"replies":[{"embeddable":true,"href":"https:\/\/bihavadis.com\/index.php\/wp-json\/wp\/v2\/comments?post=54699"}],"version-history":[{"count":1,"href":"https:\/\/bihavadis.com\/index.php\/wp-json\/wp\/v2\/posts\/54699\/revisions"}],"predecessor-version":[{"id":54701,"href":"https:\/\/bihavadis.com\/index.php\/wp-json\/wp\/v2\/posts\/54699\/revisions\/54701"}],"wp:featuredmedia":[{"embeddable":true,"href":"https:\/\/bihavadis.com\/index.php\/wp-json\/wp\/v2\/media\/54700"}],"wp:attachment":[{"href":"https:\/\/bihavadis.com\/index.php\/wp-json\/wp\/v2\/media?parent=54699"}],"wp:term":[{"taxonomy":"category","embeddable":true,"href":"https:\/\/bihavadis.com\/index.php\/wp-json\/wp\/v2\/categories?post=54699"},{"taxonomy":"post_tag","embeddable":true,"href":"https:\/\/bihavadis.com\/index.php\/wp-json\/wp\/v2\/tags?post=54699"}],"curies":[{"name":"wp","href":"https:\/\/api.w.org\/{rel}","templated":true}]}}