{"id":54714,"date":"2026-03-01T09:06:05","date_gmt":"2026-03-01T09:06:05","guid":{"rendered":"https:\/\/bihavadis.com\/?p=54714"},"modified":"2026-03-01T09:06:05","modified_gmt":"2026-03-01T09:06:05","slug":"trump-yonetiminin-gazzede-askeri-us-insa-etmeyi-planladigi-iddia-edildi","status":"publish","type":"post","link":"https:\/\/bihavadis.com\/index.php\/2026\/03\/01\/trump-yonetiminin-gazzede-askeri-us-insa-etmeyi-planladigi-iddia-edildi\/","title":{"rendered":"Trump y\u00f6netiminin Gazze&#8217;de askeri \u00fcs in\u015fa etmeyi planlad\u0131\u011f\u0131 iddia edildi"},"content":{"rendered":"<p>The Guardian gazetesinin haberinde\u00a0ABD Ba\u015fkan\u0131 Donald Trump y\u00f6netiminin Gazze \u015eeridi&#8217;nde \u00e7ok uluslu g\u00fc\u00e7lerin konu\u015flanmas\u0131 i\u00e7in 350 d\u00f6n\u00fcmden fazla alana yay\u0131lan 5 bin ki\u015filik bir\u00a0askeri\u00a0\u00fcs in\u015fa etmeyi planlad\u0131\u011f\u0131 aktar\u0131ld\u0131.<\/p>\n<p>Bu \u00fcs plan\u0131 i\u00e7in bir s\u00f6zle\u015fme yap\u0131ld\u0131\u011f\u0131 iddia edildi.<\/p>\n<p>Habere g\u00f6re Gazze Bar\u0131\u015f Kurulu&#8217;nun bir organ\u0131 olan Uluslararas\u0131 \u0130stikrar G\u00fcc\u00fc&#8217;n\u00fcn personelleri i\u00e7in 5 bin ki\u015filik olarak tasarlanan \u00fcs 1400 metreye 1100 metre alana sahip olacak.<\/p>\n<p><strong>D\u0130KENL\u0130 TEL \u0130LE \u00c7EVR\u0130LECEK<\/strong><\/p>\n<p>Tamam\u0131 dikenli tel ile \u00e7evrilecek \u00fcste g\u00f6zetleme kulesi, at\u0131\u015f poligonu,\u00a0askeri\u00a0te\u00e7hizat deposu ve bir\u00a0askeri\u00a0karakolun a\u015famal\u0131 \u015fekilde in\u015fa edilmesi \u00f6ng\u00f6r\u00fcl\u00fcyor.<\/p>\n<p>\u00dcs, \u0130srail&#8217;in iki y\u0131ldan uzun s\u00fcre devam eden bombard\u0131man\u0131n\u0131n ard\u0131ndan yerle bir edilen Gazze \u015eeridi&#8217;nin g\u00fcneyinde in\u015fa edilecek.<\/p>\n<p><img decoding=\"async\" src=\"https:\/\/bihavadis.com\/wp-content\/uploads\/2026\/03\/trump-yonetiminin-gazzede-askeri-us-insa-etmeyi-planladigi-iddia-edildi-0-xTfLMXpM.jpg\"\/><\/p>\n<p>Bir kaynak, bu b\u00f6lgenin uluslararas\u0131 in\u015faat \u015firketlerinin g\u00f6revlilerinden olu\u015fan k\u00fc\u00e7\u00fck bir grup taraf\u0131ndan incelendi\u011fini s\u00f6yledi.<\/p>\n<p>\u00dcs plan\u0131 i\u00e7in yap\u0131lan s\u00f6zle\u015fmede y\u00fcklenicinin, yeralt\u0131ndaki bo\u015fluklar\u0131 ve t\u00fcnelleri tespit etmek i\u00e7in sahan\u0131n incelemesini yapaca\u011f\u0131, insan kal\u0131nt\u0131lar\u0131 veya k\u00fclt\u00fcrel eser oldu\u011fundan \u015f\u00fcphelenilen bir durumda o b\u00f6lgedeki t\u00fcm \u00e7al\u0131\u015fmalar\u0131n derhal durdurulaca\u011f\u0131 kaydedildi.<\/p>\n<p><strong>&#8220;ABD ASKERLER\u0130 BU TOPRAKLARA AYAK BASMAYACAK&#8221;<\/strong><\/p>\n<p>Trump y\u00f6netimi yetkilisi ise\u00a0askeri\u00a0\u00fcs s\u00f6zle\u015fmesi hakk\u0131nda konu\u015fmay\u0131 reddederek, <b><em>&#8220;Ba\u015fkan\u0131n da s\u00f6yledi\u011fi gibi, ABD askerleri bu topraklara ayak basmayacak. S\u0131zd\u0131r\u0131lan belgeler hakk\u0131nda konu\u015fmayaca\u011f\u0131z&#8221;<\/em><\/b> ifadelerini kulland\u0131.<\/p>\n<p>Birle\u015fmi\u015f Milletlere g\u00f6re Uluslararas\u0131 \u0130stikrar G\u00fcc\u00fc, Gazze&#8217;yi g\u00fcvenli hale getirmek, b\u00f6lgede bar\u0131\u015f\u0131 ve sivilleri korumak ile olu\u015fturulacak Filistin g\u00fcvenlik g\u00fc\u00e7lerini e\u011fitmek ve desteklemekle g\u00f6revlendirilecek.<\/p>\n<p>\u0130srail&#8217;in ate\u015fkesi bozarak yeniden sald\u0131r\u0131lara ba\u015flamas\u0131 durumunda Uluslararas\u0131 \u0130stikrar G\u00fcc\u00fc&#8217;n\u00fcn nas\u0131l bir m\u00fcdahale kural\u0131na g\u00f6re hareket edece\u011fi ve \u0130srail&#8217;in Gazze&#8217;nin yeniden in\u015fas\u0131na devam etmek i\u00e7in \u015fart ko\u015ftu\u011fu Hamas&#8217;\u0131n silahs\u0131zland\u0131r\u0131lmas\u0131 konusunda ne t\u00fcr bir rol \u00fcstlenece\u011fi ise belirsiz.<\/p>\n<div> <span><strong>Kaynak:<\/strong> Ensonhaber Haber Merkezi<\/span> <\/div>\n","protected":false},"excerpt":{"rendered":"<p>The Guardian gazetesinin haberinde\u00a0ABD Ba\u015fkan\u0131 Donald Trump y\u00f6netiminin Gazze \u015eeridi&#8217;nde \u00e7ok uluslu g\u00fc\u00e7lerin konu\u015flanmas\u0131 i\u00e7in 350 d\u00f6n\u00fcmden fazla alana yay\u0131lan 5 bin ki\u015filik bir\u00a0askeri\u00a0\u00fcs in\u015fa etmeyi planlad\u0131\u011f\u0131 aktar\u0131ld\u0131. Bu \u00fcs plan\u0131 i\u00e7in bir &#8230;<\/p>\n","protected":false},"author":1,"featured_media":54715,"comment_status":"open","ping_status":"open","sticky":false,"template":"","format":"standard","meta":{"footnotes":""},"categories":[6],"tags":[557,362,5290],"class_list":["post-54714","post","type-post","status-publish","format-standard","has-post-thumbnail","hentry","category-dunya","tag-gazze","tag-insa","tag-us"],"_links":{"self":[{"href":"https:\/\/bihavadis.com\/index.php\/wp-json\/wp\/v2\/posts\/54714","targetHints":{"allow":["GET"]}}],"collection":[{"href":"https:\/\/bihavadis.com\/index.php\/wp-json\/wp\/v2\/posts"}],"about":[{"href":"https:\/\/bihavadis.com\/index.php\/wp-json\/wp\/v2\/types\/post"}],"author":[{"embeddable":true,"href":"https:\/\/bihavadis.com\/index.php\/wp-json\/wp\/v2\/users\/1"}],"replies":[{"embeddable":true,"href":"https:\/\/bihavadis.com\/index.php\/wp-json\/wp\/v2\/comments?post=54714"}],"version-history":[{"count":1,"href":"https:\/\/bihavadis.com\/index.php\/wp-json\/wp\/v2\/posts\/54714\/revisions"}],"predecessor-version":[{"id":54717,"href":"https:\/\/bihavadis.com\/index.php\/wp-json\/wp\/v2\/posts\/54714\/revisions\/54717"}],"wp:featuredmedia":[{"embeddable":true,"href":"https:\/\/bihavadis.com\/index.php\/wp-json\/wp\/v2\/media\/54715"}],"wp:attachment":[{"href":"https:\/\/bihavadis.com\/index.php\/wp-json\/wp\/v2\/media?parent=54714"}],"wp:term":[{"taxonomy":"category","embeddable":true,"href":"https:\/\/bihavadis.com\/index.php\/wp-json\/wp\/v2\/categories?post=54714"},{"taxonomy":"post_tag","embeddable":true,"href":"https:\/\/bihavadis.com\/index.php\/wp-json\/wp\/v2\/tags?post=54714"}],"curies":[{"name":"wp","href":"https:\/\/api.w.org\/{rel}","templated":true}]}}