{"id":54759,"date":"2026-03-01T09:48:08","date_gmt":"2026-03-01T09:48:08","guid":{"rendered":"https:\/\/bihavadis.com\/?p=54759"},"modified":"2026-03-01T09:48:08","modified_gmt":"2026-03-01T09:48:08","slug":"senol-gunes-dunya-kupasi-icin-buyuk-sans-var","status":"publish","type":"post","link":"https:\/\/bihavadis.com\/index.php\/2026\/03\/01\/senol-gunes-dunya-kupasi-icin-buyuk-sans-var\/","title":{"rendered":"\u015eenol G\u00fcne\u015f: D\u00fcnya Kupas\u0131 i\u00e7in b\u00fcy\u00fck \u015fans var"},"content":{"rendered":"<p>T\u00fcrk futbolunun efsane teknik direkt\u00f6rlerinden \u015eenol G\u00fcne\u015f, A Milli Futbol Tak\u0131m\u0131&#8217;n\u0131n FIFA D\u00fcnya Kupas\u0131&#8217;na kat\u0131lma yolunda b\u00fcy\u00fck bir \u015fansa sahip oldu\u011funu s\u00f6yledi.<\/p>\n<p>Tecr\u00fcbeli teknik adam, Kad\u0131k\u00f6y&#8217;de kat\u0131ld\u0131\u011f\u0131 bir etkinli\u011fin ard\u0131ndan bas\u0131n mensuplar\u0131na a\u00e7\u0131klamada bulundu.<\/p>\n<p>Yakla\u015f\u0131k bir senedir tak\u0131m \u00e7al\u0131\u015ft\u0131rmad\u0131\u011f\u0131n\u0131 anlatan G\u00fcne\u015f, &#8220;Teknik direkt\u00f6rl\u00fc\u011fe devam eder miyim, bilmiyorum. Onunla ilgili karar\u0131m yok. Beklentim de yok. Yapay zekaya soruyorum. \u0130tibar\u0131m\u0131 zedelemeyecek bir i\u015f yapmal\u0131y\u0131m. Ben \u015fu anda dinlenmeden yanay\u0131m. Futbol hayat\u0131mla ilgili kitap ve belgesel haz\u0131rl\u0131yorum. Teknik direkt\u00f6rl\u00fckle ilgili hen\u00fcz net bir karar\u0131m yok.&#8221; ifadelerini kulland\u0131.<\/p>\n<p>Galatasaray, Fenerbah\u00e7e ve Samsunspor&#8217;un Avrupa kupalar\u0131ndaki performanslar\u0131na de\u011finen G\u00fcne\u015f, &#8220;Avrupa kupalar\u0131nda mart ay\u0131n\u0131 g\u00f6r\u00fcyoruz. Bu \u00e7ok g\u00fczel. Yat\u0131r\u0131mlar \u00e7ok b\u00fcy\u00fck. Daha da iyi sonu\u00e7lar bekliyoruz. Samsunspor&#8217;un ba\u015far\u0131s\u0131n\u0131 tebrik ediyorum. Tecr\u00fcbeleri yok ama gayet iyi gidiyorlar. Galatasaray ve Fenerbah\u00e7e&#8217;nin tecr\u00fcbeleri var. Galatasaray&#8217;\u0131n UEFA \u015eampiyonlar Ligi&#8217;nde \u015fans\u0131 var. Lig a\u015famas\u0131nda biraz a\u015fa\u011f\u0131da kald\u0131 ama tekrar yukar\u0131ya \u00e7\u0131kabilir. Juventus ma\u00e7\u0131n\u0131n iyi ge\u00e7ece\u011fini d\u00fc\u015f\u00fcn\u00fcyorum. Fenerbah\u00e7e&#8217;nin de UEFA Avrupa Ligi&#8217;nde iyi i\u015fler \u00e7\u0131kartabilece\u011fini d\u00fc\u015f\u00fcn\u00fcyorum. B\u00fct\u00fcn tak\u0131mlara ba\u015far\u0131lar diliyorum.&#8221; diye konu\u015ftu.<\/p>\n<p>A Milli Futbol Tak\u0131m\u0131 ile ilgili soruyu da yan\u0131tlayan tecr\u00fcbeli \u00e7al\u0131\u015ft\u0131r\u0131c\u0131, &#8220;D\u00fcnya Kupas\u0131 i\u00e7in genel olarak \u00e7ok b\u00fcy\u00fck \u015fans\u0131m\u0131z var. &#8216;Garanti&#8217; demek do\u011fru de\u011fil. Ka\u011f\u0131t \u00fczerinde Romanya, Slovakya ve Kosova&#8217;y\u0131 ge\u00e7ebiliriz. Tak\u0131m\u0131n iyi bir ambiyans\u0131 var. \u0130yi bir hocam\u0131z var. Y\u00f6netim ve T\u00fcrkiye \u00e7ok heyecanl\u0131. Bizim d\u00f6nemimizde yar\u0131m as\u0131r sonra D\u00fcnya Kupas\u0131&#8217;na kat\u0131lm\u0131\u015ft\u0131k. \u015eimdi de \u00e7eyrek as\u0131r sonra kat\u0131lma \u015fans\u0131m\u0131z var. \u0130n\u015fallah D\u00fcnya Kupas\u0131&#8217;na kat\u0131l\u0131r\u0131z.&#8221; de\u011ferlendirmesinde bulundu.<\/p>\n<p>\u015eenol G\u00fcne\u015f, S\u00fcper Lig&#8217;deki \u015fampiyonluk yar\u0131\u015f\u0131yla ilgili de \u015funlar\u0131 kaydetti: <\/p>\n<p>&#8220;Ka\u011f\u0131t \u00fczerinde Galatasaray, Fenerbah\u00e7e, Be\u015fikta\u015f ve Trabzonspor&#8217;un ligde iddias\u0131 var. Galatasaray-Fenerbah\u00e7e rekabeti, biraz \u00f6n plana \u00e7\u0131k\u0131yor. Bu hem Galatasaray&#8217;a hem de Fenerbah\u00e7e&#8217;ye zarar veriyor. Zirvede 5-6 tak\u0131m m\u00fccadele etse futbolda daha adaletli bir yar\u0131\u015fma olur. Tak\u0131m say\u0131s\u0131 azald\u0131k\u00e7a iki kul\u00fcp aras\u0131ndaki rekabet, kavgaya d\u00f6n\u00fc\u015f\u00fcyor. Hak edenin kazanaca\u011f\u0131 bir yar\u0131\u015f olmas\u0131 i\u00e7in kaybetti\u011fin zaman kar\u015f\u0131 tarafa sayg\u0131 duymal\u0131s\u0131n\u0131z. \u015eu anda b\u00f6yle olmuyor. Kazanmak i\u00e7in hakem ve federasyon su\u00e7lan\u0131yor. Bu d\u00f6rt tak\u0131m, T\u00fcrkiye&#8217;nin lokomotifi. Di\u011fer tak\u0131mlar da bu kul\u00fcpleri \u00f6rnek al\u0131yor. Galatasaray, Fenerbah\u00e7e, Be\u015fikta\u015f ve Trabzonspor, di\u011fer tak\u0131mlara \u00f6rnek olmal\u0131lar.&#8221;<\/p>\n","protected":false},"excerpt":{"rendered":"<p>Tecr\u00fcbeli teknik direkt\u00f6r, A Milli Tak\u0131m&#8217;\u0131n D\u00fcnya Kupas\u0131&#8217;na kat\u0131lma ihtimali \u00fczerine konu\u015ftu.<\/p>\n","protected":false},"author":1,"featured_media":54760,"comment_status":"open","ping_status":"open","sticky":false,"template":"","format":"standard","meta":{"footnotes":""},"categories":[14],"tags":[1858,496,597,366,211],"class_list":["post-54759","post","type-post","status-publish","format-standard","has-post-thumbnail","hentry","category-spor","tag-fenerbahce","tag-galatasaray","tag-lig","tag-takim","tag-var"],"_links":{"self":[{"href":"https:\/\/bihavadis.com\/index.php\/wp-json\/wp\/v2\/posts\/54759","targetHints":{"allow":["GET"]}}],"collection":[{"href":"https:\/\/bihavadis.com\/index.php\/wp-json\/wp\/v2\/posts"}],"about":[{"href":"https:\/\/bihavadis.com\/index.php\/wp-json\/wp\/v2\/types\/post"}],"author":[{"embeddable":true,"href":"https:\/\/bihavadis.com\/index.php\/wp-json\/wp\/v2\/users\/1"}],"replies":[{"embeddable":true,"href":"https:\/\/bihavadis.com\/index.php\/wp-json\/wp\/v2\/comments?post=54759"}],"version-history":[{"count":1,"href":"https:\/\/bihavadis.com\/index.php\/wp-json\/wp\/v2\/posts\/54759\/revisions"}],"predecessor-version":[{"id":54761,"href":"https:\/\/bihavadis.com\/index.php\/wp-json\/wp\/v2\/posts\/54759\/revisions\/54761"}],"wp:featuredmedia":[{"embeddable":true,"href":"https:\/\/bihavadis.com\/index.php\/wp-json\/wp\/v2\/media\/54760"}],"wp:attachment":[{"href":"https:\/\/bihavadis.com\/index.php\/wp-json\/wp\/v2\/media?parent=54759"}],"wp:term":[{"taxonomy":"category","embeddable":true,"href":"https:\/\/bihavadis.com\/index.php\/wp-json\/wp\/v2\/categories?post=54759"},{"taxonomy":"post_tag","embeddable":true,"href":"https:\/\/bihavadis.com\/index.php\/wp-json\/wp\/v2\/tags?post=54759"}],"curies":[{"name":"wp","href":"https:\/\/api.w.org\/{rel}","templated":true}]}}