{"id":54778,"date":"2026-03-01T10:03:07","date_gmt":"2026-03-01T10:03:07","guid":{"rendered":"https:\/\/bihavadis.com\/?p=54778"},"modified":"2026-03-01T10:03:07","modified_gmt":"2026-03-01T10:03:07","slug":"tugba-ozay-karsa-gitti-buralar-cok-guzel","status":"publish","type":"post","link":"https:\/\/bihavadis.com\/index.php\/2026\/03\/01\/tugba-ozay-karsa-gitti-buralar-cok-guzel\/","title":{"rendered":"Tu\u011fba \u00d6zay, Kars&#8217;a gitti: Buralar \u00e7ok g\u00fczel"},"content":{"rendered":"<p>Eski Manken Tu\u011fba \u00d6zay,\u00a0 Kars&#8217;a gitti. Sar\u0131kam\u0131\u015f Kayak Merkezi&#8217;nde tatil yapan \u00d6zay, Kars&#8217;a gelerek al\u0131\u015fveri\u015f yapt\u0131. Kars&#8217;\u0131n y\u00f6resel \u00fcr\u00fcnlerinden sat\u0131n alan \u00d6zay, Sar\u0131kam\u0131\u015f Kayak Merkezini \u00e7ok be\u011fendi\u011fini s\u00f6yledi.<\/p>\n<p><img decoding=\"async\" src=\"https:\/\/bihavadis.com\/wp-content\/uploads\/2026\/03\/tugba-ozay-karsa-gitti-buralar-cok-guzel-0-4k489AFU.jpg\"\/><\/p>\n<p><strong>&#8220;VATAN SEVDALISIYIM&#8221;<\/strong><\/p>\n<p>22 y\u0131l \u00f6nce geldi\u011fi Kars&#8217;\u0131 ve Sar\u0131kam\u0131\u015f&#8217;\u0131 be\u011fendi\u011fini belirten \u00d6zay, \u015fu ifadeleri kulland\u0131:<\/p>\n<p><b><em>&#8220;Beni tan\u0131yan herkes \u00e7ok iyi bilir ki bir vatan sevdal\u0131s\u0131y\u0131m. Kendi yurdumuzda, kendi vatan\u0131m\u0131zda o kadar g\u00fczel yerler, ke\u015ffedilmemi\u015f yerler var ki. Sar\u0131kam\u0131\u015f&#8217;a hayret ettim. O kadar \u00e7ok oteller yap\u0131lm\u0131\u015f hepsi de be\u015f y\u0131ld\u0131zl\u0131 yani tesis olarak. Yerli mal\u0131, yurdun mal\u0131 herkes onu kullanmal\u0131. D\u00fcnyan\u0131n d\u00f6rt bir yan\u0131n\u0131 gezmi\u015f bir insan olarak en sevdi\u011fim co\u011frafya kesinlikle ve kesinlikle kendi co\u011frafyam\u0131z. Tabii ki d\u00fcnyan\u0131n bir\u00e7ok yeri \u00e7ok g\u00fczelliklerle dolu ama ne olursa olsun bizim k\u00f6k\u00fcm\u00fcz, bizim topra\u011f\u0131m\u0131z, anam\u0131z, kuca\u011f\u0131m\u0131z, bizi sar\u0131p sarmalayan yer kendi vatan\u0131m\u0131z.\u00a0E\u011fer ki birbirimize destek verirsek bu \u00fclke zaten \u00e7ok \u00e7ok daha g\u00fc\u00e7l\u00fc olur diye d\u00fc\u015f\u00fcn\u00fcyorum. \u00c7\u0131k\u0131n \u00e7\u0131k\u0131n gelin. Sar\u0131kam\u0131\u015f ayr\u0131 g\u00fczel ama Kars&#8217;\u0131n di\u011fer il\u00e7elerinde de \u00e7ok g\u00fczellikler var.&#8221;<\/em><\/b><\/p>\n<p><img decoding=\"async\" src=\"https:\/\/bihavadis.com\/wp-content\/uploads\/2026\/03\/tugba-ozay-karsa-gitti-buralar-cok-guzel-1-2GWzdXP2.jpg\"\/><\/p>\n<p><strong>&#8220;\u00d6ZLEMLE ANIYORUZ&#8221;<\/strong><\/p>\n<p>Sar\u0131kam\u0131\u015f \u015eehitli\u011fini ziyaret etti\u011fini ifade eden \u00d6zay, s\u00f6zlerine \u015f\u00f6yle devam etti. <b><em>&#8220;Sabah kalkt\u0131\u011f\u0131m\u0131zda ilk i\u015fimiz \u015fehitli\u011fimizi ziyaret etmek oldu. Tabii ki, o ac\u0131y\u0131 o kadar b\u00f6yle iliklerime dek hissettim ki, hikayesini biliyoruz, tarihini biliyoruz. Sar\u0131kam\u0131\u015f \u015eehitlerimizi sayg\u0131yla, minnetle, \u00f6zlemle an\u0131yoruz. Ama \u00f6zellikle o an\u0131t mezara gitti\u011fimde o isimleri g\u00f6rd\u00fc\u011f\u00fcm zaman ger\u00e7ekten \u00e7ok \u00e7ok iliklerime dek hissettim. \u00c7ok \u00fcz\u00fcld\u00fcm, a\u011flad\u0131m.<\/em><\/b><\/p>\n<p><img decoding=\"async\" src=\"https:\/\/bihavadis.com\/wp-content\/uploads\/2026\/03\/tugba-ozay-karsa-gitti-buralar-cok-guzel-2-hshfI8Nt.jpg\"\/><\/p>\n<p><strong>&#8220;BOR\u00c7LUYUZ&#8221;<\/strong><\/p>\n<p><b><em>O bayra\u011f\u0131m\u0131z orada dalgalan\u0131rken, o asker heykellerini g\u00f6rd\u00fc\u011f\u00fcmde, o yaz\u0131lanlar\u0131 okudu\u011fumda muazzam bir duygu f\u0131rt\u0131nas\u0131 ya\u015fad\u0131m. Bu \u00fclke kolay kurulmad\u0131. Bu vatan topraklar\u0131na kolay sahip \u00e7\u0131k\u0131lmad\u0131. Bizler bug\u00fcn bu co\u011frafyada rahat\u00e7a ve \u00f6zg\u00fcrce ya\u015f\u0131yorsak atalar\u0131m\u0131za minnet bor\u00e7luyuz.\u00a0Bu vatan i\u00e7in kim m\u00fccadele ettiyse, kim \u015fehit olduysa, kim gazi olduysa, kimin \u00e7orbada tuzu varsa hepsine minnet bor\u00e7luyuz, ya\u015fam\u0131m\u0131z\u0131 onlara bor\u00e7luyuz.&#8221;<\/em><\/b><\/p>\n<div> <span><strong>Kaynak:<\/strong> Ensonhaber Haber Merkezi<\/span> <\/div>\n","protected":false},"excerpt":{"rendered":"<p>Eski Manken Tu\u011fba \u00d6zay,\u00a0 Kars&#8217;a gitti. Sar\u0131kam\u0131\u015f Kayak Merkezi&#8217;nde tatil yapan \u00d6zay, Kars&#8217;a gelerek al\u0131\u015fveri\u015f yapt\u0131. Kars&#8217;\u0131n y\u00f6resel \u00fcr\u00fcnlerinden sat\u0131n alan \u00d6zay, Sar\u0131kam\u0131\u015f Kayak Merkezini \u00e7ok be\u011fendi\u011fini s\u00f6yledi. &#8220;VATAN SEVDALISIYIM&#8221; 22 y\u0131l \u00f6nce &#8230;<\/p>\n","protected":false},"author":1,"featured_media":54779,"comment_status":"open","ping_status":"open","sticky":false,"template":"","format":"standard","meta":{"footnotes":""},"categories":[1],"tags":[6788,4476,5676],"class_list":["post-54778","post","type-post","status-publish","format-standard","has-post-thumbnail","hentry","category-uncategorized","tag-ozay","tag-sarikamis","tag-vatan"],"_links":{"self":[{"href":"https:\/\/bihavadis.com\/index.php\/wp-json\/wp\/v2\/posts\/54778","targetHints":{"allow":["GET"]}}],"collection":[{"href":"https:\/\/bihavadis.com\/index.php\/wp-json\/wp\/v2\/posts"}],"about":[{"href":"https:\/\/bihavadis.com\/index.php\/wp-json\/wp\/v2\/types\/post"}],"author":[{"embeddable":true,"href":"https:\/\/bihavadis.com\/index.php\/wp-json\/wp\/v2\/users\/1"}],"replies":[{"embeddable":true,"href":"https:\/\/bihavadis.com\/index.php\/wp-json\/wp\/v2\/comments?post=54778"}],"version-history":[{"count":1,"href":"https:\/\/bihavadis.com\/index.php\/wp-json\/wp\/v2\/posts\/54778\/revisions"}],"predecessor-version":[{"id":54783,"href":"https:\/\/bihavadis.com\/index.php\/wp-json\/wp\/v2\/posts\/54778\/revisions\/54783"}],"wp:featuredmedia":[{"embeddable":true,"href":"https:\/\/bihavadis.com\/index.php\/wp-json\/wp\/v2\/media\/54779"}],"wp:attachment":[{"href":"https:\/\/bihavadis.com\/index.php\/wp-json\/wp\/v2\/media?parent=54778"}],"wp:term":[{"taxonomy":"category","embeddable":true,"href":"https:\/\/bihavadis.com\/index.php\/wp-json\/wp\/v2\/categories?post=54778"},{"taxonomy":"post_tag","embeddable":true,"href":"https:\/\/bihavadis.com\/index.php\/wp-json\/wp\/v2\/tags?post=54778"}],"curies":[{"name":"wp","href":"https:\/\/api.w.org\/{rel}","templated":true}]}}