{"id":54872,"date":"2026-03-01T11:09:08","date_gmt":"2026-03-01T11:09:08","guid":{"rendered":"https:\/\/bihavadis.com\/?p=54872"},"modified":"2026-03-01T11:09:08","modified_gmt":"2026-03-01T11:09:08","slug":"mehmet-ali-erbilin-esi-gulseren-ceylanin-ramazan-paylasimi-basortusu-takti","status":"publish","type":"post","link":"https:\/\/bihavadis.com\/index.php\/2026\/03\/01\/mehmet-ali-erbilin-esi-gulseren-ceylanin-ramazan-paylasimi-basortusu-takti\/","title":{"rendered":"Mehmet Ali Erbil\u2019in e\u015fi G\u00fclseren Ceylan&#8217;\u0131n Ramazan payla\u015f\u0131m\u0131! Ba\u015f\u00f6rt\u00fcs\u00fc takt\u0131"},"content":{"rendered":"<p>\u00dcnl\u00fc \u015fovmen Mehmet Ali Erbil, ge\u00e7ti\u011fimiz aylarda hayat\u0131n\u0131 G\u00fclseren Ceylan&#8217;la birle\u015ftirmi\u015fti. 46 ya\u015f k\u00fc\u00e7\u00fck gelin ve bu evlilik magazin g\u00fcndeminde epeyce yer alm\u0131\u015ft\u0131.\u00a0S\u0131k s\u0131k sosyal medya payla\u015f\u0131mlar\u0131yla g\u00fcndem olan G\u00fclseren Ceylan, yeni payla\u015f\u0131m\u0131yla yine dikkatleri \u00fczerine \u00e7ekti.<\/p>\n<p>Sosyal medya payla\u015f\u0131mlar\u0131yla s\u0131k s\u0131k g\u00fcndem olan Mehmet Ali Erbil&#8217;in e\u015fi G\u00fclseren Ceylan, Ramazan&#8217;\u0131n gelmesiyle payla\u015f\u0131mlar\u0131nda de\u011fi\u015fikli\u011fe gitti.<\/p>\n<p><strong>&#8220;\u00c7OK \u015e\u00dcK\u00dcR&#8221;<\/strong><\/p>\n<p>Ceylan, Ramazan dolay\u0131s\u0131yla ba\u015f\u00f6rt\u00fcs\u00fc takt\u0131. \u00dcnl\u00fc isim, payla\u015f\u0131mlar\u0131n\u0131n alt\u0131na,<b><em> &#8220;\u00c7ok \u015f\u00fck\u00fcr, b\u00f6yle g\u00f6rmek de varm\u0131\u015f kendimi.&#8221;<\/em><\/b> notunu ekledi.<\/p>\n<p><img decoding=\"async\" src=\"https:\/\/bihavadis.com\/wp-content\/uploads\/2026\/03\/mehmet-ali-erbilin-esi-gulseren-ceylanin-ramazan-paylasimi-basortusu-takti-0-vGuCEKes.jpg\"\/><\/p>\n<p><img decoding=\"async\" src=\"https:\/\/bihavadis.com\/wp-content\/uploads\/2026\/03\/mehmet-ali-erbilin-esi-gulseren-ceylanin-ramazan-paylasimi-basortusu-takti-1-XlcIiMTS.jpg\"\/><\/p>\n<p><img decoding=\"async\" src=\"https:\/\/bihavadis.com\/wp-content\/uploads\/2026\/03\/mehmet-ali-erbilin-esi-gulseren-ceylanin-ramazan-paylasimi-basortusu-takti-2-hx6Pg1Ef.jpg\"\/> <\/p>\n<div> <span><strong>Kaynak:<\/strong> Ensonhaber Haber Merkezi<\/span> <\/div>\n","protected":false},"excerpt":{"rendered":"<p>\u00dcnl\u00fc \u015fovmen Mehmet Ali Erbil, ge\u00e7ti\u011fimiz aylarda hayat\u0131n\u0131 G\u00fclseren Ceylan&#8217;la birle\u015ftirmi\u015fti. 46 ya\u015f k\u00fc\u00e7\u00fck gelin ve bu evlilik magazin g\u00fcndeminde epeyce yer alm\u0131\u015ft\u0131.\u00a0S\u0131k s\u0131k sosyal medya payla\u015f\u0131mlar\u0131yla g\u00fcndem olan G\u00fclseren Ceylan, yeni payla\u015f\u0131m\u0131yla &#8230;<\/p>\n","protected":false},"author":1,"featured_media":54873,"comment_status":"open","ping_status":"open","sticky":false,"template":"","format":"standard","meta":{"footnotes":""},"categories":[1],"tags":[],"class_list":["post-54872","post","type-post","status-publish","format-standard","has-post-thumbnail","hentry","category-uncategorized"],"_links":{"self":[{"href":"https:\/\/bihavadis.com\/index.php\/wp-json\/wp\/v2\/posts\/54872","targetHints":{"allow":["GET"]}}],"collection":[{"href":"https:\/\/bihavadis.com\/index.php\/wp-json\/wp\/v2\/posts"}],"about":[{"href":"https:\/\/bihavadis.com\/index.php\/wp-json\/wp\/v2\/types\/post"}],"author":[{"embeddable":true,"href":"https:\/\/bihavadis.com\/index.php\/wp-json\/wp\/v2\/users\/1"}],"replies":[{"embeddable":true,"href":"https:\/\/bihavadis.com\/index.php\/wp-json\/wp\/v2\/comments?post=54872"}],"version-history":[{"count":1,"href":"https:\/\/bihavadis.com\/index.php\/wp-json\/wp\/v2\/posts\/54872\/revisions"}],"predecessor-version":[{"id":54877,"href":"https:\/\/bihavadis.com\/index.php\/wp-json\/wp\/v2\/posts\/54872\/revisions\/54877"}],"wp:featuredmedia":[{"embeddable":true,"href":"https:\/\/bihavadis.com\/index.php\/wp-json\/wp\/v2\/media\/54873"}],"wp:attachment":[{"href":"https:\/\/bihavadis.com\/index.php\/wp-json\/wp\/v2\/media?parent=54872"}],"wp:term":[{"taxonomy":"category","embeddable":true,"href":"https:\/\/bihavadis.com\/index.php\/wp-json\/wp\/v2\/categories?post=54872"},{"taxonomy":"post_tag","embeddable":true,"href":"https:\/\/bihavadis.com\/index.php\/wp-json\/wp\/v2\/tags?post=54872"}],"curies":[{"name":"wp","href":"https:\/\/api.w.org\/{rel}","templated":true}]}}