{"id":54878,"date":"2026-03-01T11:12:13","date_gmt":"2026-03-01T11:12:13","guid":{"rendered":"https:\/\/bihavadis.com\/?p=54878"},"modified":"2026-03-01T11:12:13","modified_gmt":"2026-03-01T11:12:13","slug":"iyilik-kanimizda-var-kan-bagisi-kampanyasi","status":"publish","type":"post","link":"https:\/\/bihavadis.com\/index.php\/2026\/03\/01\/iyilik-kanimizda-var-kan-bagisi-kampanyasi\/","title":{"rendered":"\u0130yilik Kan\u0131m\u0131zda Var: Kan Ba\u011f\u0131\u015f\u0131 Kampanyas\u0131"},"content":{"rendered":"<p>\u00d6NDER \u0130mam Hatipliler Derne\u011fi ile T\u00fcrk K\u0131z\u0131lay i\u015f birli\u011finde &#8220;\u0130yilik Kan\u0131m\u0131zda Var&#8221; slogan\u0131yla kan ba\u011f\u0131\u015f\u0131 kampanyas\u0131 ger\u00e7ekle\u015ftirildi.<\/p>\n<p>\u00d6zg\u00fcrl\u00fck ve Demokrasi Meydan\u0131&#8217;nda d\u00fczenlenen kampanyada vatanda\u015flar kan ba\u011f\u0131\u015f\u0131nda bulundu.<\/p>\n<p>\u00d6NDER \u0130mam Hatipliler Derne\u011fi \u0130l Ba\u015fkan\u0131 Ferdi Avc\u0131, programda yapt\u0131\u011f\u0131 konu\u015fmada, dernek olarak iyili\u011fi, dayan\u0131\u015fmay\u0131 ve insan hayat\u0131n\u0131 her \u015feyin \u00fczerinde tuttuklar\u0131n\u0131 s\u00f6yledi.<\/p>\n<p>Toplumda kan ba\u011f\u0131\u015f\u0131 bilincinin yayg\u0131nla\u015fmas\u0131n\u0131 ama\u00e7lad\u0131klar\u0131n\u0131 belirten Avc\u0131, bu kapsamda &#8220;\u0130yilik Kan\u0131m\u0131zda Var&#8221; slogan\u0131yla 81 ilde e\u015f zamanl\u0131 kampanyalar d\u00fczenlendi\u011fini ifade etti.<\/p>\n<p>Avc\u0131, kampanyaya destek veren t\u00fcm ki\u015fi ve kurumlara te\u015fekk\u00fcr etti.<\/p>\n<p>Kan ba\u011f\u0131\u015f\u0131 kampanyas\u0131n\u0131n yar\u0131n sona erece\u011fi bildirildi.<\/p>\n","protected":false},"excerpt":{"rendered":"<p>\u00d6NDER \u0130mam Hatipliler Derne\u011fi ve T\u00fcrk K\u0131z\u0131lay, kan ba\u011f\u0131\u015f\u0131 kampanyas\u0131 d\u00fczenleyerek toplumu bilgilendirdi.<\/p>\n","protected":false},"author":1,"featured_media":54879,"comment_status":"open","ping_status":"open","sticky":false,"template":"","format":"standard","meta":{"footnotes":""},"categories":[9,4,13],"tags":[1424],"class_list":["post-54878","post","type-post","status-publish","format-standard","has-post-thumbnail","hentry","category-genel","category-gundem","category-son-dakika","tag-kan"],"_links":{"self":[{"href":"https:\/\/bihavadis.com\/index.php\/wp-json\/wp\/v2\/posts\/54878","targetHints":{"allow":["GET"]}}],"collection":[{"href":"https:\/\/bihavadis.com\/index.php\/wp-json\/wp\/v2\/posts"}],"about":[{"href":"https:\/\/bihavadis.com\/index.php\/wp-json\/wp\/v2\/types\/post"}],"author":[{"embeddable":true,"href":"https:\/\/bihavadis.com\/index.php\/wp-json\/wp\/v2\/users\/1"}],"replies":[{"embeddable":true,"href":"https:\/\/bihavadis.com\/index.php\/wp-json\/wp\/v2\/comments?post=54878"}],"version-history":[{"count":1,"href":"https:\/\/bihavadis.com\/index.php\/wp-json\/wp\/v2\/posts\/54878\/revisions"}],"predecessor-version":[{"id":54880,"href":"https:\/\/bihavadis.com\/index.php\/wp-json\/wp\/v2\/posts\/54878\/revisions\/54880"}],"wp:featuredmedia":[{"embeddable":true,"href":"https:\/\/bihavadis.com\/index.php\/wp-json\/wp\/v2\/media\/54879"}],"wp:attachment":[{"href":"https:\/\/bihavadis.com\/index.php\/wp-json\/wp\/v2\/media?parent=54878"}],"wp:term":[{"taxonomy":"category","embeddable":true,"href":"https:\/\/bihavadis.com\/index.php\/wp-json\/wp\/v2\/categories?post=54878"},{"taxonomy":"post_tag","embeddable":true,"href":"https:\/\/bihavadis.com\/index.php\/wp-json\/wp\/v2\/tags?post=54878"}],"curies":[{"name":"wp","href":"https:\/\/api.w.org\/{rel}","templated":true}]}}