{"id":54905,"date":"2026-03-01T11:33:05","date_gmt":"2026-03-01T11:33:05","guid":{"rendered":"https:\/\/bihavadis.com\/?p=54905"},"modified":"2026-03-01T11:33:05","modified_gmt":"2026-03-01T11:33:05","slug":"emekli-polis-memuru-gence-taziye-mesaji","status":"publish","type":"post","link":"https:\/\/bihavadis.com\/index.php\/2026\/03\/01\/emekli-polis-memuru-gence-taziye-mesaji\/","title":{"rendered":"Emekli Polis Memuru Gen\u00e7&#8217;e Taziye Mesaj\u0131"},"content":{"rendered":"<p>Ge\u00e7ti\u011fimiz hafta hayat\u0131n\u0131 kaybeden emekli Polis Memuru Mehmet Ali Gen\u00e7 i\u00e7in \u0130\u00e7i\u015fleri Bakan\u0131 Ali Yerlikaya taziye mesaj\u0131 yay\u0131mlad\u0131. Gen\u00e7&#8217;in ailesi ise mesaj dolay\u0131s\u0131yla Bakan Yerlikaya&#8217;ya te\u015fekk\u00fcr etti.<\/p>\n<p>1963 y\u0131l\u0131nda T\u00fcrk Polis Te\u015fkilat\u0131nda g\u00f6reve ba\u015flayan ve uzun y\u0131llar devlete hizmet eden emekli Polis Memuru Mehmet Ali Gen\u00e7, ge\u00e7ti\u011fimiz hafta Mersin&#8217;in Silifke il\u00e7esinde hayat\u0131n\u0131 kaybetti. Merhum Gen\u00e7&#8217;in vefat\u0131, ailesi ve meslekta\u015flar\u0131n\u0131 yasa bo\u011fdu.<\/p>\n<p>T\u00fcrk Polis Te\u015fkilat\u0131n\u0131n 180&#8217;inci kurulu\u015f y\u0131l d\u00f6n\u00fcm\u00fc dolay\u0131s\u0131yla payla\u015f\u0131lan videoda da yer alan Mehmet Ali Gen\u00e7 i\u00e7in \u0130\u00e7i\u015fleri Bakan\u0131 Ali Yerlikaya taziye mesaj\u0131 yay\u0131mlad\u0131. Bakan Yerlikaya mesaj\u0131nda, &#8220;T\u00fcrk Polis Te\u015fkilat\u0131m\u0131z\u0131n 180&#8217;inci kurulu\u015f y\u0131l d\u00f6n\u00fcm\u00fc vesilesiyle payla\u015ft\u0131\u011f\u0131m\u0131z videoda; 1963 y\u0131l\u0131nda o asil \u00fcniformay\u0131 giyip g\u00f6reve ba\u015flam\u0131\u015f, \u00f6mr\u00fcn\u00fc devletine ve milletine adam\u0131\u015f emekli Polis Memurumuz Mehmet Ali amcam\u0131z\u0131 ge\u00e7en hafta kaybettik.<\/p>\n<p>Merhum Mehmet Ali Gen\u00e7 amcam\u0131za Allah&#8217;tan rahmet; k\u0131ymetli ailesine, yak\u0131nlar\u0131na ve Emniyet Te\u015fkilat\u0131m\u0131za ba\u015fsa\u011fl\u0131\u011f\u0131 diliyorum. Mekan\u0131 cennet olsun&#8221; ifadelerini kulland\u0131.<\/p>\n<p>Merhumun e\u015fi Ay\u015fe Gen\u00e7, yay\u0131mlanan taziye mesaj\u0131 dolay\u0131s\u0131yla \u0130\u00e7i\u015fleri Bakan\u0131 Yerlikaya&#8217;ya te\u015fekk\u00fcr ederek, &#8220;\u0130\u00e7i\u015fleri Bakan\u0131m\u0131za taziye mesajlar\u0131 i\u00e7in \u00e7ok te\u015fekk\u00fcr ederim&#8221; dedi.<\/p>\n<p>O\u011flu emekli Polis Memuru Mesut Gen\u00e7 ise &#8220;Bakan\u0131m\u0131z\u0131n Emniyet Te\u015fkilat\u0131n\u0131n 180&#8217;inci y\u0131l\u0131 dolay\u0131s\u0131yla payla\u015ft\u0131\u011f\u0131 video hepimizi gururland\u0131rd\u0131. Babam da bu gururu ya\u015fad\u0131. Vefat\u0131ndan sonra yay\u0131mlanan taziye mesaj\u0131 da bizleri onurland\u0131rd\u0131. Allah hepsinden raz\u0131 olsun&#8221; diye konu\u015ftu.<\/p>\n<p>K\u0131z\u0131 Fatma K\u0131r\u0131t da &#8220;Taziye mesaj\u0131nda bulunan bakan\u0131m\u0131za te\u015fekk\u00fcr ederiz. Babam\u0131z\u0131n an\u0131s\u0131n\u0131 ya\u015fatt\u0131\u011f\u0131 i\u00e7in minnettar\u0131z&#8221; ifadelerini kulland\u0131.<\/p>\n<p>Merhumun ailesi, taziye s\u00fcresince kendilerini yaln\u0131z b\u0131rakmayan t\u00fcm dost, meslekta\u015f ve vatanda\u015flara da te\u015fekk\u00fcr etti.<\/p>\n<p>\u00d6mr\u00fcn\u00fc vatana hizmetle ge\u00e7iren emekli Polis Memuru Mehmet Ali Gen\u00e7, ge\u00e7ti\u011fimiz hafta dualarla son yolculu\u011funa u\u011furlanm\u0131\u015ft\u0131. &#8211; MERS\u0130N<\/p>\n","protected":false},"excerpt":{"rendered":"<p>\u0130\u00e7i\u015fleri Bakan\u0131 Yerlikaya, vefat eden emekli polis Mehmet Ali Gen\u00e7 i\u00e7in taziye mesaj\u0131 yay\u0131mlad\u0131.<\/p>\n","protected":false},"author":1,"featured_media":54906,"comment_status":"open","ping_status":"open","sticky":false,"template":"","format":"standard","meta":{"footnotes":""},"categories":[12],"tags":[6798,6797,6796,594,2590],"class_list":["post-54905","post","type-post","status-publish","format-standard","has-post-thumbnail","hentry","category-siyaset","tag-emekli-polis-memuru","tag-mehmet-ali-genc","tag-taziye-mesaji","tag-tesekkur","tag-yerlikaya"],"_links":{"self":[{"href":"https:\/\/bihavadis.com\/index.php\/wp-json\/wp\/v2\/posts\/54905","targetHints":{"allow":["GET"]}}],"collection":[{"href":"https:\/\/bihavadis.com\/index.php\/wp-json\/wp\/v2\/posts"}],"about":[{"href":"https:\/\/bihavadis.com\/index.php\/wp-json\/wp\/v2\/types\/post"}],"author":[{"embeddable":true,"href":"https:\/\/bihavadis.com\/index.php\/wp-json\/wp\/v2\/users\/1"}],"replies":[{"embeddable":true,"href":"https:\/\/bihavadis.com\/index.php\/wp-json\/wp\/v2\/comments?post=54905"}],"version-history":[{"count":1,"href":"https:\/\/bihavadis.com\/index.php\/wp-json\/wp\/v2\/posts\/54905\/revisions"}],"predecessor-version":[{"id":54907,"href":"https:\/\/bihavadis.com\/index.php\/wp-json\/wp\/v2\/posts\/54905\/revisions\/54907"}],"wp:featuredmedia":[{"embeddable":true,"href":"https:\/\/bihavadis.com\/index.php\/wp-json\/wp\/v2\/media\/54906"}],"wp:attachment":[{"href":"https:\/\/bihavadis.com\/index.php\/wp-json\/wp\/v2\/media?parent=54905"}],"wp:term":[{"taxonomy":"category","embeddable":true,"href":"https:\/\/bihavadis.com\/index.php\/wp-json\/wp\/v2\/categories?post=54905"},{"taxonomy":"post_tag","embeddable":true,"href":"https:\/\/bihavadis.com\/index.php\/wp-json\/wp\/v2\/tags?post=54905"}],"curies":[{"name":"wp","href":"https:\/\/api.w.org\/{rel}","templated":true}]}}