{"id":54929,"date":"2026-03-01T11:51:06","date_gmt":"2026-03-01T11:51:06","guid":{"rendered":"https:\/\/bihavadis.com\/?p=54929"},"modified":"2026-03-01T11:51:06","modified_gmt":"2026-03-01T11:51:06","slug":"abd-basini-yazdi-trump-irana-sinirli-askeri-secenegi-degerlendiriyor","status":"publish","type":"post","link":"https:\/\/bihavadis.com\/index.php\/2026\/03\/01\/abd-basini-yazdi-trump-irana-sinirli-askeri-secenegi-degerlendiriyor\/","title":{"rendered":"ABD bas\u0131n\u0131 yazd\u0131: Trump, \u0130ran\u2019a s\u0131n\u0131rl\u0131 askeri se\u00e7ene\u011fi de\u011ferlendiriyor"},"content":{"rendered":"<p>ABD ile \u0130ran aras\u0131nda y\u00fcr\u00fct\u00fclen n\u00fckleer m\u00fczakereler devam ederken, diplomasi trafi\u011finin g\u00f6lgesinde askeri haz\u0131rl\u0131k iddialar\u0131 g\u00fcndeme geldi. ABD bas\u0131n\u0131nda yer alan habere g\u00f6re, Washington y\u00f6netimi, \u0130ran\u2019a y\u00f6nelik olas\u0131 bir askeri hamleyi tart\u0131\u015f\u0131yor.<\/p>\n<p><strong>WSJ: SINIRLI SALDIRI SE\u00c7ENE\u011e\u0130 MASADA<\/strong><\/p>\n<p>The Wall Street Journal (WSJ), diplomatik kaynaklara dayand\u0131rd\u0131\u011f\u0131 haberinde, ABD Ba\u015fkan\u0131 Donald Trump\u2019\u0131n, Tahran y\u00f6netimini n\u00fckleer anla\u015fmaya zorlamak i\u00e7in kapsam\u0131 s\u0131n\u0131rl\u0131 bir askeri sald\u0131r\u0131 d\u00fczenleme ihtimalini de\u011ferlendirdi\u011fini yazd\u0131.<\/p>\n<p>Haberde, s\u00f6z konusu se\u00e7ene\u011fin, b\u00fcy\u00fck \u00f6l\u00e7ekli bir misillemeye yol a\u00e7madan \u0130ran \u00fczerindeki bask\u0131y\u0131 art\u0131rmay\u0131 ama\u00e7lad\u0131\u011f\u0131 belirtildi.<\/p>\n<p><img decoding=\"async\" src=\"https:\/\/bihavadis.com\/wp-content\/uploads\/2026\/03\/abd-basini-yazdi-trump-irana-sinirli-askeri-secenegi-degerlendiriyor-0-F9AKmCT6.jpg\"\/><\/p>\n<p><strong>&#8220;B\u0130RKA\u00c7 G\u00dcN \u0130\u00c7\u0130NDE GER\u00c7EKLE\u015eEB\u0130L\u0130R&#8221;<\/strong><\/p>\n<p>Kaynaklara g\u00f6re plan\u0131n onaylanmas\u0131 halinde sald\u0131r\u0131n\u0131n birka\u00e7 g\u00fcn i\u00e7inde hayata ge\u00e7irilebilece\u011fi ve \u0130ran\u2019daki h\u00fck\u00fcmet ile askeri tesislerin hedef al\u0131nabilece\u011fi ifade edildi.<\/p>\n<p>\u0130ran\u2019\u0131n ABD\u2019nin taleplerini kabul etmemesi durumunda ise daha kapsaml\u0131 bir operasyonun g\u00fcndeme gelebilece\u011fi, hatta rejim de\u011fi\u015fikli\u011fine yol a\u00e7abilecek se\u00e7eneklerin de de\u011ferlendirildi\u011fi aktar\u0131ld\u0131.<\/p>\n<p><img decoding=\"async\" src=\"https:\/\/bihavadis.com\/wp-content\/uploads\/2026\/03\/abd-basini-yazdi-trump-irana-sinirli-askeri-secenegi-degerlendiriyor-1-ZHO5Qz7Y.jpg\"\/><\/p>\n<p><strong>N\u0130HA\u0130 KARAR HEN\u00dcZ VER\u0130LMED\u0130<\/strong><\/p>\n<p>Haberde, Trump\u2019\u0131n herhangi bir askeri operasyon konusunda hen\u00fcz kesin karar vermedi\u011fi vurguland\u0131. Masadaki se\u00e7enekler aras\u0131nda bir hafta s\u00fcrebilecek yo\u011fun bir operasyon ile daha dar kapsaml\u0131 ve hedef odakl\u0131 bir sald\u0131r\u0131 plan\u0131n\u0131n bulundu\u011fu belirtildi.<\/p>\n<p><strong>B\u00d6LGESEL SAVA\u015e END\u0130\u015eES\u0130<\/strong><\/p>\n<p>\u00d6te yandan baz\u0131 ABD\u2019li yetkililerin, \u0130ran\u2019a y\u00f6nelik olas\u0131 bir sald\u0131r\u0131n\u0131n misillemeyle kar\u015f\u0131l\u0131k bulabilece\u011fi ve bunun Orta Do\u011fu\u2019da geni\u015f \u00e7apl\u0131 bir sava\u015f\u0131 tetikleyebilece\u011fi y\u00f6n\u00fcnde kayg\u0131 ta\u015f\u0131d\u0131\u011f\u0131 kaydedildi.<\/p>\n<p>ABD-\u0130ran hatt\u0131nda diplomatik temaslar s\u00fcrerken, askeri se\u00e7eneklere ili\u015fkin iddialar b\u00f6lgedeki gerilimin seyrine dair belirsizli\u011fi art\u0131r\u0131yor.<\/p>\n<p><img decoding=\"async\" src=\"https:\/\/bihavadis.com\/wp-content\/uploads\/2026\/03\/abd-basini-yazdi-trump-irana-sinirli-askeri-secenegi-degerlendiriyor-2-VsmCWP1E.jpg\"\/> <\/p>\n<div> <span><strong>Kaynak:<\/strong> Ensonhaber Haber Merkezi<\/span> <\/div>\n","protected":false},"excerpt":{"rendered":"<p>ABD ile \u0130ran aras\u0131nda y\u00fcr\u00fct\u00fclen n\u00fckleer m\u00fczakereler devam ederken, diplomasi trafi\u011finin g\u00f6lgesinde askeri haz\u0131rl\u0131k iddialar\u0131 g\u00fcndeme geldi. ABD bas\u0131n\u0131nda yer alan habere g\u00f6re, Washington y\u00f6netimi, \u0130ran\u2019a y\u00f6nelik olas\u0131 bir askeri hamleyi tart\u0131\u015f\u0131yor &#8230;<\/p>\n","protected":false},"author":1,"featured_media":54930,"comment_status":"open","ping_status":"open","sticky":false,"template":"","format":"standard","meta":{"footnotes":""},"categories":[6],"tags":[272,2032,271,794],"class_list":["post-54929","post","type-post","status-publish","format-standard","has-post-thumbnail","hentry","category-dunya","tag-abd","tag-askeri","tag-iran","tag-saldiri"],"_links":{"self":[{"href":"https:\/\/bihavadis.com\/index.php\/wp-json\/wp\/v2\/posts\/54929","targetHints":{"allow":["GET"]}}],"collection":[{"href":"https:\/\/bihavadis.com\/index.php\/wp-json\/wp\/v2\/posts"}],"about":[{"href":"https:\/\/bihavadis.com\/index.php\/wp-json\/wp\/v2\/types\/post"}],"author":[{"embeddable":true,"href":"https:\/\/bihavadis.com\/index.php\/wp-json\/wp\/v2\/users\/1"}],"replies":[{"embeddable":true,"href":"https:\/\/bihavadis.com\/index.php\/wp-json\/wp\/v2\/comments?post=54929"}],"version-history":[{"count":1,"href":"https:\/\/bihavadis.com\/index.php\/wp-json\/wp\/v2\/posts\/54929\/revisions"}],"predecessor-version":[{"id":54934,"href":"https:\/\/bihavadis.com\/index.php\/wp-json\/wp\/v2\/posts\/54929\/revisions\/54934"}],"wp:featuredmedia":[{"embeddable":true,"href":"https:\/\/bihavadis.com\/index.php\/wp-json\/wp\/v2\/media\/54930"}],"wp:attachment":[{"href":"https:\/\/bihavadis.com\/index.php\/wp-json\/wp\/v2\/media?parent=54929"}],"wp:term":[{"taxonomy":"category","embeddable":true,"href":"https:\/\/bihavadis.com\/index.php\/wp-json\/wp\/v2\/categories?post=54929"},{"taxonomy":"post_tag","embeddable":true,"href":"https:\/\/bihavadis.com\/index.php\/wp-json\/wp\/v2\/tags?post=54929"}],"curies":[{"name":"wp","href":"https:\/\/api.w.org\/{rel}","templated":true}]}}