{"id":55036,"date":"2026-03-01T12:51:13","date_gmt":"2026-03-01T12:51:13","guid":{"rendered":"https:\/\/bihavadis.com\/?p=55036"},"modified":"2026-03-01T12:51:13","modified_gmt":"2026-03-01T12:51:13","slug":"kral-charlesin-unvani-alinan-kardesi-andrewa-bakin-epstein-iliskisi","status":"publish","type":"post","link":"https:\/\/bihavadis.com\/index.php\/2026\/03\/01\/kral-charlesin-unvani-alinan-kardesi-andrewa-bakin-epstein-iliskisi\/","title":{"rendered":"Kral Charles&#8217;\u0131n \u00fcnvan\u0131 al\u0131nan karde\u015fi Andrew&#8217;a bak\u0131n! Epstein ili\u015fkisi&#8230;"},"content":{"rendered":"<p>\u0130ngiltere Kral\u0131 3. Charles&#8217;\u0131n, Epstein ba\u011flant\u0131lar\u0131 nedeniyle \u00fcnvanlar\u0131n\u0131 kaybeden karde\u015fi Andrew Mountbatten-Windsor&#8217;un, kamu g\u00f6revinde suistimal \u015f\u00fcphesiyle g\u00f6zalt\u0131na al\u0131nd\u0131\u011f\u0131 belirtildi.<\/p>\n<p>Kral Charles&#8217;in karde\u015finin b\u00f6yle bir konu ile g\u00fcndeme gelmedi merak\u0131 daha da artt\u0131rd\u0131.<\/p>\n<p>Kraliyet Ailesi&#8217;nde Epstein iddialar\u0131, eski Prens Andrew hakk\u0131nda detaylar\u0131 g\u00fcndeme getirdi.<\/p>\n<p><img decoding=\"async\" src=\"https:\/\/bihavadis.com\/wp-content\/uploads\/2026\/03\/kral-charlesin-unvani-alinan-kardesi-andrewa-bakin-epstein-iliskisi-0-mjqS7B69.jpg\"\/><\/p>\n<p><strong>PRENS ANDREW K\u0130MD\u0130R<\/strong><\/p>\n<p>Prens Andrew, 19 \u015eubat 1960\u2019ta Elizabeth II ve Prince Philip\u2019in \u00fc\u00e7\u00fcnc\u00fc \u00e7ocu\u011fu olarak d\u00fcnyaya geldi. Do\u011fdu\u011funda Britanya taht s\u0131ralamas\u0131nda ikinciydi.<\/p>\n<p>E\u011fitimini Gordonstoun\u2019da tamamlad\u0131ktan sonra Kraliyet Donanmas\u0131\u2019na kat\u0131ld\u0131.<\/p>\n<p>Andrew, 1979\u2019da Britanya Kraliyet Donanmas\u0131\u2019nda g\u00f6rev almaya ba\u015flad\u0131 ve helikopter pilotu olarak e\u011fitim g\u00f6rd\u00fc.<\/p>\n<p>1982\u2019deki Falklands War s\u0131ras\u0131nda aktif g\u00f6rev yapt\u0131. Bu d\u00f6nemde u\u00e7u\u015f g\u00f6revleri \u00fcstlenmesi, kamuoyunda bir s\u00fcre takdir toplamas\u0131n\u0131 sa\u011flad\u0131. 2001 y\u0131l\u0131nda aktif asker\u00ee g\u00f6revini tamamlad\u0131.<\/p>\n<p><img decoding=\"async\" src=\"https:\/\/bihavadis.com\/wp-content\/uploads\/2026\/03\/kral-charlesin-unvani-alinan-kardesi-andrewa-bakin-epstein-iliskisi-1-UdEsiJTA.jpg\"\/><\/p>\n<p>1986 y\u0131l\u0131nda Sarah Ferguson ile evlendi. \u00c7ift 1996\u2019da bo\u015fand\u0131 ancak ili\u015fkilerini dostane bi\u00e7imde s\u00fcrd\u00fcrd\u00fc. Bu evlilikten iki k\u0131zlar\u0131 oldu: Princess Beatrice ve Princess Eugenie.<\/p>\n<p>Andrew uzun y\u0131llar Birle\u015fik Krall\u0131k\u2019\u0131 temsilen ticaret el\u00e7isi olarak g\u00f6rev yapt\u0131.<\/p>\n<p>Prens Andrew\u2019un kamuoyundaki imaj\u0131, Jeffrey Epstein ile olan ili\u015fkisi nedeniyle ciddi \u015fekilde zedelendi.<\/p>\n<p><img decoding=\"async\" src=\"https:\/\/bihavadis.com\/wp-content\/uploads\/2026\/03\/kral-charlesin-unvani-alinan-kardesi-andrewa-bakin-epstein-iliskisi-2-XIAOtd4k.jpg\"\/><\/p>\n<p><strong>EPSTEIN \u0130DD\u0130ALARI<\/strong><\/p>\n<p>ABD&#8217;de pedofili ve fuhu\u015f a\u011f\u0131 olu\u015fturmakla su\u00e7lanan ve hapishanede \u00f6l\u00fc bulunan ABD&#8217;li milyarder Jeffrey Epstein&#8217;in ma\u011fdurlar\u0131ndan Virginia Giuffre, Prens Andrew&#8217;\u00fcn New York ve Londra&#8217;da kendisini taciz etti\u011fini \u00f6ne s\u00fcrerek ge\u00e7en sene New York&#8217;ta dava a\u00e7m\u0131\u015ft\u0131.<\/p>\n<p>Amerikan vatanda\u015f\u0131 Giuffre, 17 ya\u015f\u0131nda cinsel sald\u0131r\u0131ya u\u011frad\u0131\u011f\u0131n\u0131, prensin, re\u015fit olmad\u0131\u011f\u0131n\u0131 bildi\u011fi halde r\u0131zas\u0131 olmadan kendisine cinsel tacizde bulundu\u011funu iddia etmi\u015fti.<\/p>\n<p>Dava dosyas\u0131nda, \u015fu anda 39 ya\u015f\u0131nda olan Giuffre&#8217;nin maruz kald\u0131\u011f\u0131 bu a\u015f\u0131r\u0131 ve \u00e7irkin davran\u0131\u015f nedeniyle halen &#8220;ciddi duygusal ve psikolojik zarar&#8221; g\u00f6rmeye devam etti\u011fi belirtilmi\u015fti.<\/p>\n<p>Yeni a\u00e7\u0131klanan belgeler neticesinde Kral Charles taraf\u0131ndan &#8220;Prens&#8221; \u00fcnvan\u0131 da elinden al\u0131nd\u0131.<\/p>\n<div> <span><strong>Kaynak:<\/strong> Ensonhaber Haber Merkezi<\/span> <\/div>\n","protected":false},"excerpt":{"rendered":"<p>\u0130ngiltere Kral\u0131 3. Charles&#8217;\u0131n, Epstein ba\u011flant\u0131lar\u0131 nedeniyle \u00fcnvanlar\u0131n\u0131 kaybeden karde\u015fi Andrew Mountbatten-Windsor&#8217;un, kamu g\u00f6revinde suistimal \u015f\u00fcphesiyle g\u00f6zalt\u0131na al\u0131nd\u0131\u011f\u0131 belirtildi. Kral Charles&#8217;in karde\u015finin b\u00f6yle bir konu ile g\u00fcndeme gelmedi &#8230;<\/p>\n","protected":false},"author":1,"featured_media":55037,"comment_status":"open","ping_status":"open","sticky":false,"template":"","format":"standard","meta":{"footnotes":""},"categories":[6],"tags":[1159,2488,3569],"class_list":["post-55036","post","type-post","status-publish","format-standard","has-post-thumbnail","hentry","category-dunya","tag-gorev","tag-kral","tag-prens-andrew"],"_links":{"self":[{"href":"https:\/\/bihavadis.com\/index.php\/wp-json\/wp\/v2\/posts\/55036","targetHints":{"allow":["GET"]}}],"collection":[{"href":"https:\/\/bihavadis.com\/index.php\/wp-json\/wp\/v2\/posts"}],"about":[{"href":"https:\/\/bihavadis.com\/index.php\/wp-json\/wp\/v2\/types\/post"}],"author":[{"embeddable":true,"href":"https:\/\/bihavadis.com\/index.php\/wp-json\/wp\/v2\/users\/1"}],"replies":[{"embeddable":true,"href":"https:\/\/bihavadis.com\/index.php\/wp-json\/wp\/v2\/comments?post=55036"}],"version-history":[{"count":1,"href":"https:\/\/bihavadis.com\/index.php\/wp-json\/wp\/v2\/posts\/55036\/revisions"}],"predecessor-version":[{"id":55041,"href":"https:\/\/bihavadis.com\/index.php\/wp-json\/wp\/v2\/posts\/55036\/revisions\/55041"}],"wp:featuredmedia":[{"embeddable":true,"href":"https:\/\/bihavadis.com\/index.php\/wp-json\/wp\/v2\/media\/55037"}],"wp:attachment":[{"href":"https:\/\/bihavadis.com\/index.php\/wp-json\/wp\/v2\/media?parent=55036"}],"wp:term":[{"taxonomy":"category","embeddable":true,"href":"https:\/\/bihavadis.com\/index.php\/wp-json\/wp\/v2\/categories?post=55036"},{"taxonomy":"post_tag","embeddable":true,"href":"https:\/\/bihavadis.com\/index.php\/wp-json\/wp\/v2\/tags?post=55036"}],"curies":[{"name":"wp","href":"https:\/\/api.w.org\/{rel}","templated":true}]}}