{"id":55045,"date":"2026-03-01T12:57:07","date_gmt":"2026-03-01T12:57:07","guid":{"rendered":"https:\/\/bihavadis.com\/?p=55045"},"modified":"2026-03-01T12:57:07","modified_gmt":"2026-03-01T12:57:07","slug":"sari-denizde-abd-ve-cin-jetleri-arasinda-tehlikeli-yakinlasma","status":"publish","type":"post","link":"https:\/\/bihavadis.com\/index.php\/2026\/03\/01\/sari-denizde-abd-ve-cin-jetleri-arasinda-tehlikeli-yakinlasma\/","title":{"rendered":"Sar\u0131 Deniz\u2019de ABD ve \u00c7in jetleri aras\u0131nda tehlikeli yak\u0131nla\u015fma"},"content":{"rendered":"<p>Sar\u0131 Deniz \u00fczerinde ABD ve \u00c7in\u2019e ait sava\u015f u\u00e7aklar\u0131 aras\u0131nda dikkat \u00e7eken bir hareketlilik ya\u015fand\u0131. G\u00fcney Kore bas\u0131n\u0131nda yer alan ve g\u00fcvenlik kaynaklar\u0131na dayand\u0131r\u0131lan haberlere g\u00f6re, ABD Kore Kuvvetleri\u2019nin (USFK) b\u00f6lgede ger\u00e7ekle\u015ftirdi\u011fi u\u00e7u\u015f faaliyeti \u00fczerine \u00c7in ordusu kendi sava\u015f u\u00e7aklar\u0131n\u0131 kald\u0131rd\u0131.<\/p>\n<p><strong>F-16&#8217;LAR OSAN&#8217;DAN HAVALANDI<\/strong><\/p>\n<p>United States Forces Korea (USFK) b\u00fcnyesindeki \u00e7ok say\u0131da F-16 sava\u015f u\u00e7a\u011f\u0131n\u0131n \u00e7ar\u015famba g\u00fcn\u00fc Pyeongtaek\u2019te bulunan Osan Air Base\u2019den kalk\u0131\u015f yapt\u0131\u011f\u0131 bildirildi.<\/p>\n<p>Jetlerin Sar\u0131 Deniz\u2019deki uluslararas\u0131 sularda u\u00e7u\u015f ger\u00e7ekle\u015ftirdi\u011fi ve G\u00fcney Kore ile \u00c7in\u2019in hava savunma tan\u0131mlama sahalar\u0131 (ADIZ) aras\u0131nda kalan bir b\u00f6lgeye y\u00f6neldi\u011fi belirtildi. Bunun \u00fczerine \u00c7in ordusunun da sava\u015f u\u00e7aklar\u0131n\u0131 havaland\u0131rd\u0131\u011f\u0131 ifade edildi.<\/p>\n<p>Ya\u015fanan gerilime ra\u011fmen iki \u00fclkenin hava unsurlar\u0131 aras\u0131nda herhangi bir s\u0131cak temas ya da \u00e7at\u0131\u015fma meydana gelmedi\u011fi kaydedildi.<\/p>\n<p><img decoding=\"async\" src=\"https:\/\/bihavadis.com\/wp-content\/uploads\/2026\/03\/sari-denizde-abd-ve-cin-jetleri-arasinda-tehlikeli-yakinlasma-0-pWyfPq1z.jpg\"\/><\/p>\n<p><strong>&#8220;TATB\u0130KAT \u00d6NCES\u0130 SEUL B\u0130LG\u0130LEND\u0130R\u0130LD\u0130&#8221;<\/strong><\/p>\n<p>Kaynaklar, USFK\u2019n\u0131n u\u00e7u\u015f faaliyeti \u00f6ncesinde G\u00fcney Kore ordusuna bilgi verdi\u011fini ancak tatbikat\u0131n kapsam\u0131 ve amac\u0131 hakk\u0131nda ayr\u0131nt\u0131 payla\u015fmad\u0131\u011f\u0131n\u0131 aktard\u0131.<\/p>\n<p>G\u00fcney Kore Savunma Bakanl\u0131\u011f\u0131 ve USFK yetkilileri olayla ilgili detayl\u0131 a\u00e7\u0131klama yapmaktan ka\u00e7\u0131nd\u0131. Bakanl\u0131ktan bir yetkili, <b><em>\u201cUSFK, ordumuzla birlikte g\u00fc\u00e7l\u00fc ortak savunma duru\u015funu s\u00fcrd\u00fcrmektedir\u201d<\/em><\/b> de\u011ferlendirmesinde bulunarak ABD unsurlar\u0131n\u0131n yer ald\u0131\u011f\u0131 operasyonlar\u0131n Seul taraf\u0131ndan do\u011frulanamayaca\u011f\u0131n\u0131 ifade etti.<\/p>\n<p><strong>ZAMANLAMASI D\u0130KKAT \u00c7EKT\u0130<\/strong><\/p>\n<p>Son geli\u015fmenin, Washington y\u00f6netiminin \u00c7in\u2019e kar\u015f\u0131 b\u00f6lgedeki m\u00fcttefiklerine daha fazla g\u00fcvenlik sorumlulu\u011fu y\u00fcklemeyi planlad\u0131\u011f\u0131 ve USFK\u2019n\u0131n rol\u00fcn\u00fcn yeniden tan\u0131mland\u0131\u011f\u0131 y\u00f6n\u00fcndeki tart\u0131\u015fmalar\u0131n s\u00fcrd\u00fc\u011f\u00fc bir d\u00f6neme denk gelmesi dikkat \u00e7ekti.<\/p>\n<p>Sar\u0131 Deniz\u2019deki bu son kar\u015f\u0131la\u015fma, ABD-\u00c7in rekabetinin askeri boyutta da hassas bir denge \u00fczerinde ilerledi\u011fini bir kez daha g\u00f6zler \u00f6n\u00fcne serdi.<\/p>\n<p><img decoding=\"async\" src=\"https:\/\/bihavadis.com\/wp-content\/uploads\/2026\/03\/sari-denizde-abd-ve-cin-jetleri-arasinda-tehlikeli-yakinlasma-1-yI1YrqQ4.jpg\"\/> <\/p>\n<div> <span><strong>Kaynak:<\/strong> \u0130hlas Haber Ajans\u0131 (\u0130HA)<\/span> <\/div>\n","protected":false},"excerpt":{"rendered":"<p>Sar\u0131 Deniz \u00fczerinde ABD ve \u00c7in\u2019e ait sava\u015f u\u00e7aklar\u0131 aras\u0131nda dikkat \u00e7eken bir hareketlilik ya\u015fand\u0131. G\u00fcney Kore bas\u0131n\u0131nda yer alan ve g\u00fcvenlik kaynaklar\u0131na dayand\u0131r\u0131lan haberlere g\u00f6re, ABD Kore Kuvvetleri\u2019nin (USFK) b\u00f6lgede ger\u00e7ekle\u015ftirdi\u011fi u\u00e7u\u015f &#8230;<\/p>\n","protected":false},"author":1,"featured_media":55046,"comment_status":"open","ping_status":"open","sticky":false,"template":"","format":"standard","meta":{"footnotes":""},"categories":[6],"tags":[400,5517,6805],"class_list":["post-55045","post","type-post","status-publish","format-standard","has-post-thumbnail","hentry","category-dunya","tag-cin","tag-kore","tag-usfk"],"_links":{"self":[{"href":"https:\/\/bihavadis.com\/index.php\/wp-json\/wp\/v2\/posts\/55045","targetHints":{"allow":["GET"]}}],"collection":[{"href":"https:\/\/bihavadis.com\/index.php\/wp-json\/wp\/v2\/posts"}],"about":[{"href":"https:\/\/bihavadis.com\/index.php\/wp-json\/wp\/v2\/types\/post"}],"author":[{"embeddable":true,"href":"https:\/\/bihavadis.com\/index.php\/wp-json\/wp\/v2\/users\/1"}],"replies":[{"embeddable":true,"href":"https:\/\/bihavadis.com\/index.php\/wp-json\/wp\/v2\/comments?post=55045"}],"version-history":[{"count":1,"href":"https:\/\/bihavadis.com\/index.php\/wp-json\/wp\/v2\/posts\/55045\/revisions"}],"predecessor-version":[{"id":55049,"href":"https:\/\/bihavadis.com\/index.php\/wp-json\/wp\/v2\/posts\/55045\/revisions\/55049"}],"wp:featuredmedia":[{"embeddable":true,"href":"https:\/\/bihavadis.com\/index.php\/wp-json\/wp\/v2\/media\/55046"}],"wp:attachment":[{"href":"https:\/\/bihavadis.com\/index.php\/wp-json\/wp\/v2\/media?parent=55045"}],"wp:term":[{"taxonomy":"category","embeddable":true,"href":"https:\/\/bihavadis.com\/index.php\/wp-json\/wp\/v2\/categories?post=55045"},{"taxonomy":"post_tag","embeddable":true,"href":"https:\/\/bihavadis.com\/index.php\/wp-json\/wp\/v2\/tags?post=55045"}],"curies":[{"name":"wp","href":"https:\/\/api.w.org\/{rel}","templated":true}]}}