{"id":55105,"date":"2026-03-01T13:39:15","date_gmt":"2026-03-01T13:39:15","guid":{"rendered":"https:\/\/bihavadis.com\/?p=55105"},"modified":"2026-03-01T13:39:15","modified_gmt":"2026-03-01T13:39:15","slug":"emine-erdogan-aanin-yilin-kareleri-oylamasina-katildi","status":"publish","type":"post","link":"https:\/\/bihavadis.com\/index.php\/2026\/03\/01\/emine-erdogan-aanin-yilin-kareleri-oylamasina-katildi\/","title":{"rendered":"Emine Erdo\u011fan, AA\u2019n\u0131n &#8216;Y\u0131l\u0131n Kareleri&#8217; oylamas\u0131na kat\u0131ld\u0131"},"content":{"rendered":"<p>Cumhurba\u015fkan\u0131 Recep Tayyip Erdo\u011fan\u2019\u0131n e\u015fi Emine Erdo\u011fan, Anadolu Ajans\u0131 taraf\u0131ndan bu y\u0131l da d\u00fczenlenen \u201cY\u0131l\u0131n Kareleri\u201d oylamas\u0131na kat\u0131ld\u0131.<\/p>\n<p>AA foto muhabirleri ve muhabirlerinin 2025 y\u0131l\u0131 boyunca T\u00fcrkiye ve d\u00fcnya g\u00fcndeminde \u00f6ne \u00e7\u0131kan olaylara ili\u015fkin \u00e7ekti\u011fi 6 kategorideki 112 foto\u011fraf\u0131 inceleyen Erdo\u011fan, farkl\u0131 ba\u015fl\u0131klarda tercihlerini yapt\u0131. Yar\u0131\u015fma, lifebox, AJet ve ROKETSAN sponsorlu\u011funda ger\u00e7ekle\u015ftirildi.<\/p>\n<p><strong>HABER KATEGOR\u0130S\u0130<\/strong><\/p>\n<p>Erdo\u011fan, \u201cHaber\u201d kategorisinde Arif H\u00fcdaverdi Yaman\u2019\u0131n \u201cMavi vatan\u0131m\u0131z\u201d, Ali Atmaca\u2019n\u0131n \u201cBir g\u00fcne\u015f do\u011fuyor\u201d, Mahmut Serdar Alaku\u015f\u2019un \u201cAyn\u0131 \u015femsiyenin alt\u0131nda\u201d ve Muhammed Abdullah Kurtar\u2019\u0131n \u201cHer yerde\u201d ba\u015fl\u0131kl\u0131 foto\u011fraflar\u0131n\u0131 oylad\u0131.<\/p>\n<p><img decoding=\"async\" src=\"https:\/\/bihavadis.com\/wp-content\/uploads\/2026\/03\/emine-erdogan-aanin-yilin-kareleri-oylamasina-katildi-0-26ixq8EL.jpg\"\/><\/p>\n<p><img decoding=\"async\" src=\"https:\/\/bihavadis.com\/wp-content\/uploads\/2026\/03\/emine-erdogan-aanin-yilin-kareleri-oylamasina-katildi-1-sP4iSvOx.jpg\"\/><\/p>\n<p><img decoding=\"async\" src=\"https:\/\/bihavadis.com\/wp-content\/uploads\/2026\/03\/emine-erdogan-aanin-yilin-kareleri-oylamasina-katildi-2-6NTuJnGm.jpg\"\/><\/p>\n<p><img decoding=\"async\" src=\"https:\/\/bihavadis.com\/wp-content\/uploads\/2026\/03\/emine-erdogan-aanin-yilin-kareleri-oylamasina-katildi-3-fry5ejVL.jpg\"\/><\/p>\n<p><strong>SPOR VE DO\u011eAL YA\u015eAM KATEGOR\u0130S\u0130<\/strong><\/p>\n<p>\u201cSpor\u201d kategorisinde B\u00fcnyamin \u00c7elik\u2019in \u201cStatlar\u0131n dili\u201d ile A\u011f\u0131t Erdi Ulukaya\u2019n\u0131n \u201cGelenek ailede ba\u015flar\u201d ba\u015fl\u0131kl\u0131 karelerini se\u00e7en Erdo\u011fan, \u201cDo\u011fal Ya\u015fam ve \u00c7evre\u201d kategorisinde ise \u00d6zg\u00fcn Tiran\u2019\u0131n \u201cYe\u015filin sonu\u201d, Harun \u00d6zalp\u2019in \u201cHareket zaman\u0131\u201d, Stuart Brock\u2019un \u201cYasaya kar\u015f\u0131\u201d, Fatih G\u00f6n\u00fcl\u2019\u00fcn \u201cBaharla gelen\u201d ve \u00d6zkan Bilgin\u2019in \u201cDolunaya inat\u201d ba\u015fl\u0131kl\u0131 foto\u011fraflar\u0131na oy verdi.<\/p>\n<p><img decoding=\"async\" src=\"https:\/\/bihavadis.com\/wp-content\/uploads\/2026\/03\/emine-erdogan-aanin-yilin-kareleri-oylamasina-katildi-4-khfNL6xw.jpg\"\/><\/p>\n<p><img decoding=\"async\" src=\"https:\/\/bihavadis.com\/wp-content\/uploads\/2026\/03\/emine-erdogan-aanin-yilin-kareleri-oylamasina-katildi-5-LBK4ROIM.jpg\"\/><\/p>\n<p><img decoding=\"async\" src=\"https:\/\/bihavadis.com\/wp-content\/uploads\/2026\/03\/emine-erdogan-aanin-yilin-kareleri-oylamasina-katildi-6-VzcsUpui.jpg\"\/><\/p>\n<p><img decoding=\"async\" src=\"https:\/\/bihavadis.com\/wp-content\/uploads\/2026\/03\/emine-erdogan-aanin-yilin-kareleri-oylamasina-katildi-7-BCEM7cIA.jpg\"\/><\/p>\n<p><img decoding=\"async\" src=\"https:\/\/bihavadis.com\/wp-content\/uploads\/2026\/03\/emine-erdogan-aanin-yilin-kareleri-oylamasina-katildi-8-Q5vQ52Nd.jpg\"\/><\/p>\n<p><img decoding=\"async\" src=\"https:\/\/bihavadis.com\/wp-content\/uploads\/2026\/03\/emine-erdogan-aanin-yilin-kareleri-oylamasina-katildi-9-SYCLg4VN.jpg\"\/><\/p>\n<p><img decoding=\"async\" src=\"https:\/\/bihavadis.com\/wp-content\/uploads\/2026\/03\/emine-erdogan-aanin-yilin-kareleri-oylamasina-katildi-10-hLucDmhg.jpg\"\/><\/p>\n<p><strong>G\u00dcNL\u00dcK HAYAT VE PORTRE KATEGOR\u0130S\u0130<\/strong><\/p>\n<p>\u201cG\u00fcnl\u00fck Hayat\u201d kategorisinde Mahmoud Abu Hamda\u2019n\u0131n \u201cUmut\u201d, Gerald Anderson\u2019un \u201cHer \u015feye ra\u011fmen\u201d, Nurettin Boydak\u2019\u0131n \u201cRengarenk\u201d ve Valeria Mongelli\u2019nin \u201cSevgi hortumu\u201d ba\u015fl\u0131kl\u0131 foto\u011fraflar\u0131n\u0131 tercih eden Erdo\u011fan, \u201cPortre\u201d kategorisinde Mehmet Aslan\u2019\u0131n \u201cHayat siyah beyaz\u201d ile Ahmet Aslan\u2019\u0131n \u201cY\u0131llar\u0131n ard\u0131ndan\u201d ba\u015fl\u0131kl\u0131 karelerini se\u00e7ti.<\/p>\n<p><img decoding=\"async\" src=\"https:\/\/bihavadis.com\/wp-content\/uploads\/2026\/03\/emine-erdogan-aanin-yilin-kareleri-oylamasina-katildi-11-q27zRqId.jpg\"\/><\/p>\n<p><img decoding=\"async\" src=\"https:\/\/bihavadis.com\/wp-content\/uploads\/2026\/03\/emine-erdogan-aanin-yilin-kareleri-oylamasina-katildi-12-JZjMI1a7.jpg\"\/><\/p>\n<p><img decoding=\"async\" src=\"https:\/\/bihavadis.com\/wp-content\/uploads\/2026\/03\/emine-erdogan-aanin-yilin-kareleri-oylamasina-katildi-13-NhS7CVs5.jpg\"\/><\/p>\n<p><img decoding=\"async\" src=\"https:\/\/bihavadis.com\/wp-content\/uploads\/2026\/03\/emine-erdogan-aanin-yilin-kareleri-oylamasina-katildi-14-Pk2u5qwv.jpg\"\/><\/p>\n<p><img decoding=\"async\" src=\"https:\/\/bihavadis.com\/wp-content\/uploads\/2026\/03\/emine-erdogan-aanin-yilin-kareleri-oylamasina-katildi-15-rQkiF7TV.jpg\"\/><\/p>\n<p><img decoding=\"async\" src=\"https:\/\/bihavadis.com\/wp-content\/uploads\/2026\/03\/emine-erdogan-aanin-yilin-kareleri-oylamasina-katildi-16-kHKKxG1N.jpg\"\/><\/p>\n<p><strong>&#8220;GAZZE: A\u00c7LIK&#8221; KATEGOR\u0130S\u0130NE \u00d6ZEL VURGU<\/strong><\/p>\n<p>Erdo\u011fan\u2019\u0131n \u201cGazze: A\u00e7l\u0131k\u201d kategorisindeki tercihleri ise Ahmed Jihad Ibrahim Al-arini\u2019nin \u201cGazze\u2019de yetersiz beslenme sorunu ya\u015fayan \u00e7ocuk, \u00f6l\u00fcm tehlikesiyle kar\u015f\u0131 kar\u015f\u0131ya\u201d ve \u201cGazze\u2019de a\u00e7l\u0131kla m\u00fccadele eden Filistinlilere yemek da\u011f\u0131t\u0131ld\u0131\u201d ba\u015fl\u0131kl\u0131 foto\u011fraflar\u0131 ile Mohammed Nassar\u2019\u0131n \u201cGazze\u2019ye havadan insani yard\u0131m malzemeleri indirildi\u201d ba\u015fl\u0131kl\u0131 karesi oldu.<\/p>\n<p><img decoding=\"async\" src=\"https:\/\/bihavadis.com\/wp-content\/uploads\/2026\/03\/emine-erdogan-aanin-yilin-kareleri-oylamasina-katildi-17-NAqfG1if.jpg\"\/><\/p>\n<p><img decoding=\"async\" src=\"https:\/\/bihavadis.com\/wp-content\/uploads\/2026\/03\/emine-erdogan-aanin-yilin-kareleri-oylamasina-katildi-18-xWzRjGxX.jpg\"\/><\/p>\n<p><img decoding=\"async\" src=\"https:\/\/bihavadis.com\/wp-content\/uploads\/2026\/03\/emine-erdogan-aanin-yilin-kareleri-oylamasina-katildi-19-cJRMU8tH.jpg\"\/><\/p>\n<p><strong>&#8220;HER KARE, YARINLARA BIRAKILMI\u015e B\u0130R HAFIZADIR&#8221;<\/strong><\/p>\n<p>Emine Erdo\u011fan, sosyal medya hesab\u0131ndan yapt\u0131\u011f\u0131 de\u011ferlendirmede \u015fu ifadeleri kulland\u0131:<\/p>\n<p><em><b>\u201cGer\u00e7e\u011fi g\u00f6r\u00fcn\u00fcr k\u0131lan her kare, yar\u0131nlara b\u0131rak\u0131lm\u0131\u015f k\u0131ymetli bir haf\u0131zad\u0131r. Bu bak\u0131\u015f\u0131n bir tezah\u00fcr\u00fc olan Anadolu Ajans\u0131&#8217;n\u0131n \u2018Y\u0131l\u0131n Kareleri\u2019 oylamas\u0131na kat\u0131lmaktan memnuniyet duydum. \u2018Gazze: A\u00e7l\u0131k\u2019 kategorisindeki her bir foto\u011fraf, Filistin\u2019de bir lokman\u0131n dahi hayatta kalma m\u00fccadelesine d\u00f6n\u00fc\u015ft\u00fc\u011f\u00fc ger\u00e7e\u011fini b\u00fct\u00fcn a\u011f\u0131rl\u0131\u011f\u0131yla ortaya koyuyor.\u201d<\/b><\/em><\/p>\n<p>Filistinli bir kad\u0131n\u0131n topra\u011fa kar\u0131\u015fm\u0131\u015f unu elleriyle ay\u0131klay\u0131\u015f\u0131n\u0131 g\u00f6steren kareye dikkat \u00e7eken Erdo\u011fan, <b><em>\u201cBu foto\u011fraf hepimize \u015fu sars\u0131c\u0131 soruyu y\u00f6neltiyor: \u2018Siz hi\u00e7 topraktan un ay\u0131klamak zorunda kald\u0131n\u0131z m\u0131?\u2019 En zor \u015fartlarda dahi insanl\u0131\u011f\u0131n vicdan\u0131n\u0131 kadraj\u0131na ta\u015f\u0131yan t\u00fcm foto muhabirlerini y\u00fcrekten tebrik ediyorum.\u201d<\/em><\/b> de\u011ferlendirmesinde bulundu.<\/p>\n<p><strong>2012&#8217;DEN BU YANA D\u00dcZENLEN\u0130YOR<\/strong><\/p>\n<p>AA\u2019n\u0131n 2012 y\u0131l\u0131ndan bu yana ger\u00e7ekle\u015ftirdi\u011fi \u201cY\u0131l\u0131n Kareleri\u201d oylamas\u0131nda bu y\u0131l \u201cHaber\u201d, \u201cDo\u011fal Ya\u015fam ve \u00c7evre\u201d, \u201cSpor\u201d ve \u201cG\u00fcnl\u00fck Hayat\u201d olmak \u00fczere 4 ana kategorinin yan\u0131 s\u0131ra \u201cGazze: A\u00e7l\u0131k\u201d ve \u201cPortre\u201d ba\u015fl\u0131kl\u0131 2 \u00f6zel kategori yer al\u0131yor.<\/p>\n<p>T\u00fcrk\u00e7e ve \u0130ngilizce altyaz\u0131yla d\u00fcnya genelinde eri\u015fime a\u00e7\u0131lan oylamada kat\u0131l\u0131mc\u0131lar, istedikleri say\u0131da foto\u011frafa oy verebiliyor.<\/p>\n<div> <span><strong>Kaynak:<\/strong> Anadolu Ajans\u0131 (AA)<\/span> <\/div>\n","protected":false},"excerpt":{"rendered":"<p>Cumhurba\u015fkan\u0131 Recep Tayyip Erdo\u011fan\u2019\u0131n e\u015fi Emine Erdo\u011fan, Anadolu Ajans\u0131 taraf\u0131ndan bu y\u0131l da d\u00fczenlenen \u201cY\u0131l\u0131n Kareleri\u201d oylamas\u0131na kat\u0131ld\u0131. AA foto muhabirleri ve muhabirlerinin 2025 y\u0131l\u0131 boyunca T\u00fcrkiye ve d\u00fcnya g\u00fcndeminde \u00f6ne \u00e7\u0131kan olaylara &#8230;<\/p>\n","protected":false},"author":1,"featured_media":55106,"comment_status":"open","ping_status":"open","sticky":false,"template":"","format":"standard","meta":{"footnotes":""},"categories":[9],"tags":[3210,1526,311,1276,6044],"class_list":["post-55105","post","type-post","status-publish","format-standard","has-post-thumbnail","hentry","category-genel","tag-baslikli","tag-erdogan","tag-foto","tag-hayat","tag-kategorisi"],"_links":{"self":[{"href":"https:\/\/bihavadis.com\/index.php\/wp-json\/wp\/v2\/posts\/55105","targetHints":{"allow":["GET"]}}],"collection":[{"href":"https:\/\/bihavadis.com\/index.php\/wp-json\/wp\/v2\/posts"}],"about":[{"href":"https:\/\/bihavadis.com\/index.php\/wp-json\/wp\/v2\/types\/post"}],"author":[{"embeddable":true,"href":"https:\/\/bihavadis.com\/index.php\/wp-json\/wp\/v2\/users\/1"}],"replies":[{"embeddable":true,"href":"https:\/\/bihavadis.com\/index.php\/wp-json\/wp\/v2\/comments?post=55105"}],"version-history":[{"count":1,"href":"https:\/\/bihavadis.com\/index.php\/wp-json\/wp\/v2\/posts\/55105\/revisions"}],"predecessor-version":[{"id":55127,"href":"https:\/\/bihavadis.com\/index.php\/wp-json\/wp\/v2\/posts\/55105\/revisions\/55127"}],"wp:featuredmedia":[{"embeddable":true,"href":"https:\/\/bihavadis.com\/index.php\/wp-json\/wp\/v2\/media\/55106"}],"wp:attachment":[{"href":"https:\/\/bihavadis.com\/index.php\/wp-json\/wp\/v2\/media?parent=55105"}],"wp:term":[{"taxonomy":"category","embeddable":true,"href":"https:\/\/bihavadis.com\/index.php\/wp-json\/wp\/v2\/categories?post=55105"},{"taxonomy":"post_tag","embeddable":true,"href":"https:\/\/bihavadis.com\/index.php\/wp-json\/wp\/v2\/tags?post=55105"}],"curies":[{"name":"wp","href":"https:\/\/api.w.org\/{rel}","templated":true}]}}