{"id":55131,"date":"2026-03-01T13:45:10","date_gmt":"2026-03-01T13:45:10","guid":{"rendered":"https:\/\/bihavadis.com\/?p=55131"},"modified":"2026-03-01T13:45:10","modified_gmt":"2026-03-01T13:45:10","slug":"ridvan-dilmenden-fenerbahceye-sert-elestiri-galatasarayin-juventus-zaferini-ornek-gosterdi","status":"publish","type":"post","link":"https:\/\/bihavadis.com\/index.php\/2026\/03\/01\/ridvan-dilmenden-fenerbahceye-sert-elestiri-galatasarayin-juventus-zaferini-ornek-gosterdi\/","title":{"rendered":"R\u0131dvan Dilmen&#8217;den Fenerbah\u00e7e&#8217;ye sert ele\u015ftiri: Galatasaray&#8217;\u0131n Juventus zaferini \u00f6rnek g\u00f6sterdi"},"content":{"rendered":"<p>Fenerbah\u00e7e, UEFA Avrupa Ligi son 16 play-off turu ilk ma\u00e7\u0131nda, ge\u00e7ti\u011fimiz g\u00fcnlerde teknik direkt\u00f6rl\u00fck g\u00f6revine Vitor Pereira&#8217;y\u0131 getiren \u0130ngiltere Premier Lig tak\u0131m\u0131 Nottingham Forest&#8217;\u0131 a\u011f\u0131rlad\u0131.<\/p>\n<p>\u0130lk yar\u0131y\u0131 2-0 \u00f6nde kapatan Nottingham, ma\u00e7\u0131 3-0 kazand\u0131. Bununla birlikte Fenerbah\u00e7e&#8217;nin tur \u015fans\u0131 zora girdi.<\/p>\n<p>Sports Digitale&#8217;de konu\u015fan R\u0131dvan Dilmen, ma\u00e7\u0131n ard\u0131ndan dikkat \u00e7eken ifadeler kulland\u0131.<\/p>\n<p><strong>&#8220;GALATASARAY 5 ATMI\u015e, SEN DE YENMEK ZORUNDASIN&#8221;<\/strong><\/p>\n<p>Avrupa arenas\u0131nda ba\u015far\u0131n\u0131n bir zorunluluk oldu\u011funun alt\u0131n\u0131 \u00e7izen Dilmen, Galatasaray&#8217;\u0131n hafta i\u00e7i \u015eampiyonlar Ligi&#8217;nde Juventus&#8217;u 5-2 ma\u011flup etti\u011fi m\u00fccadeleyi \u00f6rnek g\u00f6sterdi.<\/p>\n<p>Dilmen, <b><em>&#8220;Avrupa \u00f6nemli de\u011fil diyenlerin s\u00f6zlerini kesinlikle kabul etmiyorum. Fenerbah\u00e7e i\u00e7in Avrupa gayet \u00f6nemli. 2 g\u00fcn \u00f6nce Galatasaray \u00e7\u0131km\u0131\u015f, Juventus&#8217;a 5 tane atm\u0131\u015f! Sen de \u00e7\u0131k\u0131p yenmek zorundas\u0131n. Bunu s\u00f6yleyenlere, bu zihniyete asla kat\u0131lm\u0131yorum.&#8221;<\/em><\/b> \u015feklinde konu\u015ftu.<\/p>\n<p><img decoding=\"async\" src=\"https:\/\/bihavadis.com\/wp-content\/uploads\/2026\/03\/ridvan-dilmenden-fenerbahceye-sert-elestiri-galatasarayin-juventus-zaferini-ornek-gosterdi-0-St1gTmCh.jpg\"\/><\/p>\n<p><strong>&#8220;L\u0130GDE DE 6 PUAN GER\u0130 D\u00dc\u015eERSEN O ZAMAN G\u00d6R\u00dcR\u00dcZ&#8221;<\/strong><\/p>\n<p>Avrupa&#8217;da havlu at\u0131p t\u00fcm konsantrasyonu S\u00fcper Lig&#8217;e vermenin b\u00fcy\u00fck bir risk ta\u015f\u0131d\u0131\u011f\u0131n\u0131 da vurgulayan R\u0131dvan Dilmen, \u015fampiyonluk yar\u0131\u015f\u0131ndaki tehlikeye dikkat \u00e7ekti.<\/p>\n<p>Ba\u015far\u0131s\u0131zl\u0131\u011f\u0131n sadece Avrupa ile s\u0131n\u0131rl\u0131 kalmayabilece\u011fini belirten \u00fcnl\u00fc yorumcu, <b><em>&#8220;Fenerbah\u00e7e olarak ligde de 6 puan geri d\u00fc\u015fersen o zaman g\u00f6r\u00fcr\u00fcz!&#8221;<\/em><\/b> diyerek, olas\u0131 bir kriz an\u0131nda camialar\u0131n ya\u015fayaca\u011f\u0131 b\u00fcy\u00fck kaosa dair ciddi bir uyar\u0131da bulundu.<\/p>\n<p><img decoding=\"async\" src=\"https:\/\/bihavadis.com\/wp-content\/uploads\/2026\/03\/ridvan-dilmenden-fenerbahceye-sert-elestiri-galatasarayin-juventus-zaferini-ornek-gosterdi-1-G1c5bGXX.jpg\"\/> <\/p>\n<div> <span><strong>Kaynak:<\/strong> Ensonhaber Haber Merkezi<\/span> <\/div>\n","protected":false},"excerpt":{"rendered":"<p>Fenerbah\u00e7e, UEFA Avrupa Ligi son 16 play-off turu ilk ma\u00e7\u0131nda, ge\u00e7ti\u011fimiz g\u00fcnlerde teknik direkt\u00f6rl\u00fck g\u00f6revine Vitor Pereira&#8217;y\u0131 getiren \u0130ngiltere Premier Lig tak\u0131m\u0131 Nottingham Forest&#8217;\u0131 a\u011f\u0131rlad\u0131. \u0130lk yar\u0131y\u0131 2-0 \u00f6nde kapatan Nottingham, ma\u00e7\u0131 3-0 &#8230;<\/p>\n","protected":false},"author":1,"featured_media":55132,"comment_status":"open","ping_status":"open","sticky":false,"template":"","format":"standard","meta":{"footnotes":""},"categories":[14],"tags":[1090,597],"class_list":["post-55131","post","type-post","status-publish","format-standard","has-post-thumbnail","hentry","category-spor","tag-avrupa","tag-lig"],"_links":{"self":[{"href":"https:\/\/bihavadis.com\/index.php\/wp-json\/wp\/v2\/posts\/55131","targetHints":{"allow":["GET"]}}],"collection":[{"href":"https:\/\/bihavadis.com\/index.php\/wp-json\/wp\/v2\/posts"}],"about":[{"href":"https:\/\/bihavadis.com\/index.php\/wp-json\/wp\/v2\/types\/post"}],"author":[{"embeddable":true,"href":"https:\/\/bihavadis.com\/index.php\/wp-json\/wp\/v2\/users\/1"}],"replies":[{"embeddable":true,"href":"https:\/\/bihavadis.com\/index.php\/wp-json\/wp\/v2\/comments?post=55131"}],"version-history":[{"count":1,"href":"https:\/\/bihavadis.com\/index.php\/wp-json\/wp\/v2\/posts\/55131\/revisions"}],"predecessor-version":[{"id":55135,"href":"https:\/\/bihavadis.com\/index.php\/wp-json\/wp\/v2\/posts\/55131\/revisions\/55135"}],"wp:featuredmedia":[{"embeddable":true,"href":"https:\/\/bihavadis.com\/index.php\/wp-json\/wp\/v2\/media\/55132"}],"wp:attachment":[{"href":"https:\/\/bihavadis.com\/index.php\/wp-json\/wp\/v2\/media?parent=55131"}],"wp:term":[{"taxonomy":"category","embeddable":true,"href":"https:\/\/bihavadis.com\/index.php\/wp-json\/wp\/v2\/categories?post=55131"},{"taxonomy":"post_tag","embeddable":true,"href":"https:\/\/bihavadis.com\/index.php\/wp-json\/wp\/v2\/tags?post=55131"}],"curies":[{"name":"wp","href":"https:\/\/api.w.org\/{rel}","templated":true}]}}