{"id":5514,"date":"2026-01-30T01:54:07","date_gmt":"2026-01-30T01:54:07","guid":{"rendered":"https:\/\/bihavadis.com\/?p=5514"},"modified":"2026-01-30T01:54:07","modified_gmt":"2026-01-30T01:54:07","slug":"riza-pehleviden-iran-rejimine-karsi-uluslararasi-yardim-cagrisi","status":"publish","type":"post","link":"https:\/\/bihavadis.com\/index.php\/2026\/01\/30\/riza-pehleviden-iran-rejimine-karsi-uluslararasi-yardim-cagrisi\/","title":{"rendered":"R\u0131za Pehlevi\u2019den \u0130ran rejimine kar\u015f\u0131 uluslararas\u0131 yard\u0131m \u00e7a\u011fr\u0131s\u0131"},"content":{"rendered":"<p>\u0130ran\u2019da 28 Aral\u0131k\u2019ta hayat pahal\u0131l\u0131\u011f\u0131na tepki olarak ba\u015flayan ve h\u00fck\u00fcmet aleyhine bir hal alan protesto g\u00f6sterileri s\u00fcr\u00fcyor.<\/p>\n<p>Devrik \u0130ran \u015eah\u0131 Muhammed R\u0131za Pehlevi\u2019nin en b\u00fcy\u00fck o\u011flu olan s\u00fcrg\u00fcndeki R\u0131za Pehlevi, \u0130srail\u2019in Jerusalem Post gazetesine verdi\u011fi r\u00f6portajda \u0130ran halk\u0131n\u0131n Aral\u0131k 2025 sonu ve Ocak 2026 ba\u015f\u0131nda, daha \u00f6nce bir\u00e7ok kez yapt\u0131\u011f\u0131ndan daha cesur bi\u00e7imde sokaklara d\u00f6k\u00fcld\u00fc\u011f\u00fcn\u00fc s\u00f6yledi.<\/p>\n<p><strong>ULUSLARARASI YARDIM TALEP ETT\u0130<\/strong><\/p>\n<p>\u0130ran halk\u0131n\u0131n kendini liderlik i\u00e7in \u00e7a\u011f\u0131rd\u0131\u011f\u0131n\u0131 iddia eden devrik  \u0130ran \u015eah\u0131&#8217;n\u0131n o\u011flu, Tahran y\u00f6netiminin her zamankinden daha zay\u0131f,  halk\u0131n \u00f6nceki protestolara g\u00f6re daha b\u00fct\u00fcn ve sadece ekonomik  \u015fartlar\u0131 de\u011fil sistemi ele\u015ftirir halde oldu\u011funu ileri s\u00fcrerek 8-9 Ocak  tarihlerinde milyonlarca ki\u015finin sokaklara \u00e7\u0131kt\u0131\u011f\u0131n\u0131 belirtti.<\/p>\n<p>Pehlevi, \u0130ran rejiminin halka kar\u015f\u0131 \u015fiddet yoluna ba\u015fvurdu\u011funu kaydederek <em><b>&#8220;\u015eimdi uluslararas\u0131 toplumun onlara yard\u0131m etme zaman\u0131.&#8221;<\/b><\/em> ifadesini kulland\u0131.<\/p>\n<p>\u0130ran toplumunun kendi gelece\u011fine karar vermesi gerekti\u011fini s\u00f6yleyen  Pehlevi, \u0130ran halk\u0131na rejimi devirmek i\u00e7in yard\u0131m etmenin t\u00fcm d\u00fcnya i\u00e7in bir stratejik \u00e7\u0131kar sa\u011flayaca\u011f\u0131n\u0131 ve protestocular\u0131n d\u00fcnyay\u0131 rejimden kurtarmak i\u00e7in sava\u015ft\u0131\u011f\u0131n\u0131 savundu.<\/p>\n<p><img decoding=\"async\" src=\"https:\/\/bihavadis.com\/wp-content\/uploads\/2026\/01\/riza-pehleviden-iran-rejimine-karsi-uluslararasi-yardim-cagrisi-0-SUW4EYlb.jpg\"\/><\/p>\n<p><strong>&#8220;7 EK\u0130M&#8217;DEN 29 KAT DAHA FAZLA \u0130NSAN HAYATINI KAYBETT\u0130&#8221;<\/strong><\/p>\n<p>Devrik \u0130ran \u015eah\u0131&#8217;n\u0131n s\u00fcrg\u00fcndeki o\u011flu, \u0130ran halk\u0131na sadece insani  ihtiya\u00e7lar i\u00e7in de\u011fil, stratejik ihtiya\u00e7lar i\u00e7in de yard\u0131mda bulunulmas\u0131  gerekti\u011fini ileri s\u00fcrerken bu stratejik ihtiya\u00e7lar\u0131n ne oldu\u011funu  belirtmedi.<\/p>\n<p>Rejimin ileti\u015fimi kesti\u011fini ve hayatta kalmak i\u00e7in Devrim  Muhaf\u0131zlar\u0131&#8217;n\u0131n bask\u0131 mekanizmas\u0131na g\u00fcvendi\u011fini \u00f6ne s\u00fcren Pehlevi,  \u0130srail gazetesine <em><b>&#8220;D\u00fc\u015f\u00fcn\u00fcn g\u00f6sterilerde 7 Ekim&#8217;den 29 kat, 11 Eyl\u00fcl&#8217;den 11 kat daha fazla insan hayat\u0131n\u0131 kaybetti.&#8221;<\/b><\/em> dedi.<\/p>\n<p>Pehlevi, uluslararas\u0131 \u015fartlar\u0131n da daha \u00f6nceki protestolardan farkl\u0131  oldu\u011funa i\u015faret ederek eski ABD Ba\u015fkanlar\u0131 Barrack Obama ve Joe Biden&#8217;\u0131n  \u0130ran&#8217;da protestocular\u0131 terk etti\u011fini, bug\u00fcn ABD Ba\u015fkan\u0131 Donald Trump&#8217;\u0131n  s\u00f6zlerinin protestoculara cesaret verdi\u011fini s\u00f6yledi.<\/p>\n<p><img decoding=\"async\" src=\"https:\/\/bihavadis.com\/wp-content\/uploads\/2026\/01\/riza-pehleviden-iran-rejimine-karsi-uluslararasi-yardim-cagrisi-1-8vT9mkfG.jpg\"\/><\/p>\n<p><strong>\u0130RAN&#8217;DAK\u0130 H\u00dcK\u00dcMET KAR\u015eITI PROTESTOLAR<\/strong><\/p>\n<p>\u0130ran&#8217;da 28 Aral\u0131k 2025&#8217;te yerel para biriminin d\u00f6viz kar\u015f\u0131s\u0131nda h\u0131zla  de\u011fer kaybetmesi ve ekonomik s\u0131k\u0131nt\u0131lar\u0131n derinle\u015fmesi nedeniyle Tahran  B\u00fcy\u00fck \u00c7ar\u015f\u0131&#8217;da esnaf\u0131n \u00f6nc\u00fcl\u00fc\u011f\u00fcnde ba\u015flayan g\u00f6steriler \u00fclke geneline  yay\u0131lm\u0131\u015ft\u0131.<\/p>\n<p>Ba\u015fkent Tahran&#8217;da 8 Ocak&#8217;ta \u015fiddetlenen protestolar s\u0131ras\u0131nda \u00e7\u0131kan  olaylar sonras\u0131nda \u00fclke y\u00f6netimi internet eri\u015fimini engellemi\u015fti.  G\u00f6sterilerin sona ermesinin ard\u0131ndan son g\u00fcnlerde internet eri\u015fimi  k\u0131smen ve s\u0131n\u0131rl\u0131 \u015fekilde yeniden sa\u011flanm\u0131\u015ft\u0131.<\/p>\n<p>\u0130ran \u015eehit ve Gaziler Vakf\u0131n\u0131n Adli T\u0131p Kurumuna dayand\u0131rd\u0131\u011f\u0131 21  Ocak&#8217;taki a\u00e7\u0131klamas\u0131nda g\u00f6steriler s\u0131ras\u0131nda \u00e7\u0131kan olaylarda g\u00fcvenlik  g\u00fc\u00e7leri ve siviller dahil 3 bin 117 ki\u015finin hayat\u0131n\u0131 kaybetti\u011fini  duyurmu\u015ftu.<\/p>\n<p>ABD merkezli \u0130ran \u0130nsan Haklar\u0131 Aktivistleri Haber  Ajans\u0131 (HRANA) ise g\u00f6sterilerde \u00e7\u0131kan olaylarda 6 bin 126 ki\u015finin  hayat\u0131n\u0131 kaybetti\u011fini, 41 bin 880 ki\u015finin g\u00f6zalt\u0131na al\u0131nd\u0131\u011f\u0131n\u0131  duyurmu\u015ftu.<\/p>\n","protected":false},"excerpt":{"rendered":"<p>\u0130srail bas\u0131n\u0131na konu\u015fan \u0130ran\u2019\u0131n devrik lideri \u015eah Muhammed R\u0131za Pehlevi\u2019nin s\u00fcrg\u00fcndeki o\u011flu R\u0131za Pehlevi, \u0130ran rejimi ve Devrim Muhaf\u0131zlar\u0131 Ordusu\u2019na kar\u015f\u0131 uluslararas\u0131 destek istedi.<\/p>\n","protected":false},"author":1,"featured_media":5515,"comment_status":"open","ping_status":"open","sticky":false,"template":"","format":"standard","meta":{"footnotes":""},"categories":[6],"tags":[273,1275,1276,271,1274],"class_list":["post-5514","post","type-post","status-publish","format-standard","has-post-thumbnail","hentry","category-dunya","tag-gosteriler","tag-hal","tag-hayat","tag-iran","tag-protesto"],"_links":{"self":[{"href":"https:\/\/bihavadis.com\/index.php\/wp-json\/wp\/v2\/posts\/5514","targetHints":{"allow":["GET"]}}],"collection":[{"href":"https:\/\/bihavadis.com\/index.php\/wp-json\/wp\/v2\/posts"}],"about":[{"href":"https:\/\/bihavadis.com\/index.php\/wp-json\/wp\/v2\/types\/post"}],"author":[{"embeddable":true,"href":"https:\/\/bihavadis.com\/index.php\/wp-json\/wp\/v2\/users\/1"}],"replies":[{"embeddable":true,"href":"https:\/\/bihavadis.com\/index.php\/wp-json\/wp\/v2\/comments?post=5514"}],"version-history":[{"count":1,"href":"https:\/\/bihavadis.com\/index.php\/wp-json\/wp\/v2\/posts\/5514\/revisions"}],"predecessor-version":[{"id":5518,"href":"https:\/\/bihavadis.com\/index.php\/wp-json\/wp\/v2\/posts\/5514\/revisions\/5518"}],"wp:featuredmedia":[{"embeddable":true,"href":"https:\/\/bihavadis.com\/index.php\/wp-json\/wp\/v2\/media\/5515"}],"wp:attachment":[{"href":"https:\/\/bihavadis.com\/index.php\/wp-json\/wp\/v2\/media?parent=5514"}],"wp:term":[{"taxonomy":"category","embeddable":true,"href":"https:\/\/bihavadis.com\/index.php\/wp-json\/wp\/v2\/categories?post=5514"},{"taxonomy":"post_tag","embeddable":true,"href":"https:\/\/bihavadis.com\/index.php\/wp-json\/wp\/v2\/tags?post=5514"}],"curies":[{"name":"wp","href":"https:\/\/api.w.org\/{rel}","templated":true}]}}