{"id":55163,"date":"2026-03-01T14:09:05","date_gmt":"2026-03-01T14:09:05","guid":{"rendered":"https:\/\/bihavadis.com\/?p=55163"},"modified":"2026-03-01T14:09:05","modified_gmt":"2026-03-01T14:09:05","slug":"karatayda-ska-calistayi-gerceklesti","status":"publish","type":"post","link":"https:\/\/bihavadis.com\/index.php\/2026\/03\/01\/karatayda-ska-calistayi-gerceklesti\/","title":{"rendered":"Karatay&#8217;da SKA \u00c7al\u0131\u015ftay\u0131 Ger\u00e7ekle\u015fti"},"content":{"rendered":"<p>Karatay Belediyesi&#8217;nin ev sahipli\u011finde, &#8220;Birle\u015fmi\u015f Milletler S\u00fcrd\u00fcr\u00fclebilir Kalk\u0131nma Ama\u00e7lar\u0131&#8221;n\u0131n (SKA) yerel d\u00fczeyde de\u011ferlendirilmesine katk\u0131 sa\u011flamak amac\u0131yla &#8220;VSR T\u00fcrkiye \u00c7al\u0131\u015ftay\u0131&#8221; ger\u00e7ekle\u015ftirildi.<\/p>\n<p>Karatay Belediyesinden yap\u0131lan yaz\u0131l\u0131 a\u00e7\u0131klamaya g\u00f6re, SKA uygulama s\u00fcrecinin son be\u015f y\u0131l\u0131na girerken k\u00fcresel s\u00fcrece katk\u0131 sunmak amac\u0131yla Kent Ara\u015ft\u0131rmalar\u0131 Enstit\u00fcs\u00fc taraf\u0131ndan T\u00fcrkiye&#8217;nin ilk Ulusal G\u00f6n\u00fcll\u00fc Yerel De\u011ferlendirme Raporu (Voluntary Subnational Report \u2013 VSR T\u00fcrkiye) haz\u0131rlan\u0131yor.<\/p>\n<p>Rapor \u00e7al\u0131\u015fmas\u0131n\u0131n payda\u015f katk\u0131lar\u0131yla g\u00fc\u00e7lendirilmesi ve yerel d\u00fczeyde \u00f6ne \u00e7\u0131kan alanlar\u0131n ele al\u0131nmas\u0131 amac\u0131yla d\u00fczenlenen \u00e7al\u0131\u015ftayda VSR T\u00fcrkiye kapsam\u0131nda y\u00fcr\u00fct\u00fclen \u00e7al\u0131\u015fmalar detayl\u0131 \u015fekilde ele al\u0131nd\u0131, SKA \u00e7er\u00e7evesinde yerelde \u00f6ne \u00e7\u0131kan ba\u015fl\u0131klar de\u011ferlendirildi ve \u00e7\u00f6z\u00fcm \u00f6nerileri konu\u015fuldu.<\/p>\n<p>VSR T\u00fcrkiye Raporu&#8217;nun ise 2026 y\u0131l\u0131 mart ay\u0131nda kamuoyuyla payla\u015f\u0131lmas\u0131 planlan\u0131yor.<\/p>\n<p>Konu\u015fmas\u0131na yer verilen Karatay Belediye Ba\u015fkan\u0131 Hasan K\u0131lca, \u00e7al\u0131\u015ftaya ev sahipli\u011fi yapman\u0131n mutlulu\u011funu ya\u015fad\u0131klar\u0131n\u0131 bildirdi.<\/p>\n<p>S\u00fcrd\u00fcr\u00fclebilir kalk\u0131nma hedeflerinin Karatay Belediyesinin y\u00f6netim anlay\u0131\u015f\u0131n\u0131n temel yap\u0131 ta\u015flar\u0131ndan biri oldu\u011funu belirten K\u0131lca, &#8220;S\u00fcrd\u00fcr\u00fclebilir kalk\u0131nma hedeflerini yaln\u0131zca bir vizyon olarak de\u011fil, yerel y\u00f6netim yakla\u015f\u0131m\u0131n\u0131n merkezinde konumland\u0131r\u0131yoruz. Bu do\u011frultuda att\u0131\u011f\u0131m\u0131z ad\u0131mlar\u0131n ulusal ve uluslararas\u0131 d\u00fczeyde kar\u015f\u0131l\u0131k bulmas\u0131 bizim i\u00e7in \u00f6nemli bir gurur kayna\u011f\u0131. Birle\u015fmi\u015f Milletler S\u00fcrd\u00fcr\u00fclebilir Kalk\u0131nma Ama\u00e7lar\u0131 do\u011frultusunda y\u00fcr\u00fctt\u00fc\u011f\u00fcm\u00fcz \u00e7al\u0131\u015fmalarla T\u00fcrkiye&#8217;de yerel y\u00f6netimler aras\u0131nda \u00f6nc\u00fc bir rol \u00fcstleniyoruz.&#8221; ifadesini kulland\u0131.<\/p>\n<p>S\u00fcrd\u00fcr\u00fclebilir kalk\u0131nmay\u0131 \u00e7evreyi koruyan, sosyal refah\u0131 art\u0131ran ve ekonomik geli\u015fimi destekleyen b\u00fct\u00fcnc\u00fcl bir y\u00f6netim anlay\u0131\u015f\u0131 olarak de\u011ferlendirdiklerini vurgulayan K\u0131lca, gelecek nesillere daha ya\u015fanabilir, diren\u00e7li ve g\u00fc\u00e7l\u00fc bir \u015fehir b\u0131rakma sorumlulu\u011fuyla \u00e7al\u0131\u015fmalar\u0131 s\u00fcrd\u00fcrd\u00fcklerini kaydetti.<\/p>\n","protected":false},"excerpt":{"rendered":"<p>VSR T\u00fcrkiye \u00c7al\u0131\u015ftay\u0131, S\u00fcrd\u00fcr\u00fclebilir Kalk\u0131nma Ama\u00e7lar\u0131&#8217;n\u0131n yerelde de\u011ferlendirilmesi i\u00e7in yap\u0131ld\u0131.<\/p>\n","protected":false},"author":1,"featured_media":0,"comment_status":"open","ping_status":"open","sticky":false,"template":"","format":"standard","meta":{"footnotes":""},"categories":[8],"tags":[6813,197,1574],"class_list":["post-55163","post","type-post","status-publish","format-standard","hentry","category-ekonomi","tag-surdurulebilir-kalkinma","tag-turkiye","tag-yerel"],"_links":{"self":[{"href":"https:\/\/bihavadis.com\/index.php\/wp-json\/wp\/v2\/posts\/55163","targetHints":{"allow":["GET"]}}],"collection":[{"href":"https:\/\/bihavadis.com\/index.php\/wp-json\/wp\/v2\/posts"}],"about":[{"href":"https:\/\/bihavadis.com\/index.php\/wp-json\/wp\/v2\/types\/post"}],"author":[{"embeddable":true,"href":"https:\/\/bihavadis.com\/index.php\/wp-json\/wp\/v2\/users\/1"}],"replies":[{"embeddable":true,"href":"https:\/\/bihavadis.com\/index.php\/wp-json\/wp\/v2\/comments?post=55163"}],"version-history":[{"count":1,"href":"https:\/\/bihavadis.com\/index.php\/wp-json\/wp\/v2\/posts\/55163\/revisions"}],"predecessor-version":[{"id":55164,"href":"https:\/\/bihavadis.com\/index.php\/wp-json\/wp\/v2\/posts\/55163\/revisions\/55164"}],"wp:attachment":[{"href":"https:\/\/bihavadis.com\/index.php\/wp-json\/wp\/v2\/media?parent=55163"}],"wp:term":[{"taxonomy":"category","embeddable":true,"href":"https:\/\/bihavadis.com\/index.php\/wp-json\/wp\/v2\/categories?post=55163"},{"taxonomy":"post_tag","embeddable":true,"href":"https:\/\/bihavadis.com\/index.php\/wp-json\/wp\/v2\/tags?post=55163"}],"curies":[{"name":"wp","href":"https:\/\/api.w.org\/{rel}","templated":true}]}}