{"id":55165,"date":"2026-03-01T14:12:07","date_gmt":"2026-03-01T14:12:07","guid":{"rendered":"https:\/\/bihavadis.com\/?p=55165"},"modified":"2026-03-01T14:12:07","modified_gmt":"2026-03-01T14:12:07","slug":"venezuelada-siyasi-tutuklulara-af-yasasi-kabul-edildi","status":"publish","type":"post","link":"https:\/\/bihavadis.com\/index.php\/2026\/03\/01\/venezuelada-siyasi-tutuklulara-af-yasasi-kabul-edildi\/","title":{"rendered":"Venezuela&#8217;da siyasi tutuklulara af yasas\u0131 kabul edildi"},"content":{"rendered":"<p><span>3 Ocak&#8217;ta d\u00fcnya tarihine ge\u00e7ecek bir olay ya\u015fand\u0131.<\/span><\/p>\n<p><span><span>ABD Ba\u015fkan\u0131 Donald Trump&#8217;\u0131n uzun s\u00fcre tehdit etti\u011fi ve gerilimin zirve yapt\u0131\u011f\u0131 Venezuela Devlet Ba\u015fkan\u0131 Nikolas Maduro, Karakas&#8217;taki konutundan ABD askerlerince ka\u00e7\u0131r\u0131ld\u0131.<\/span><\/span><\/p>\n<p><strong>D\u00dcNYA BU OLAYI KONU\u015eTU<\/strong><\/p>\n<p><span>ABD&#8217;ye g\u00f6t\u00fcr\u00fclen Maduro ve e\u015fi tutuklan\u0131rken d\u00fcnya, canl\u0131 yay\u0131nda bir devlet ba\u015fkan\u0131n\u0131n ka\u00e7\u0131r\u0131l\u0131\u015f\u0131n\u0131 ve sonras\u0131nda ya\u015fananlar\u0131 izledi.<\/span><\/p>\n<p><strong>GE\u00c7\u0130C\u0130 DEVLET BA\u015eKANI SE\u00c7\u0130LD\u0130<\/strong><\/p>\n<p>T\u00fcm bunlar ya\u015fan\u0131rken, Venezuela&#8217;ya ge\u00e7ici ba\u015fkan se\u00e7ildi.<\/p>\n<p>Ge\u00e7ici Devlet Ba\u015fkan\u0131\u00a0Delcy Rodriguez,<span>\u00a0Venezuela&#8217;da bir yenili\u011fe imza att\u0131.<\/span><\/p>\n<p>Venezuela Ge\u00e7ici Devlet Ba\u015fkan\u0131 Delcy Rodriguez taraf\u0131ndan \u00f6nerilen ve siyasi tutuklular\u0131n toplu olarak serbest b\u0131rak\u0131lmas\u0131n\u0131 i\u00e7eren af yasa tasar\u0131s\u0131 meclis taraf\u0131ndan kabul edildi.<\/p>\n<p><img decoding=\"async\" src=\"https:\/\/bihavadis.com\/wp-content\/uploads\/2026\/03\/venezuelada-siyasi-tutuklulara-af-yasasi-kabul-edildi-0-Uq7wDCPv.jpg\"\/><\/p>\n<p><strong>B\u0130R \u00c7OK K\u0130\u015e\u0130YE FAYDA SA\u011eLANACA\u011eI \u00d6N G\u00d6R\u00dcLD\u00dc<\/strong><\/p>\n<p>Uzun s\u00fcredir<span>\u00a0<\/span>Venezuela&#8217;daki muhaliflerin talebi olan bu geli\u015fmenin, siyasiler, gazeteciler ve avukatlar dahil \u00fclkede siyasi gerek\u00e7elerle tutuklu bulunan pek \u00e7ok ki\u015fiye fayda sa\u011flayaca\u011f\u0131 d\u00fc\u015f\u00fcn\u00fcl\u00fcyor.<\/p>\n<p>Yasa tasar\u0131s\u0131, 1999&#8217;dan bu yana\u00a0Venezuela&#8217;da siyasi \u00e7at\u0131\u015fmalar\u0131n ya\u015fand\u0131\u011f\u0131 belirli d\u00f6nemlerde i\u015flenen su\u00e7lar i\u00e7in <em><b>&#8220;Genel ve tam af&#8221;<\/b><\/em> sa\u011flamay\u0131 ama\u00e7l\u0131yor.<\/p>\n<p><strong>VENEZUELA&#8217;DA S\u0130YASET \u0130\u00c7\u0130N YEN\u0130 YOLLAR<\/strong><\/p>\n<p><img decoding=\"async\" src=\"https:\/\/bihavadis.com\/wp-content\/uploads\/2026\/03\/venezuelada-siyasi-tutuklulara-af-yasasi-kabul-edildi-1-3Lc9YrL5.jpg\"\/> <\/p>\n<div> <span><strong>Kaynak:<\/strong> Demir\u00f6ren Haber Ajans\u0131 (DHA)<\/span> <\/div>\n","protected":false},"excerpt":{"rendered":"<p>3 Ocak&#8217;ta d\u00fcnya tarihine ge\u00e7ecek bir olay ya\u015fand\u0131. ABD Ba\u015fkan\u0131 Donald Trump&#8217;\u0131n uzun s\u00fcre tehdit etti\u011fi ve gerilimin zirve yapt\u0131\u011f\u0131 Venezuela Devlet Ba\u015fkan\u0131 Nikolas Maduro, Karakas&#8217;taki konutundan ABD askerlerince ka\u00e7\u0131r\u0131ld\u0131. D\u00dcNYA BU OLAYI KONU\u015eTU ABD &#8230;<\/p>\n","protected":false},"author":1,"featured_media":55166,"comment_status":"open","ping_status":"open","sticky":false,"template":"","format":"standard","meta":{"footnotes":""},"categories":[6],"tags":[5834,1861],"class_list":["post-55165","post","type-post","status-publish","format-standard","has-post-thumbnail","hentry","category-dunya","tag-devlet-baskani","tag-venezuela"],"_links":{"self":[{"href":"https:\/\/bihavadis.com\/index.php\/wp-json\/wp\/v2\/posts\/55165","targetHints":{"allow":["GET"]}}],"collection":[{"href":"https:\/\/bihavadis.com\/index.php\/wp-json\/wp\/v2\/posts"}],"about":[{"href":"https:\/\/bihavadis.com\/index.php\/wp-json\/wp\/v2\/types\/post"}],"author":[{"embeddable":true,"href":"https:\/\/bihavadis.com\/index.php\/wp-json\/wp\/v2\/users\/1"}],"replies":[{"embeddable":true,"href":"https:\/\/bihavadis.com\/index.php\/wp-json\/wp\/v2\/comments?post=55165"}],"version-history":[{"count":1,"href":"https:\/\/bihavadis.com\/index.php\/wp-json\/wp\/v2\/posts\/55165\/revisions"}],"predecessor-version":[{"id":55169,"href":"https:\/\/bihavadis.com\/index.php\/wp-json\/wp\/v2\/posts\/55165\/revisions\/55169"}],"wp:featuredmedia":[{"embeddable":true,"href":"https:\/\/bihavadis.com\/index.php\/wp-json\/wp\/v2\/media\/55166"}],"wp:attachment":[{"href":"https:\/\/bihavadis.com\/index.php\/wp-json\/wp\/v2\/media?parent=55165"}],"wp:term":[{"taxonomy":"category","embeddable":true,"href":"https:\/\/bihavadis.com\/index.php\/wp-json\/wp\/v2\/categories?post=55165"},{"taxonomy":"post_tag","embeddable":true,"href":"https:\/\/bihavadis.com\/index.php\/wp-json\/wp\/v2\/tags?post=55165"}],"curies":[{"name":"wp","href":"https:\/\/api.w.org\/{rel}","templated":true}]}}