{"id":5519,"date":"2026-01-30T01:57:06","date_gmt":"2026-01-30T01:57:06","guid":{"rendered":"https:\/\/bihavadis.com\/?p=5519"},"modified":"2026-01-30T01:57:06","modified_gmt":"2026-01-30T01:57:06","slug":"guardiola-ilk-8den-memnun","status":"publish","type":"post","link":"https:\/\/bihavadis.com\/index.php\/2026\/01\/30\/guardiola-ilk-8den-memnun\/","title":{"rendered":"Guardiola \u0130lk 8&#8217;den Memnun"},"content":{"rendered":"<p> Manchester City Teknik Direkt\u00f6r\u00fc Pep Guardiola, Galatasaray galibiyetinin ard\u0131ndan yapt\u0131\u011f\u0131 a\u00e7\u0131klamada, &#8220;\u0130lk 8&#8217;de bitirmekten \u00e7ok memnunuz&#8221; dedi.<\/p>\n<p> UEFA \u015eampiyonlar Ligi&#8217;nin 8. ve son haftas\u0131nda Manchester City, sahas\u0131nda Galatasaray&#8217;\u0131 2-0 ma\u011flup etti ve ad\u0131n\u0131 ilk 8&#8217;e yazd\u0131rd\u0131. Ma\u00e7\u0131n ard\u0131ndan d\u00fczenlenen bas\u0131n toplant\u0131s\u0131nda Manchester City Teknik Direkt\u00f6r\u00fc Pep Guardiola, a\u00e7\u0131klamalarda bulundu. Guardiola, &#8220;\u0130lk 8&#8217;de bitirmekten \u00e7ok memnunuz. \u015eampiyonlar Ligi 7-8 sene \u00f6nce \u00e7ok farkl\u0131yd\u0131. \u015eimdi farkl\u0131 bir yerdeyiz. \u00c7ok zorlu tak\u0131mlar \u015eampiyonlar Ligi&#8217;nde. Play-off oynamayaca\u011f\u0131z ve dinlenme zaman\u0131m\u0131z olacak. Mart ay\u0131nda \u015eampiyonlar Ligi&#8217;ne d\u00f6nd\u00fc\u011f\u00fcm\u00fczde elimizden geleni yapaca\u011f\u0131z&#8221; dedi.<\/p>\n<p>Kar\u015f\u0131la\u015fmay\u0131 de\u011ferlendiren Guardiola, &#8220;Kalecimiz \u00e7ok iyiydi, onlar da \u015fanslar \u00fcrettiler. Play-off oynasak da oynamasak da oyuncular\u0131m\u0131n sakatl\u0131k olmadan bir sonraki seviyeye ge\u00e7memiz \u00f6nemli&#8221; ifadelerini kulland\u0131.<\/p>\n<p>Yeni formatla ilgili soruya da cevap veren \u0130spanyol teknik direkt\u00f6r, &#8220;Daha \u00e7ok ma\u00e7 oynuyoruz ama bu format\u0131 seviyorum. Tek ma\u00e7 oynay\u0131nca final gibi oluyor. Deplasmana gitti\u011finiz zaman \u00e7ok zor ma\u00e7lar oluyor. \u0130lk 24&#8217;e girmek i\u00e7in bir s\u00fcr\u00fc tak\u0131m deniyor&#8221; diye konu\u015ftu.<\/p>\n<p>&#8220;\u0130lk dokunu\u015fu m\u00fckemmeldi&#8221;<\/p>\n<p>Erling Haaland&#8217;\u0131n gol\u00fcne de\u011finen ba\u015far\u0131l\u0131 teknik adam, &#8220;\u0130lk dokunu\u015fu m\u00fckemmeldi. \u00c7ok a\u00e7\u0131k \u015fanslar geliyor ama bizim \u00e7ok b\u00fcy\u00fck problemlerimiz var defansta. Defans oyuncular\u0131m\u0131z\u0131 \u00e7ok ar\u0131yoruz. Galatasaray ma\u00e7\u0131 i\u00e7in de s\u00f6yleyebilirim, bir\u00e7ok pozisyonu gole \u00e7evirmeliydik ama yapamad\u0131k. Premier Lig&#8217;de yapamad\u0131klar\u0131m\u0131z\u0131 \u015eampiyonlar Ligi&#8217;nde daha iyi yapt\u0131k diyebiliriz&#8221; ifadelerini kulland\u0131.<\/p>\n<p>Son olarak \u0130lkay G\u00fcndo\u011fan ve Leroy Sane hakk\u0131nda konu\u015fan Guardiola, &#8220;\u0130lkay ve Sane&#8217;yi yeniden g\u00f6rmemiz \u00e7ok iyiydi. Onlara sayg\u0131 duyuyorduk. \u0130yi ba\u015flad\u0131k, \u015fanslar\u0131m\u0131z oldu. Daha iyi yerlere gelece\u011fiz&#8221; a\u00e7\u0131klamas\u0131nda bulundu. &#8211; MANCHESTER<\/p>\n","protected":false},"excerpt":{"rendered":"<p>Pep Guardiola, Galatasaray galibiyetinin ard\u0131ndan ilk 8&#8217;de yer almaktan mutlu olduklar\u0131n\u0131 belirtti.<\/p>\n","protected":false},"author":1,"featured_media":5520,"comment_status":"open","ping_status":"open","sticky":false,"template":"","format":"standard","meta":{"footnotes":""},"categories":[14],"tags":[1268,364,1277,1041],"class_list":["post-5519","post","type-post","status-publish","format-standard","has-post-thumbnail","hentry","category-spor","tag-guardiola","tag-mac","tag-sampiyonlar-ligi","tag-tek"],"_links":{"self":[{"href":"https:\/\/bihavadis.com\/index.php\/wp-json\/wp\/v2\/posts\/5519","targetHints":{"allow":["GET"]}}],"collection":[{"href":"https:\/\/bihavadis.com\/index.php\/wp-json\/wp\/v2\/posts"}],"about":[{"href":"https:\/\/bihavadis.com\/index.php\/wp-json\/wp\/v2\/types\/post"}],"author":[{"embeddable":true,"href":"https:\/\/bihavadis.com\/index.php\/wp-json\/wp\/v2\/users\/1"}],"replies":[{"embeddable":true,"href":"https:\/\/bihavadis.com\/index.php\/wp-json\/wp\/v2\/comments?post=5519"}],"version-history":[{"count":1,"href":"https:\/\/bihavadis.com\/index.php\/wp-json\/wp\/v2\/posts\/5519\/revisions"}],"predecessor-version":[{"id":5521,"href":"https:\/\/bihavadis.com\/index.php\/wp-json\/wp\/v2\/posts\/5519\/revisions\/5521"}],"wp:featuredmedia":[{"embeddable":true,"href":"https:\/\/bihavadis.com\/index.php\/wp-json\/wp\/v2\/media\/5520"}],"wp:attachment":[{"href":"https:\/\/bihavadis.com\/index.php\/wp-json\/wp\/v2\/media?parent=5519"}],"wp:term":[{"taxonomy":"category","embeddable":true,"href":"https:\/\/bihavadis.com\/index.php\/wp-json\/wp\/v2\/categories?post=5519"},{"taxonomy":"post_tag","embeddable":true,"href":"https:\/\/bihavadis.com\/index.php\/wp-json\/wp\/v2\/tags?post=5519"}],"curies":[{"name":"wp","href":"https:\/\/api.w.org\/{rel}","templated":true}]}}