{"id":55191,"date":"2026-03-01T14:28:04","date_gmt":"2026-03-01T14:28:04","guid":{"rendered":"https:\/\/bihavadis.com\/?p=55191"},"modified":"2026-03-01T14:28:04","modified_gmt":"2026-03-01T14:28:04","slug":"ttkda-is-durdurma-kararina-yeni-bilirkisi-raporu","status":"publish","type":"post","link":"https:\/\/bihavadis.com\/index.php\/2026\/03\/01\/ttkda-is-durdurma-kararina-yeni-bilirkisi-raporu\/","title":{"rendered":"TTK&#8217;da \u0130\u015f Durdurma Karar\u0131na Yeni Bilirki\u015fi Raporu"},"content":{"rendered":"<p>ZONGULDAK&#8217;ta T\u00fcrkiye Ta\u015fk\u00f6m\u00fcr\u00fc Kurumu&#8217;na (TTK) ba\u011fl\u0131 4 maden oca\u011f\u0131nda \u00c7al\u0131\u015fma ve Sosyal G\u00fcvenlik Bakanl\u0131\u011f\u0131 m\u00fcfetti\u015fleri taraf\u0131ndan ikincil enerji kayna\u011f\u0131 bulunmamas\u0131 nedeniyle verilen &#8216;i\u015f durdurma&#8217; karar\u0131n\u0131n TTK taraf\u0131ndan kald\u0131r\u0131lmas\u0131na y\u00f6nelik a\u00e7\u0131lan davada, hakim yeni bilirki\u015fi raporu al\u0131nmas\u0131na h\u00fckmetti. <\/p>\n<p> Zonguldak&#8217;ta 9 Ocak&#8217;ta, \u00c7al\u0131\u015fma ve Sosyal G\u00fcvenlik Bakanl\u0131\u011f\u0131 \u0130\u015f Tefti\u015f Kurulu Ba\u015fkanl\u0131\u011f\u0131 m\u00fcfetti\u015fleri, TTK&#8217;da Karadon, Kozlu ve \u00dcz\u00fclmez m\u00fcesseselerine ba\u011fl\u0131 4 maden oca\u011f\u0131nda yapt\u0131klar\u0131 denetimlerde, havaland\u0131rma, su tahliyesi ve insan nakli i\u00e7in kullan\u0131lan sistemlerin otomatik devreye girecek ikinci bir enerji kayna\u011f\u0131n\u0131n olmad\u0131\u011f\u0131n\u0131 tespit etti. Bu tespit \u00fczerine m\u00fcesseselerde &#8216;i\u015f durdurma&#8217; y\u00f6n\u00fcnde rapor haz\u0131rland\u0131. Valili\u011fe sunulan rapora istinaden, 4 maden oca\u011f\u0131nda 13 Ocak&#8217;ta \u00fcretim durduruldu. TTK y\u00f6netimi ise eksiklerin yorum farkl\u0131l\u0131\u011f\u0131ndan kaynakland\u0131\u011f\u0131n\u0131 ancak ocaklar \u00e7al\u0131\u015f\u0131rken de giderilebilece\u011fini, s\u00fcrecin uzun s\u00fcrece\u011fini \u00f6ne s\u00fcrerek Zonguldak 4&#8217;\u00fcnc\u00fc \u0130\u015f Mahkemesi&#8217;ne &#8216;i\u015f durdurma karar\u0131n\u0131n kald\u0131r\u0131lmas\u0131&#8217; i\u00e7in dava a\u00e7t\u0131.<\/p>\n<p>Dava kapsam\u0131nda Zonguldak B\u00fclent Ecevit \u00dcniversitesi&#8217;nden bilirki\u015filer dosyaya atan\u0131p rapor haz\u0131rlad\u0131. Ancak \u00c7al\u0131\u015fma ve Sosyal G\u00fcvenlik Bakanl\u0131\u011f\u0131 avukatlar\u0131, bilirki\u015filerin Zonguldakl\u0131 olmas\u0131 nedeniyle rapora itiraz etti.<\/p>\n<p>&#8216;\u00dcRET\u0130M\u0130N DURMASI EKONOM\u0130K VE \u0130\u015e G\u00dcVENL\u0130\u011e\u0130 R\u0130SKLER\u0130 OLU\u015eTURMAKTADIR&#8217;<\/p>\n<p>Bug\u00fcn g\u00f6r\u00fclen duru\u015fmaya, TTK, Genel Maden \u0130\u015f\u00e7ileri Sendikas\u0131 avukatlar\u0131 kat\u0131ld\u0131. \u00c7al\u0131\u015fma ve Sosyal G\u00fcvenlik Bakanl\u0131\u011f\u0131&#8217;n\u0131n avukatlar\u0131 ise duru\u015fmada yer almad\u0131. Kar\u015f\u0131 taraf\u0131n i\u015f durdurmay\u0131 gerektiren hususlarda itiraz\u0131n\u0131n olmamas\u0131n\u0131n davalar\u0131n\u0131n hakl\u0131l\u0131\u011f\u0131n\u0131 ortaya koydu\u011funu belirten TTK avukat\u0131, &#8220;\u0130tirazda bilirki\u015fi raporundaki beyanlardan ziyade m\u00fcfetti\u015flerin ifadelerine yer vermi\u015flerdir. Yani bilirki\u015fi raporuna itiraz yoktur. Bu nedenlerle yeniden bilirki\u015fi raporuna ihtiya\u00e7 yoktur. \u00dcretimin 1 ayd\u0131r durmas\u0131 hem ekonomik hem i\u015f sa\u011fl\u0131\u011f\u0131 ve g\u00fcvenli\u011fi konusunda riskler olu\u015fturmaktad\u0131r. Ocaklarda metan ve \u0131s\u0131 birikimi mevcuttur. Bu nedenle ma\u011fduriyetler artacakt\u0131r. Al\u0131nan raporda nitelikli, havzay\u0131 bilen, alanlar\u0131nda uzman akademisyenler yer almaktad\u0131r. T\u00fcm bu nedenlerle ara karardan vazge\u00e7ilmesi, yeni bilirki\u015fi raporu al\u0131nmamas\u0131 ve davam\u0131z\u0131n kabul\u00fcne karar verilmesini talep ederiz&#8221; dedi.<\/p>\n<p>Karar\u0131n\u0131 a\u00e7\u0131klayan hakim, yeni bilirki\u015fi raporu al\u0131nmas\u0131na h\u00fckmetti. Yeni bilirki\u015fi heyetin pazartesi g\u00fcn\u00fcne kadar olu\u015fturulaca\u011f\u0131n\u0131 belirten hakim duru\u015fmay\u0131 5 Mart&#8217;a erteledi. <\/p>\n","protected":false},"excerpt":{"rendered":"<p>Zonguldak&#8217;taki TTK maden ocaklar\u0131nda i\u015f durdurma karar\u0131na ili\u015fkin yeni bilirki\u015fi raporu al\u0131nacak.<\/p>\n","protected":false},"author":1,"featured_media":55192,"comment_status":"open","ping_status":"open","sticky":false,"template":"","format":"standard","meta":{"footnotes":""},"categories":[8],"tags":[6818,425,395,424,6817],"class_list":["post-55191","post","type-post","status-publish","format-standard","has-post-thumbnail","hentry","category-ekonomi","tag-bilirkisi-raporu","tag-dava","tag-is","tag-karar","tag-ttk"],"_links":{"self":[{"href":"https:\/\/bihavadis.com\/index.php\/wp-json\/wp\/v2\/posts\/55191","targetHints":{"allow":["GET"]}}],"collection":[{"href":"https:\/\/bihavadis.com\/index.php\/wp-json\/wp\/v2\/posts"}],"about":[{"href":"https:\/\/bihavadis.com\/index.php\/wp-json\/wp\/v2\/types\/post"}],"author":[{"embeddable":true,"href":"https:\/\/bihavadis.com\/index.php\/wp-json\/wp\/v2\/users\/1"}],"replies":[{"embeddable":true,"href":"https:\/\/bihavadis.com\/index.php\/wp-json\/wp\/v2\/comments?post=55191"}],"version-history":[{"count":1,"href":"https:\/\/bihavadis.com\/index.php\/wp-json\/wp\/v2\/posts\/55191\/revisions"}],"predecessor-version":[{"id":55193,"href":"https:\/\/bihavadis.com\/index.php\/wp-json\/wp\/v2\/posts\/55191\/revisions\/55193"}],"wp:featuredmedia":[{"embeddable":true,"href":"https:\/\/bihavadis.com\/index.php\/wp-json\/wp\/v2\/media\/55192"}],"wp:attachment":[{"href":"https:\/\/bihavadis.com\/index.php\/wp-json\/wp\/v2\/media?parent=55191"}],"wp:term":[{"taxonomy":"category","embeddable":true,"href":"https:\/\/bihavadis.com\/index.php\/wp-json\/wp\/v2\/categories?post=55191"},{"taxonomy":"post_tag","embeddable":true,"href":"https:\/\/bihavadis.com\/index.php\/wp-json\/wp\/v2\/tags?post=55191"}],"curies":[{"name":"wp","href":"https:\/\/api.w.org\/{rel}","templated":true}]}}