{"id":55362,"date":"2026-03-01T16:21:07","date_gmt":"2026-03-01T16:21:07","guid":{"rendered":"https:\/\/bihavadis.com\/?p=55362"},"modified":"2026-03-01T16:21:07","modified_gmt":"2026-03-01T16:21:07","slug":"fatma-sahinin-koruma-polisini-semsiyesi-altina-aldigi-anlar","status":"publish","type":"post","link":"https:\/\/bihavadis.com\/index.php\/2026\/03\/01\/fatma-sahinin-koruma-polisini-semsiyesi-altina-aldigi-anlar\/","title":{"rendered":"Fatma \u015eahin&#8217;in koruma polisini \u015femsiyesi alt\u0131na ald\u0131\u011f\u0131 anlar"},"content":{"rendered":"<p>Kamu y\u00f6neticilerinin \u00e7al\u0131\u015fma arkada\u015flar\u0131na ve halka y\u00f6nelik tutumlar\u0131, her zaman toplumun dikkat etti\u011fi bir husus.<\/p>\n<p>Bu konuda ya\u015fanan olumlu ve olumsuz \u00f6rnekler s\u0131k s\u0131k g\u00fcndeme yans\u0131rken son olarak Karab\u00fck ve Erzincan&#8217;dan gelen g\u00f6r\u00fcnt\u00fcler b\u00fcy\u00fck tepki \u00e7ekti.<\/p>\n<p><strong>KAYMAKAMLARIN BA\u015eROLDE OLDU\u011eU \u015eEMS\u0130YE VE AYAKKABI OLAYI<\/strong><\/p>\n<p>Yenice Kaymakam\u0131 Mert Can Canga&#8217;n\u0131n korumas\u0131n\u0131n cami \u00e7\u0131k\u0131\u015f\u0131nda elinde ayakkab\u0131 ve kerata ile beklemesi ve Tercan Kaymakam\u0131 Neslihan Duman&#8217;\u0131n korumas\u0131n\u0131n \u015femsiyesini tutmas\u0131na ili\u015fkin tart\u0131\u015fmalar art arda ya\u015fand\u0131.<\/p>\n<p>Her iki kaymakam da durumu a\u00e7\u0131klayarak sosyal medyada kendilerine y\u00f6nelik alg\u0131 olu\u015fturulmaya \u00e7al\u0131\u015f\u0131ld\u0131\u011f\u0131n\u0131, durumu fark edince m\u00fcdahale ettiklerini belirtseler de ele\u015ftirilerden kurtulamad\u0131.<\/p>\n<p><img decoding=\"async\" src=\"https:\/\/bihavadis.com\/wp-content\/uploads\/2026\/03\/fatma-sahinin-koruma-polisini-semsiyesi-altina-aldigi-anlar-0-HBKiIOOh.jpg\"\/><\/p>\n<p><strong>FATMA \u015eAH\u0130N&#8217;\u0130N FOTO\u011eRAFI DO\u011eRU \u00d6RNEK OLARAK G\u00d6STER\u0130LD\u0130<\/strong><\/p>\n<p>Kamuoyunda bu iki g\u00f6r\u00fcnt\u00fc \u00fczerinden tart\u0131\u015fma s\u00fcrerken sosyal medyada, Gaziantep B\u00fcy\u00fck\u015fehir Belediye Ba\u015fkan\u0131 Fatma \u015eahin&#8217;in bir foto\u011fraf\u0131 ortaya \u00e7\u0131kt\u0131.<\/p>\n<p>\u0130ki kare foto\u011frafta \u015eahin&#8217;in, Ankara&#8217;daki bir programda kendisine e\u015flik eden kad\u0131n koruma polisini kendi tuttu\u011fu \u015femsiyenin alt\u0131na ald\u0131\u011f\u0131 g\u00f6r\u00fcn\u00fcyor.<\/p>\n<p>Korumas\u0131na \u015femsiye tutturmak yerine \u0131slanmas\u0131na dahi m\u00fcsaade etmeyen \u015eahin&#8217;in o g\u00f6r\u00fcnt\u00fcleri, sosyal medyada be\u011feni toplad\u0131.<\/p>\n<p><img decoding=\"async\" src=\"https:\/\/bihavadis.com\/wp-content\/uploads\/2026\/03\/fatma-sahinin-koruma-polisini-semsiyesi-altina-aldigi-anlar-1-L6AzKYkI.jpg\"\/><\/p>\n<p><strong>&#8220;KAMU Y\u00d6NET\u0130C\u0130S\u0130 B\u00d6YLE OLMALI&#8221;<\/strong><\/p>\n<p>Sosyal medya kullan\u0131c\u0131lar\u0131, \u015eahin&#8217;den \u00f6vg\u00fc ile bahsetti. Kamu g\u00f6revlilerinin halkla ve \u00e7al\u0131\u015fma arkada\u015flar\u0131yla nas\u0131l bir ili\u015fki i\u00e7inde olmas\u0131na \u015eahin&#8217;in bu g\u00f6r\u00fcnt\u00fcleri \u00f6rnek g\u00f6sterildi.<\/p>\n<p><img decoding=\"async\" src=\"https:\/\/bihavadis.com\/wp-content\/uploads\/2026\/03\/fatma-sahinin-koruma-polisini-semsiyesi-altina-aldigi-anlar-2-Z4GFJZ4w.jpg\"\/> <\/p>\n<div> <span><strong>Kaynak:<\/strong> Ensonhaber Haber Merkezi<\/span> <\/div>\n","protected":false},"excerpt":{"rendered":"<p>Kamu y\u00f6neticilerinin \u00e7al\u0131\u015fma arkada\u015flar\u0131na ve halka y\u00f6nelik tutumlar\u0131, her zaman toplumun dikkat etti\u011fi bir husus. Bu konuda ya\u015fanan olumlu ve olumsuz \u00f6rnekler s\u0131k s\u0131k g\u00fcndeme yans\u0131rken son olarak Karab\u00fck ve Erzincan&#8217;dan gelen g\u00f6r\u00fcnt\u00fcler b\u00fcy\u00fck tepki &#8230;<\/p>\n","protected":false},"author":1,"featured_media":55363,"comment_status":"open","ping_status":"open","sticky":false,"template":"","format":"standard","meta":{"footnotes":""},"categories":[9,13],"tags":[6833],"class_list":["post-55362","post","type-post","status-publish","format-standard","has-post-thumbnail","hentry","category-genel","category-son-dakika","tag-sahinin"],"_links":{"self":[{"href":"https:\/\/bihavadis.com\/index.php\/wp-json\/wp\/v2\/posts\/55362","targetHints":{"allow":["GET"]}}],"collection":[{"href":"https:\/\/bihavadis.com\/index.php\/wp-json\/wp\/v2\/posts"}],"about":[{"href":"https:\/\/bihavadis.com\/index.php\/wp-json\/wp\/v2\/types\/post"}],"author":[{"embeddable":true,"href":"https:\/\/bihavadis.com\/index.php\/wp-json\/wp\/v2\/users\/1"}],"replies":[{"embeddable":true,"href":"https:\/\/bihavadis.com\/index.php\/wp-json\/wp\/v2\/comments?post=55362"}],"version-history":[{"count":1,"href":"https:\/\/bihavadis.com\/index.php\/wp-json\/wp\/v2\/posts\/55362\/revisions"}],"predecessor-version":[{"id":55367,"href":"https:\/\/bihavadis.com\/index.php\/wp-json\/wp\/v2\/posts\/55362\/revisions\/55367"}],"wp:featuredmedia":[{"embeddable":true,"href":"https:\/\/bihavadis.com\/index.php\/wp-json\/wp\/v2\/media\/55363"}],"wp:attachment":[{"href":"https:\/\/bihavadis.com\/index.php\/wp-json\/wp\/v2\/media?parent=55362"}],"wp:term":[{"taxonomy":"category","embeddable":true,"href":"https:\/\/bihavadis.com\/index.php\/wp-json\/wp\/v2\/categories?post=55362"},{"taxonomy":"post_tag","embeddable":true,"href":"https:\/\/bihavadis.com\/index.php\/wp-json\/wp\/v2\/tags?post=55362"}],"curies":[{"name":"wp","href":"https:\/\/api.w.org\/{rel}","templated":true}]}}