{"id":55408,"date":"2026-03-01T16:57:06","date_gmt":"2026-03-01T16:57:06","guid":{"rendered":"https:\/\/bihavadis.com\/?p=55408"},"modified":"2026-03-01T16:57:06","modified_gmt":"2026-03-01T16:57:06","slug":"emittin-gozbebegi-balikesir-oldu","status":"publish","type":"post","link":"https:\/\/bihavadis.com\/index.php\/2026\/03\/01\/emittin-gozbebegi-balikesir-oldu\/","title":{"rendered":"EMITT&#8217;in g\u00f6zbebe\u011fi Bal\u0131kesir oldu"},"content":{"rendered":"<p>Turizm sekt\u00f6r\u00fcn\u00fcn en \u00f6nemli bulu\u015fma noktalar\u0131ndan olan ve binlerce ki\u015finin ziyaret etti\u011fi Do\u011fu Akdeniz Uluslararas\u0131 Turizm ve Seyahat Fuar\u0131&#8217;nda (EMITT) Bal\u0131kesir&#8217;in stand\u0131na ilgi b\u00fcy\u00fck oldu. Bal\u0131kesir B\u00fcy\u00fck\u015fehir Belediye Ba\u015fkan\u0131 Ahmet Ak\u0131n, Bal\u0131kesir&#8217;in T\u00fcrkiye&#8217;nin ve d\u00fcnyan\u0131n parlayan y\u0131ld\u0131z\u0131 olma yolunda emin ad\u0131mlarla y\u00fcr\u00fcd\u00fc\u011f\u00fcn\u00fc belirtirken, &#8220;Bal\u0131kesir&#8217;imizin stand\u0131na ilginin b\u00fcy\u00fck olmas\u0131 bizi \u00e7ok mutlu etmi\u015ftir. T\u00fcm ziyaret\u00e7ilerimizi stand\u0131m\u0131za u\u011framaya davet ediyorum.&#8221; dedi.<\/p>\n<p>Bal\u0131kesir B\u00fcy\u00fck\u015fehir Belediyesi; \u015fehrin zengin k\u00fclt\u00fcrel miras\u0131n\u0131, b\u00fcy\u00fcleyici do\u011fas\u0131n\u0131, turizm potansiyelini ve yerel \u00fcr\u00fcn \u00e7e\u015fitlili\u011fini tan\u0131tmak amac\u0131yla d\u00fcnyan\u0131n en prestijli turizm organizasyonlar\u0131ndan biri olan Do\u011fu Akdeniz Uluslararas\u0131 Turizm ve Seyahat Fuar\u0131&#8217;nda (EMITT) yerini ald\u0131. Fuar\u0131n ilk g\u00fcn\u00fcnde Bal\u0131kesir&#8217;in stand\u0131na ilgi olduk\u00e7a yo\u011fun oldu. \u0130stanbul Fuar Merkezi&#8217;nde Salon 1&#8217;deki 1301 numaral\u0131 stantta \u015fehrin gastronomi zenginliklerini, y\u00f6resel \u00fcr\u00fcnlerini, do\u011fal g\u00fczelliklerini, k\u00fclt\u00fcrel miras\u0131n\u0131, termal kaynaklar\u0131n\u0131 ve turizm \u00e7e\u015fitlili\u011fini d\u00fcnyaya tan\u0131t\u0131yor. 5-7 \u015eubat g\u00fcnleri aras\u0131nda ziyarete a\u00e7\u0131k olan fuarda, Bal\u0131kesir B\u00fcy\u00fck\u015fehir Belediyesinin stand\u0131na ilk g\u00fcnden ilgi olduk\u00e7a y\u00fcksekti. Stand\u0131 ziyaret eden Bal\u0131kesir B\u00fcy\u00fck\u015fehir Belediye Ba\u015fkan\u0131 Ahmet Ak\u0131n, fuarda Bal\u0131kesir&#8217;in stand\u0131na b\u00fcy\u00fck bir ilgi oldu\u011funu belirtirken bu ilgiden memnun olduklar\u0131n\u0131 s\u00f6yledi.<\/p>\n<p>Bal\u0131kesir stand\u0131na yo\u011fun ilgi<\/p>\n<p>A\u00e7\u0131l\u0131\u015f program\u0131n\u0131n ard\u0131ndan Bal\u0131kesir stand\u0131n\u0131 ziyaret eden Bal\u0131kesir B\u00fcy\u00fck\u015fehir Belediye Ba\u015fkan\u0131 Ahmet Ak\u0131n, ziyaret\u00e7ilere h\u00f6\u015fmerim ve kavurmal\u0131 pilav ikram etti. Bal\u0131kesir B\u00fcy\u00fck\u015fehir Belediyesi ve il\u00e7e belediyeleriyle birlikte fuarda \u00fc\u00e7 g\u00fcn boyunca Bal\u0131kesir&#8217;in zenginliklerini d\u00fcnyaya tan\u0131tacaklar\u0131n\u0131 ifade eden Ak\u0131n, &#8220;Bal\u0131kesir olarak fuarda yerimizi ald\u0131k. Her zaman s\u00f6yl\u00fcyorum. Bal\u0131kesir, Kuvay\u0131milliye&#8217;nin ba\u015f\u015fehridir. Birli\u011fin ve beraberli\u011fin \u015fehridir. Burada da birlik ve beraberlik i\u00e7erisinde hareket ediyoruz. Bal\u0131kesir, \u00e7ok farkl\u0131 bir co\u011frafyaya sahip. Bir tarafta Kazda\u011flar\u0131, bir tarafta Ala\u00e7am Da\u011flar\u0131, bir tarafta Kap\u0131da\u011f Yar\u0131madas\u0131 Hepsi birbirinden g\u00fczel yerler. Ayn\u0131 zamanda Bal\u0131kesir&#8217;imizin gastronomisini, co\u011frafi i\u015faretli \u00fcr\u00fcnlerimizi tan\u0131t\u0131yoruz. Fuar\u0131n ilk g\u00fcn\u00fcnde Bal\u0131kesir&#8217;imizin stand\u0131na ilgi olduk\u00e7a y\u00fcksek oldu. Bundan \u00e7ok mutluluk duyuyoruz. Her ge\u00e7en y\u0131l daha da ileriye gitmeyi hedefledik. EMITT Fuar\u0131m\u0131z\u0131n ard\u0131ndan Antalya&#8217;da, Berlin ve Fransa&#8217;da da birer fuara kat\u0131laca\u011f\u0131z. Bal\u0131kesir&#8217;in t\u00fcm g\u00fczelliklerini d\u00fcnyaya tan\u0131taca\u011f\u0131z. Bal\u0131kesir, d\u00fcnyan\u0131n en g\u00fczel kentidir. Bunun i\u00e7in sadece gelip gitmek olmaz. Gezip dola\u015fmak laz\u0131m. Herkesi Bal\u0131kesir&#8217;e davet ediyoruz. Bal\u0131kesir hem T\u00fcrkiye&#8217;nin hem de d\u00fcnyan\u0131n parlayan y\u0131ld\u0131z\u0131 olacak. Fuar\u0131 ziyaret eden herkesi stand\u0131m\u0131za davet ediyorum&#8221; diye konu\u015ftu. &#8211; BALIKES\u0130R<\/p>\n","protected":false},"excerpt":{"rendered":"<p>Do\u011fu Akdeniz Uluslararas\u0131 Turizm ve Seyahat Fuar\u0131&#8217;nda (EMITT) Bal\u0131kesir&#8217;in stand\u0131 yo\u011fun ilgi g\u00f6rd\u00fc. Bal\u0131kesir B\u00fcy\u00fck\u015fehir Belediye Ba\u015fkan\u0131 Ahmet Ak\u0131n, \u015fehrin turizm potansiyelini tan\u0131tarak ziyaret\u00e7ileri standlar\u0131na davet etti.<\/p>\n","protected":false},"author":1,"featured_media":55409,"comment_status":"open","ping_status":"open","sticky":false,"template":"","format":"standard","meta":{"footnotes":""},"categories":[8],"tags":[4780,433,518,6836,319],"class_list":["post-55408","post","type-post","status-publish","format-standard","has-post-thumbnail","hentry","category-ekonomi","tag-balikesir","tag-fuar","tag-ilgi","tag-standina","tag-ziyaret"],"_links":{"self":[{"href":"https:\/\/bihavadis.com\/index.php\/wp-json\/wp\/v2\/posts\/55408","targetHints":{"allow":["GET"]}}],"collection":[{"href":"https:\/\/bihavadis.com\/index.php\/wp-json\/wp\/v2\/posts"}],"about":[{"href":"https:\/\/bihavadis.com\/index.php\/wp-json\/wp\/v2\/types\/post"}],"author":[{"embeddable":true,"href":"https:\/\/bihavadis.com\/index.php\/wp-json\/wp\/v2\/users\/1"}],"replies":[{"embeddable":true,"href":"https:\/\/bihavadis.com\/index.php\/wp-json\/wp\/v2\/comments?post=55408"}],"version-history":[{"count":1,"href":"https:\/\/bihavadis.com\/index.php\/wp-json\/wp\/v2\/posts\/55408\/revisions"}],"predecessor-version":[{"id":55410,"href":"https:\/\/bihavadis.com\/index.php\/wp-json\/wp\/v2\/posts\/55408\/revisions\/55410"}],"wp:featuredmedia":[{"embeddable":true,"href":"https:\/\/bihavadis.com\/index.php\/wp-json\/wp\/v2\/media\/55409"}],"wp:attachment":[{"href":"https:\/\/bihavadis.com\/index.php\/wp-json\/wp\/v2\/media?parent=55408"}],"wp:term":[{"taxonomy":"category","embeddable":true,"href":"https:\/\/bihavadis.com\/index.php\/wp-json\/wp\/v2\/categories?post=55408"},{"taxonomy":"post_tag","embeddable":true,"href":"https:\/\/bihavadis.com\/index.php\/wp-json\/wp\/v2\/tags?post=55408"}],"curies":[{"name":"wp","href":"https:\/\/api.w.org\/{rel}","templated":true}]}}