{"id":55456,"date":"2026-03-01T17:21:08","date_gmt":"2026-03-01T17:21:08","guid":{"rendered":"https:\/\/bihavadis.com\/?p=55456"},"modified":"2026-03-01T17:21:08","modified_gmt":"2026-03-01T17:21:08","slug":"depremde-ihmale-dikkat-cekti","status":"publish","type":"post","link":"https:\/\/bihavadis.com\/index.php\/2026\/03\/01\/depremde-ihmale-dikkat-cekti\/","title":{"rendered":"Depremde \u0130hmale Dikkat \u00c7ekti"},"content":{"rendered":"<p>\u0130n\u015faat M\u00fcteahhitleri Sanayicileri \u0130\u015f \u0130nsanlar\u0131 Federasyonu (\u0130MS\u0130FED) Y\u00f6netim Kurulu Ba\u015fkan\u0131 \u015eeref Demir, Kahramanmara\u015f merkezli 6 \u015eubat 2023&#8217;te meydana gelen ve &#8220;Asr\u0131n Felaketi&#8221; olarak nitelendirilen depremlerin \u00fc\u00e7\u00fcnc\u00fc y\u0131l\u0131 dolay\u0131s\u0131yla mesaj yay\u0131mlad\u0131.<\/p>\n<p>Demir, mesaj\u0131nda hayat\u0131n\u0131 kaybedenlere Allah&#8217;tan rahmet, geride kalanlara sab\u0131r diledi.<\/p>\n<p>Afetin de\u011fil ihmalin \u00f6ld\u00fcrd\u00fc\u011f\u00fcn\u00fc ifade eden Demir, g\u00fcvensiz yap\u0131lar, plans\u0131z kentle\u015fme ve denetimsizli\u011fin can ald\u0131\u011f\u0131n\u0131 bildirdi.<\/p>\n<p>Demir, deprem ger\u00e7e\u011fiyle ya\u015faman\u0131n \u00f6\u011frenilmesi gerekti\u011fine i\u015faret ederek, &#8220;Bu da ancak devlet, yerel y\u00f6netimler, sekt\u00f6r temsilcileri ve vatanda\u015f\u0131n birlikte hareket etmesiyle m\u00fcmk\u00fcnd\u00fcr. Bug\u00fcn devletimizin deprem b\u00f6lgesinde y\u00fcr\u00fctt\u00fc\u011f\u00fc \u00e7al\u0131\u015fmalar kapsam\u0131nda 450 bin deprem konutunun in\u015fa edilmesi, yaralar\u0131n sar\u0131lmas\u0131 ad\u0131na \u00f6nemli ve k\u0131ymetli bir ad\u0131md\u0131r. Bu b\u00fcy\u00fck \u00e7aban\u0131n devam\u0131n\u0131n kararl\u0131l\u0131kla s\u00fcrd\u00fcr\u00fclmesi, ayn\u0131 zamanda h\u0131zla birlikte kalite ve g\u00fcvenli\u011fin de en \u00fcst d\u00fczeyde korunmas\u0131 hayati \u00f6nemdedir.&#8221; ifadesini kulland\u0131.<\/p>\n<p>Demir, \u0130MS\u0130AD olarak bilim ve m\u00fchendislik esasl\u0131 yap\u0131la\u015fmay\u0131, kentsel d\u00f6n\u00fc\u015f\u00fcm\u00fcn ertelenmeden ve kararl\u0131l\u0131kla hayata ge\u00e7irilmesini, denetimin g\u00fc\u00e7lendirilmesini, kaliteden ve g\u00fcvenlikten asla taviz verilmemesini \u0131srarla savunduklar\u0131n\u0131 belirterek, \u015funlar\u0131 kaydetti: <\/p>\n<p>&#8220;Bug\u00fcn at\u0131lmayan her ad\u0131m, yar\u0131n telafisi olmayan ac\u0131lara d\u00f6n\u00fc\u015fmektedir. Depremi konu\u015fmak i\u00e7in yeni bir felaket beklemeye ne vicdan\u0131m\u0131z ne zaman\u0131m\u0131z vard\u0131r. Bu topraklarda bir daha ayn\u0131 ac\u0131lar\u0131 ya\u015famamak i\u00e7in sorumluluk almak, cesaret g\u00f6stermek ve do\u011fru ad\u0131mlar\u0131 bug\u00fcnden atmak zorunday\u0131z. Kaybettiklerimizi rahmetle an\u0131yor, gelece\u011fimizi g\u00fcvenli \u015fehirler \u00fczerine in\u015fa etme kararl\u0131l\u0131\u011f\u0131m\u0131z\u0131 kamuoyuna sayg\u0131yla duyuruyoruz.&#8221;<\/p>\n","protected":false},"excerpt":{"rendered":"<p>\u0130MS\u0130FED Ba\u015fkan\u0131 Demir, depremlerin \u00fc\u00e7\u00fcnc\u00fc y\u0131l\u0131 mesaj\u0131nda g\u00fcvenli yap\u0131la\u015fman\u0131n \u00f6nemini vurgulad\u0131.<\/p>\n","protected":false},"author":1,"featured_media":55457,"comment_status":"open","ping_status":"open","sticky":false,"template":"","format":"standard","meta":{"footnotes":""},"categories":[9,4,13],"tags":[601,60],"class_list":["post-55456","post","type-post","status-publish","format-standard","has-post-thumbnail","hentry","category-genel","category-gundem","category-son-dakika","tag-demir","tag-deprem"],"_links":{"self":[{"href":"https:\/\/bihavadis.com\/index.php\/wp-json\/wp\/v2\/posts\/55456","targetHints":{"allow":["GET"]}}],"collection":[{"href":"https:\/\/bihavadis.com\/index.php\/wp-json\/wp\/v2\/posts"}],"about":[{"href":"https:\/\/bihavadis.com\/index.php\/wp-json\/wp\/v2\/types\/post"}],"author":[{"embeddable":true,"href":"https:\/\/bihavadis.com\/index.php\/wp-json\/wp\/v2\/users\/1"}],"replies":[{"embeddable":true,"href":"https:\/\/bihavadis.com\/index.php\/wp-json\/wp\/v2\/comments?post=55456"}],"version-history":[{"count":1,"href":"https:\/\/bihavadis.com\/index.php\/wp-json\/wp\/v2\/posts\/55456\/revisions"}],"predecessor-version":[{"id":55458,"href":"https:\/\/bihavadis.com\/index.php\/wp-json\/wp\/v2\/posts\/55456\/revisions\/55458"}],"wp:featuredmedia":[{"embeddable":true,"href":"https:\/\/bihavadis.com\/index.php\/wp-json\/wp\/v2\/media\/55457"}],"wp:attachment":[{"href":"https:\/\/bihavadis.com\/index.php\/wp-json\/wp\/v2\/media?parent=55456"}],"wp:term":[{"taxonomy":"category","embeddable":true,"href":"https:\/\/bihavadis.com\/index.php\/wp-json\/wp\/v2\/categories?post=55456"},{"taxonomy":"post_tag","embeddable":true,"href":"https:\/\/bihavadis.com\/index.php\/wp-json\/wp\/v2\/tags?post=55456"}],"curies":[{"name":"wp","href":"https:\/\/api.w.org\/{rel}","templated":true}]}}