{"id":55484,"date":"2026-03-01T17:36:09","date_gmt":"2026-03-01T17:36:09","guid":{"rendered":"https:\/\/bihavadis.com\/?p=55484"},"modified":"2026-03-01T17:36:09","modified_gmt":"2026-03-01T17:36:09","slug":"gulsum-ve-mervenin-baglari-90-saat-sonra-kurtulus","status":"publish","type":"post","link":"https:\/\/bihavadis.com\/index.php\/2026\/03\/01\/gulsum-ve-mervenin-baglari-90-saat-sonra-kurtulus\/","title":{"rendered":"G\u00fcls\u00fcm ve Merve&#8217;nin Ba\u011flar\u0131: 90 Saat Sonra Kurtulu\u015f"},"content":{"rendered":"<p> Kahramanmara\u015f merkezli 6 \u015eubat 2023&#8217;teki depremlerde Ad\u0131yaman&#8217;da enkaz alt\u0131nda kalan G\u00fcls\u00fcm Ye\u015filkaya ile kendisini 90 saat sonra kurtaran ekipte yer alan D\u00fczce&#8217;de g\u00f6revli UMKE hem\u015firesi Merve Be\u015fik irtibatlar\u0131n\u0131 koparmad\u0131.<\/p>\n<p>Ad\u0131yaman merkezde y\u0131k\u0131lan 7 katl\u0131 Bereket Apartman\u0131&#8217;n\u0131n enkaz\u0131nda y\u00fcr\u00fct\u00fclen \u00e7al\u0131\u015fmalarda, madencilerin yakla\u015f\u0131k 8 metre derinli\u011fe inerek ula\u015ft\u0131\u011f\u0131 Ye\u015filkaya, depremin ard\u0131ndan ge\u00e7en 90 saat sonra kurtar\u0131ld\u0131. Enkazdan \u00e7\u0131kar\u0131lan Ye\u015filkaya, UMKE ekiplerince ambulansla hastaneye sevk edildi.<\/p>\n<p>Deprem s\u0131ras\u0131nda 17 ya\u015f\u0131nda olan ve tedavi s\u00fcrecinin ard\u0131ndan e\u011fitim hayat\u0131na yeniden ba\u015flayan Ye\u015filkaya, Sivas&#8217;ta \u00fcniversite \u00f6\u011frenimini s\u00fcrd\u00fcr\u00fcyor.<\/p>\n<p>D\u00fczce&#8217;de g\u00f6rev yapan UMKE hem\u015firesi Be\u015fik ile Ye\u015filkaya aras\u0131nda kurtarma \u00e7al\u0131\u015fmas\u0131 s\u0131ras\u0131nda kurulan ba\u011f da s\u00fcr\u00fcyor. \u0130kili, ya\u015fad\u0131klar\u0131 o zorlu g\u00fcnlerin ard\u0131ndan telefon ve g\u00f6r\u00fcnt\u00fcl\u00fc g\u00f6r\u00fc\u015fmelerle irtibatlar\u0131n\u0131 devam ettiriyor.<\/p>\n<p>Be\u015fik ile yapt\u0131\u011f\u0131 g\u00f6r\u00fcnt\u00fcl\u00fc konu\u015fma esnas\u0131nda gazetecilere a\u00e7\u0131klamada bulunan Ye\u015filkaya, 90 saat enkaz alt\u0131nda kald\u0131\u011f\u0131n\u0131, ilk \u00e7\u0131kar\u0131ld\u0131\u011f\u0131nda madenciler ve UMKE ekiplerini g\u00f6r\u00fcnce ne oldu\u011funu tam olarak anlayamad\u0131\u011f\u0131n\u0131 anlatt\u0131.<\/p>\n<p>Kurtar\u0131laca\u011f\u0131n\u0131 pek d\u00fc\u015f\u00fcnmedi\u011fini dile getiren Ye\u015filkaya, kendisini b\u00fcy\u00fck bir \u00f6zveriyle kurtaran ATT ve UMKE personeli, madenciler ve D\u00fczce UMKE hem\u015firesi Be\u015fik ile hala g\u00f6r\u00fc\u015ft\u00fc\u011f\u00fcn\u00fc s\u00f6yledi.<\/p>\n<p>&#8220;\u0130lk \u015foku atlatt\u0131ktan sonra i\u015fimize odakland\u0131k&#8221;<\/p>\n<p>Be\u015fik de ya\u015fananlar\u0131n aradan ge\u00e7en zamana ra\u011fmen hala ilk g\u00fcnk\u00fc gibi tazeli\u011fini korudu\u011funu belirterek, &#8220;Hi\u00e7 3 y\u0131l ge\u00e7memi\u015f gibi, sanki daha yeni g\u00f6revden gelmi\u015f gibiyiz. Oraya gitti\u011fimizde g\u00f6rd\u00fc\u011f\u00fcm\u00fcz manzara ak\u0131l alacak boyutta de\u011fildi. \u0130lk \u015foku atlatt\u0131ktan sonra tamamen i\u015fimize odakland\u0131k.&#8221; dedi.<\/p>\n<p>9 \u015eubat sabah\u0131 kendilerine Ad\u0131yaman merkezdeki Bereket Apartman\u0131&#8217;nda bir enkaz g\u00f6revi verildi\u011fini kaydeden Be\u015fik, &#8220;17 ya\u015f\u0131ndaki G\u00fcls\u00fcm i\u00e7erideydi. Daha \u00f6nce \u00e7al\u0131\u015fan ekip enkaz\u0131 tehlikeli bularak \u00e7al\u0131\u015fmay\u0131 b\u0131rakm\u0131\u015ft\u0131. Zonguldak TTK ekibi &#8216;Biz buraya gireriz.&#8217; diyerek enkaza girdi ve bu sayede G\u00fcls\u00fcm&#8217;e ilk m\u00fcdahaleyi yapabildik.&#8221; diye konu\u015ftu.<\/p>\n<p>Kontrollerde G\u00fcls\u00fcm&#8217;\u00fcn v\u00fccudunda yaralanma ya da s\u0131k\u0131\u015fma tespit edilmedi\u011fini bildiren Be\u015fik, \u015funlar\u0131 kaydetti: <\/p>\n<p>&#8220;G\u00fcls\u00fcm&#8217;\u00fc \u00e7ekyat olarak tabir edilen bir kanepenin i\u00e7inde bulduk. Tavan \u00e7\u00f6kt\u00fckten sonra \u00e7ekyat &#8216;V&#8217; \u015feklini alm\u0131\u015ft\u0131 ve G\u00fcls\u00fcm arada kalm\u0131\u015ft\u0131. \u00dczerindeki betonu kald\u0131ramad\u0131\u011f\u0131m\u0131z i\u00e7in koltu\u011fun arka k\u0131sm\u0131ndan bisturiyle oyuk a\u00e7arak, madencilerin yard\u0131m\u0131yla \u00e7\u0131kard\u0131k. Madencilerin deste\u011fi \u00e7ok b\u00fcy\u00fckt\u00fc.&#8221;<\/p>\n<p>UMKE&#8217;nin olay yerindeki \u00e7al\u0131\u015fma prensiplerine de de\u011finen Be\u015fik, &#8220;Bizim i\u00e7in nefes alan bir canl\u0131n\u0131n oldu\u011fu her yerde UMKE vard\u0131r. G\u00fcls\u00fcm&#8217;\u00fc bir yaral\u0131 gibi de\u011fil, kendi ailemizden biri gibi g\u00f6rd\u00fck. Onu enkazdan \u00e7\u0131kard\u0131\u011f\u0131m\u0131zda, kendi ailemden birini kurtarm\u0131\u015f gibi hissettim.&#8221; ifadelerini kulland\u0131.<\/p>\n<p>Be\u015fik, ayr\u0131ca kurtarma s\u0131ras\u0131nda ya\u015fanan bir an\u0131y\u0131 da payla\u015farak, &#8220;Madencilerden biri G\u00fcls\u00fcm&#8217;e iskender \u0131smarlayaca\u011f\u0131n\u0131 s\u00f6yledi. G\u00fcls\u00fcm et yemedi\u011fini s\u00f6yleyince biz de zeytinya\u011fl\u0131 fasulye yapma s\u00f6z\u00fc verdik. \u0130n\u015fallah bu s\u00f6z\u00fc de en k\u0131sa zamanda yerine getirece\u011fiz.&#8221; dedi.<\/p>\n","protected":false},"excerpt":{"rendered":"<p>Ad\u0131yaman depremlerinde 90 saat enkazda kalan G\u00fcls\u00fcm, kurtaran hem\u015fire Merve ile hala irtibat kuruyor.<\/p>\n","protected":false},"author":1,"featured_media":55485,"comment_status":"open","ping_status":"open","sticky":false,"template":"","format":"standard","meta":{"footnotes":""},"categories":[9,4,13],"tags":[6842,3355,5383,6844,6843],"class_list":["post-55484","post","type-post","status-publish","format-standard","has-post-thumbnail","hentry","category-genel","category-gundem","category-son-dakika","tag-besik","tag-enkaz","tag-gulsum","tag-madenciler","tag-umke"],"_links":{"self":[{"href":"https:\/\/bihavadis.com\/index.php\/wp-json\/wp\/v2\/posts\/55484","targetHints":{"allow":["GET"]}}],"collection":[{"href":"https:\/\/bihavadis.com\/index.php\/wp-json\/wp\/v2\/posts"}],"about":[{"href":"https:\/\/bihavadis.com\/index.php\/wp-json\/wp\/v2\/types\/post"}],"author":[{"embeddable":true,"href":"https:\/\/bihavadis.com\/index.php\/wp-json\/wp\/v2\/users\/1"}],"replies":[{"embeddable":true,"href":"https:\/\/bihavadis.com\/index.php\/wp-json\/wp\/v2\/comments?post=55484"}],"version-history":[{"count":1,"href":"https:\/\/bihavadis.com\/index.php\/wp-json\/wp\/v2\/posts\/55484\/revisions"}],"predecessor-version":[{"id":55486,"href":"https:\/\/bihavadis.com\/index.php\/wp-json\/wp\/v2\/posts\/55484\/revisions\/55486"}],"wp:featuredmedia":[{"embeddable":true,"href":"https:\/\/bihavadis.com\/index.php\/wp-json\/wp\/v2\/media\/55485"}],"wp:attachment":[{"href":"https:\/\/bihavadis.com\/index.php\/wp-json\/wp\/v2\/media?parent=55484"}],"wp:term":[{"taxonomy":"category","embeddable":true,"href":"https:\/\/bihavadis.com\/index.php\/wp-json\/wp\/v2\/categories?post=55484"},{"taxonomy":"post_tag","embeddable":true,"href":"https:\/\/bihavadis.com\/index.php\/wp-json\/wp\/v2\/tags?post=55484"}],"curies":[{"name":"wp","href":"https:\/\/api.w.org\/{rel}","templated":true}]}}