{"id":55517,"date":"2026-03-01T18:00:08","date_gmt":"2026-03-01T18:00:08","guid":{"rendered":"https:\/\/bihavadis.com\/?p=55517"},"modified":"2026-03-01T18:00:08","modified_gmt":"2026-03-01T18:00:08","slug":"herkesin-barbie-kaymakam-dedigi-tugce-orhan-gorevine-asaleten-atandi","status":"publish","type":"post","link":"https:\/\/bihavadis.com\/index.php\/2026\/03\/01\/herkesin-barbie-kaymakam-dedigi-tugce-orhan-gorevine-asaleten-atandi\/","title":{"rendered":"Herkesin &#8220;Barbie kaymakam&#8221; dedi\u011fi Tu\u011f\u00e7e Orhan g\u00f6revine asaleten atand\u0131"},"content":{"rendered":"<p>Atama ve g\u00f6revden alma kararlar\u0131, Cumhurba\u015fkan\u0131 Recep Tayyip Erdo\u011fan&#8217;\u0131n imzas\u0131yla Resmi Gazete&#8217;de yay\u0131mlanarak y\u00fcr\u00fcrl\u00fc\u011fe girdi.<\/p>\n<p>Kararla birlikte \u00e7ok say\u0131da il\u00e7ede yeni atamalar ger\u00e7ekle\u015fti.<\/p>\n<p>Bu atamalardan birisi de Samsun&#8217;un Ladik il\u00e7esinde oldu&#8230;<\/p>\n<p><strong>TU\u011e\u00c7E ORHAN ASALETEN ATANDI<\/strong><\/p>\n<p>Samsun&#8217;un Ladik il\u00e7esinde kaymakam vekili olarak g\u00f6rev yapan Tu\u011f\u00e7e Orhan, yay\u0131mlanan kararnameyle asaleten kaymakaml\u0131\u011fa atand\u0131.\u00a0<\/p>\n<p><strong>SOSYAL MEDYADA UZUN S\u00dcRE KONU\u015eULMU\u015eTU<\/strong><\/p>\n<p>Tu\u011f\u00e7e Orhan, daha \u00f6nce sosyal medyada hakk\u0131nda yap\u0131lan yorumlarla g\u00fcndeme gelmi\u015fti.<\/p>\n<p>Baz\u0131 kullan\u0131c\u0131lar, Orhan&#8217;\u0131n &#8216;<b>Barbie Bebek&#8217;<\/b>ebenzedi\u011fini \u00f6ne s\u00fcrerek payla\u015f\u0131m yapm\u0131\u015f, konu k\u0131sa s\u00fcrede sosyal medyada tart\u0131\u015fma yaratm\u0131\u015ft\u0131.<\/p>\n<p><img decoding=\"async\" src=\"https:\/\/bihavadis.com\/wp-content\/uploads\/2026\/03\/herkesin-barbie-kaymakam-dedigi-tugce-orhan-gorevine-asaleten-atandi-0-mfwOLk5h.jpg\"\/><\/p>\n<p><strong>TU\u011e\u00c7E ORHAN HAKKINDA<\/strong><\/p>\n<p>1995 y\u0131l\u0131nda Elaz\u0131\u011f\u2019da do\u011fan Orhan, F\u0131rat \u00dcniversitesi \u0130ktisadi ve \u0130dari Bilimler Fak\u00fcltesi, Siyaset Bilimi ve Kamu Y\u00f6netimi B\u00f6l\u00fcm\u00fc&#8217;nden 2017 y\u0131l\u0131nda mezun oldu.\u00a0<\/p>\n<p>Ard\u0131ndan F\u0131rat \u00dcniversitesi Kamu Y\u00f6netimi Anabilim Dal\u0131&#8217;nda y\u00fcksek lisans\u0131n\u0131 tamamlad\u0131.<\/p>\n<p>\u0130\u00e7i\u015fleri Bakanl\u0131\u011f\u0131&#8217;n\u0131n a\u00e7m\u0131\u015f oldu\u011fu 110. D\u00f6nem Kaymakam Adayl\u0131\u011f\u0131 s\u0131nav\u0131n\u0131 kazanarak 21 Aral\u0131k 2021 tarihinde Elaz\u0131\u011f Kaymakam Aday\u0131 olarak m\u00fclki idare amirli\u011fine geldi.\u00a0<\/p>\n<p>\u0130l merkez staj\u0131n\u0131 Elaz\u0131\u011f Valili\u011fi&#8217;nde, m\u00fclkiye m\u00fcfetti\u015fi refakatinde tefti\u015f staj\u0131n\u0131 Ankara\u2019da, kaymakam refikli\u011fi staj\u0131n\u0131 ise s\u0131ras\u0131yla D\u00fczce\/Ak\u00e7akoca ve Ankara\/G\u00f6lba\u015f\u0131 il\u00e7elerinde tamamlad\u0131.<\/p>\n<p>Ard\u0131ndan Bolu\u2019nun Seben il\u00e7esinde 22 ay Kaymakam Vekilli\u011fi yapt\u0131.\u00a0<\/p>\n<p><img decoding=\"async\" src=\"https:\/\/bihavadis.com\/wp-content\/uploads\/2026\/03\/herkesin-barbie-kaymakam-dedigi-tugce-orhan-gorevine-asaleten-atandi-1-fIGvS2Cq.jpg\"\/> <\/p>\n<div> <span><strong>Kaynak:<\/strong> Ensonhaber Haber Merkezi<\/span> <\/div>\n","protected":false},"excerpt":{"rendered":"<p>Atama ve g\u00f6revden alma kararlar\u0131, Cumhurba\u015fkan\u0131 Recep Tayyip Erdo\u011fan&#8217;\u0131n imzas\u0131yla Resmi Gazete&#8217;de yay\u0131mlanarak y\u00fcr\u00fcrl\u00fc\u011fe girdi. Kararla birlikte \u00e7ok say\u0131da il\u00e7ede yeni atamalar ger\u00e7ekle\u015fti. Bu atamalardan birisi de Samsun&#8217;un Ladik il\u00e7esinde oldu &#8230;<\/p>\n","protected":false},"author":1,"featured_media":55518,"comment_status":"open","ping_status":"open","sticky":false,"template":"","format":"standard","meta":{"footnotes":""},"categories":[9,13],"tags":[1201,345],"class_list":["post-55517","post","type-post","status-publish","format-standard","has-post-thumbnail","hentry","category-genel","category-son-dakika","tag-kaymakam","tag-orhan"],"_links":{"self":[{"href":"https:\/\/bihavadis.com\/index.php\/wp-json\/wp\/v2\/posts\/55517","targetHints":{"allow":["GET"]}}],"collection":[{"href":"https:\/\/bihavadis.com\/index.php\/wp-json\/wp\/v2\/posts"}],"about":[{"href":"https:\/\/bihavadis.com\/index.php\/wp-json\/wp\/v2\/types\/post"}],"author":[{"embeddable":true,"href":"https:\/\/bihavadis.com\/index.php\/wp-json\/wp\/v2\/users\/1"}],"replies":[{"embeddable":true,"href":"https:\/\/bihavadis.com\/index.php\/wp-json\/wp\/v2\/comments?post=55517"}],"version-history":[{"count":1,"href":"https:\/\/bihavadis.com\/index.php\/wp-json\/wp\/v2\/posts\/55517\/revisions"}],"predecessor-version":[{"id":55521,"href":"https:\/\/bihavadis.com\/index.php\/wp-json\/wp\/v2\/posts\/55517\/revisions\/55521"}],"wp:featuredmedia":[{"embeddable":true,"href":"https:\/\/bihavadis.com\/index.php\/wp-json\/wp\/v2\/media\/55518"}],"wp:attachment":[{"href":"https:\/\/bihavadis.com\/index.php\/wp-json\/wp\/v2\/media?parent=55517"}],"wp:term":[{"taxonomy":"category","embeddable":true,"href":"https:\/\/bihavadis.com\/index.php\/wp-json\/wp\/v2\/categories?post=55517"},{"taxonomy":"post_tag","embeddable":true,"href":"https:\/\/bihavadis.com\/index.php\/wp-json\/wp\/v2\/tags?post=55517"}],"curies":[{"name":"wp","href":"https:\/\/api.w.org\/{rel}","templated":true}]}}