{"id":55547,"date":"2026-03-01T21:06:06","date_gmt":"2026-03-01T21:06:06","guid":{"rendered":"https:\/\/bihavadis.com\/?p=55547"},"modified":"2026-03-01T21:06:06","modified_gmt":"2026-03-01T21:06:06","slug":"times-meydaninda-2026nin-ilk-teravih-namazi-kilindi","status":"publish","type":"post","link":"https:\/\/bihavadis.com\/index.php\/2026\/03\/01\/times-meydaninda-2026nin-ilk-teravih-namazi-kilindi\/","title":{"rendered":"Times Meydan\u0131&#8217;nda 2026&#8217;n\u0131n ilk teravih namaz\u0131 k\u0131l\u0131nd\u0131"},"content":{"rendered":"<p>2026 y\u0131l\u0131 Ramazan ay\u0131, hilalin g\u00f6zlenmesiyle ba\u015flad\u0131.<\/p>\n<p>Bu kutsal ayda d\u00fcnya genelinde milyarlarca M\u00fcsl\u00fcman, maneviyatlar\u0131n\u0131 g\u00fc\u00e7lendirir, ibadetlerini yerine getirirler.<\/p>\n<p><strong>TIMES MEYDANI&#8217;NDA 2026&#8217;NIN \u0130LK TERAV\u0130H\u0130<\/strong><\/p>\n<p>\u0130lk teravih k\u0131l\u0131nd\u0131, ilk sahura kalk\u0131ld\u0131, ilk oru\u00e7lar tutuldu.<\/p>\n<p>D\u00fcnyan\u0131n d\u00f6rt bir yan\u0131nda teravih namaz\u0131nda bir araya gelen M\u00fcsl\u00fcmanlar, her y\u0131l oldu\u011fu gibi, bu sene de New York&#8217;ta g\u00f6r\u00fcnt\u00fclendi.<\/p>\n<p>M\u00fcsl\u00fcmanlar, New York&#8217;un simgelerinden olan Times Meydan\u0131&#8217;nda teravih i\u00e7in topland\u0131.<\/p>\n<p><img decoding=\"async\" src=\"https:\/\/bihavadis.com\/wp-content\/uploads\/2026\/03\/times-meydaninda-2026nin-ilk-teravih-namazi-kilindi-0-B4vcKOJh.jpg\"\/><\/p>\n<p><strong>Y\u00dcZLERCE M\u00dcSL\u00dcMAN B\u0130RL\u0130KTE SECDE ETT\u0130<\/strong><\/p>\n<p>G\u00f6r\u00fcnt\u00fclerde, y\u00fczlerce M\u00fcsl\u00fcman&#8217;\u0131n meydanda saf tutarak secde etti\u011fi anlar yer ald\u0131.<\/p>\n<p>Kat\u0131l\u0131mc\u0131lar, so\u011fuk havaya ra\u011fmen meydan\u0131 doldurarak birlik ve inan\u00e7 mesaj\u0131 verdi.<\/p>\n<p>New York yetkilileri, namaz s\u0131ras\u0131nda g\u00fcvenlik \u00f6nlemleri ald\u0131 ve herhangi bir olumsuzluk ya\u015fanmad\u0131.<\/p>\n<p><img decoding=\"async\" src=\"https:\/\/bihavadis.com\/wp-content\/uploads\/2026\/03\/times-meydaninda-2026nin-ilk-teravih-namazi-kilindi-1-qkTp5nbv.jpg\"\/> <\/p>\n<div> <span><strong>Kaynak:<\/strong> Ensonhaber Haber Merkezi<\/span> <\/div>\n","protected":false},"excerpt":{"rendered":"<p>2026 y\u0131l\u0131 Ramazan ay\u0131, hilalin g\u00f6zlenmesiyle ba\u015flad\u0131. Bu kutsal ayda d\u00fcnya genelinde milyarlarca M\u00fcsl\u00fcman, maneviyatlar\u0131n\u0131 g\u00fc\u00e7lendirir, ibadetlerini yerine getirirler. TIMES MEYDANI&#8217;NDA 2026&#8217;NIN \u0130LK TERAV\u0130H\u0130 \u0130lk teravih k\u0131l\u0131nd\u0131, ilk sahura kalk\u0131ld\u0131 &#8230;<\/p>\n","protected":false},"author":1,"featured_media":55548,"comment_status":"open","ping_status":"open","sticky":false,"template":"","format":"standard","meta":{"footnotes":""},"categories":[6],"tags":[6848],"class_list":["post-55547","post","type-post","status-publish","format-standard","has-post-thumbnail","hentry","category-dunya","tag-musluman"],"_links":{"self":[{"href":"https:\/\/bihavadis.com\/index.php\/wp-json\/wp\/v2\/posts\/55547","targetHints":{"allow":["GET"]}}],"collection":[{"href":"https:\/\/bihavadis.com\/index.php\/wp-json\/wp\/v2\/posts"}],"about":[{"href":"https:\/\/bihavadis.com\/index.php\/wp-json\/wp\/v2\/types\/post"}],"author":[{"embeddable":true,"href":"https:\/\/bihavadis.com\/index.php\/wp-json\/wp\/v2\/users\/1"}],"replies":[{"embeddable":true,"href":"https:\/\/bihavadis.com\/index.php\/wp-json\/wp\/v2\/comments?post=55547"}],"version-history":[{"count":1,"href":"https:\/\/bihavadis.com\/index.php\/wp-json\/wp\/v2\/posts\/55547\/revisions"}],"predecessor-version":[{"id":55551,"href":"https:\/\/bihavadis.com\/index.php\/wp-json\/wp\/v2\/posts\/55547\/revisions\/55551"}],"wp:featuredmedia":[{"embeddable":true,"href":"https:\/\/bihavadis.com\/index.php\/wp-json\/wp\/v2\/media\/55548"}],"wp:attachment":[{"href":"https:\/\/bihavadis.com\/index.php\/wp-json\/wp\/v2\/media?parent=55547"}],"wp:term":[{"taxonomy":"category","embeddable":true,"href":"https:\/\/bihavadis.com\/index.php\/wp-json\/wp\/v2\/categories?post=55547"},{"taxonomy":"post_tag","embeddable":true,"href":"https:\/\/bihavadis.com\/index.php\/wp-json\/wp\/v2\/tags?post=55547"}],"curies":[{"name":"wp","href":"https:\/\/api.w.org\/{rel}","templated":true}]}}