{"id":55564,"date":"2026-03-01T21:18:07","date_gmt":"2026-03-01T21:18:07","guid":{"rendered":"https:\/\/bihavadis.com\/?p=55564"},"modified":"2026-03-01T21:18:07","modified_gmt":"2026-03-01T21:18:07","slug":"mustafa-ciftci-kahramanmaras-depremin-ardindan-buyuk-olcude-toparlandi","status":"publish","type":"post","link":"https:\/\/bihavadis.com\/index.php\/2026\/03\/01\/mustafa-ciftci-kahramanmaras-depremin-ardindan-buyuk-olcude-toparlandi\/","title":{"rendered":"Mustafa \u00c7ift\u00e7i: Kahramanmara\u015f, depremin ard\u0131ndan b\u00fcy\u00fck \u00f6l\u00e7\u00fcde toparland\u0131"},"content":{"rendered":"<p>\u0130\u00e7i\u015fleri Bakan\u0131 Mustafa \u00c7ift\u00e7i, &#8216;Yeni Evim, \u0130lk \u0130ftar\u0131m&#8217; programlar\u0131 kapsam\u0131nda bas\u0131n toplant\u0131s\u0131 ger\u00e7ekle\u015ftirdi.<\/p>\n<p>Bakan \u00c7ift\u00e7i, Kahramanmara\u015f&#8217;ta ger\u00e7ekle\u015ftirdi\u011fi toplant\u0131da, b\u00f6lgedeki son duruma ili\u015fkin bilgi payla\u015ft\u0131.<\/p>\n<p><strong>&#8220;T\u00dcRK\u0130YE, TAR\u0130HTE E\u015e\u0130 BENZER\u0130 G\u00d6R\u00dcLMEM\u0130\u015e B\u0130R BA\u015eARIYA \u0130MZA ATTI&#8221;<\/strong><\/p>\n<p>Asr\u0131n felaketinden bu yana \u015fehrin ge\u00e7irdi\u011fi de\u011fi\u015fime de\u011finen \u00c7ift\u00e7i,<em><b> &#8220;Bug\u00fcn T\u00fcrkiye, tarihte e\u015fi benzeri g\u00f6r\u00fclmemi\u015f bir ba\u015far\u0131ya imza atarak, d\u00fcnyan\u0131n en b\u00fcy\u00fck &#8216;afet sonras\u0131 iyile\u015ftirme operasyonunu&#8217; ve &#8216;toplu konut seferberli\u011fini&#8217; ger\u00e7ekle\u015ftirmi\u015ftir.&#8221; <\/b><\/em>dedi.<\/p>\n<p>\u00c7ift\u00e7i s\u00f6zlerine, <em><b>&#8220;M\u00fcbarek Ramazan-\u0131 \u015eerif&#8217;in ilk cumas\u0131n\u0131, bu aziz \u015fehirde eda ediyor olman\u0131n huzurunu ve bahtiyarl\u0131\u011f\u0131n\u0131 ya\u015f\u0131yorum. Cenab-\u0131 Hak, tuttu\u011fumuz oru\u00e7lar\u0131 ve yapt\u0131\u011f\u0131m\u0131z ibadetleri makbul eylesin; birlik ve karde\u015fli\u011fimizi daim k\u0131ls\u0131n. Bug\u00fcn, bizleri ba\u011fr\u0131na basan g\u00fczel memleket, edeler diyar\u0131 Kahramanmara\u015f&#8217;tay\u0131z.&#8221; <\/b><\/em>ifadeleriyle ba\u015flad\u0131.<\/p>\n<p><strong>&#8220;KAHRAMANMARA\u015e, HEM D\u0130REN\u0130\u015e\u0130 HEM MEDEN\u0130YET\u0130 B\u0130RL\u0130KTE TA\u015eIYAN B\u0130R \u015eEH\u0130RD\u0130R&#8221;<\/strong><\/p>\n<p>\u00c7ift\u00e7i&#8217;nin s\u00f6zlerinden \u00f6ne \u00e7\u0131kan sat\u0131r ba\u015flar\u0131 \u015funlar:<\/p>\n<p>\u0130stiklal Madalyas\u0131&#8217;n\u0131 topyek\u00fbn hak etmi\u015f bu \u015fehir; cesaretin, dirayetin ve vatan sevdas\u0131n\u0131n abidele\u015fmi\u015f halidir. <\/p>\n<p>Bu topraklar kahramanl\u0131\u011f\u0131 kadar; ilim, irfan ve fikir miras\u0131yla da milletimizin haf\u0131zas\u0131nda m\u00fcstesna bir yere sahiptir. <\/p>\n<p>S\u00fct\u00e7\u00fc \u0130mam&#8217;\u0131n imanla tutu\u015fturdu\u011fu k\u0131v\u0131lc\u0131m, 7 G\u00fczel Adam&#8217;\u0131n kalemle in\u015fa etti\u011fi fikir iklimi, Mahzuni \u015eerif&#8217;in Anadolu&#8217;nun s\u0131z\u0131s\u0131n\u0131 dile getiren y\u00fcre\u011fi&#8230; Hepsi bu \u015fehrin ruhunu yo\u011furan b\u00fcy\u00fck de\u011ferlerdir. <\/p>\n<p>Bu nedenle Kahramanmara\u015f; hem direni\u015fi hem medeniyeti birlikte ta\u015f\u0131yan, hem k\u0131l\u0131c\u0131 hem kalemi ayn\u0131 onurla ku\u015fanm\u0131\u015f bir \u015fehirdir. Bu aziz \u015fehir, \u00fc\u00e7 y\u0131l \u00f6nce tarihimizin en b\u00fcy\u00fck imtihanlar\u0131ndan biriyle y\u00fczle\u015fti.<\/p>\n<p><strong>&#8220;ASRIN FELAKET\u0130, UMUTLARI ENKAZ ALTINDA BIRAKTI&#8221;<\/strong><\/p>\n<p>6 \u015eubat 2023 tarihinde ya\u015fanan ve &#8216;Asr\u0131n Felaketi&#8217; olarak tarihe ge\u00e7en depremler, hayatlar\u0131, hat\u0131ralar\u0131 ve umutlar\u0131 enkaz alt\u0131nda b\u0131rakt\u0131. <\/p>\n<p>Kahramanmara\u015f merkezli bu b\u00fcy\u00fck sars\u0131nt\u0131, 11 ilimizi do\u011frudan etkisi alt\u0131na ald\u0131. On binlerce can\u0131m\u0131z\u0131 topra\u011fa verdik. <\/p>\n<p>Sadece Kahramanmara\u015f&#8217;ta 12 bin 772 karde\u015fimizi kaybettik. Milyonlarca vatanda\u015f\u0131m\u0131z yuvas\u0131ndan oldu.<\/p>\n<p><strong>&#8220;BU \u015eEH\u0130R, ASRIN DAYANI\u015eMASININ SEMBOL\u00dc OLDU&#8221;<\/strong><\/p>\n<p>Kahramanmara\u015f, asr\u0131n felaketinin merkezi oldu. Ama ayn\u0131 zamanda &#8216;asr\u0131n dayan\u0131\u015fmas\u0131n\u0131n&#8217; da sembol \u015fehri h\u00e2line geldi. <\/p>\n<p>Muhterem Cumhurba\u015fkan\u0131m\u0131z Recep Tayyip Erdo\u011fan\u2019\u0131n dirayetli ve kararl\u0131 liderli\u011finde; devletimiz felaketin ilk an\u0131ndan itibaren b\u00fct\u00fcn imkanlar\u0131yla sahaya indi, tek bir vatanda\u015f\u0131n\u0131 dahi sahipsiz b\u0131rakmad\u0131. Sadece deprem b\u00f6lgesine g\u00f6revlendirilen ya da g\u00f6n\u00fcll\u00fc giden karde\u015flerimiz de\u011fil; bir millet, topyek\u00fbn karde\u015flik n\u00f6betindeydi.<\/p>\n<p>Ben de depremden hemen sonra Af\u015fin\u2019e g\u00f6revlendirilmi\u015ftim. O zor g\u00fcnleri siz karde\u015flerimle birlikte ya\u015fad\u0131m. Ayn\u0131 ac\u0131y\u0131 payla\u015ft\u0131k ve ayn\u0131 dualara &#8220;Amin&#8221; dedik. <\/p>\n<p>Af\u015fin\u2019de, bu aziz milletin nas\u0131l kenetlendi\u011fini, nas\u0131l karde\u015f oldu\u011funu g\u00f6rd\u00fcm. Af\u015fin\u2019i de ziyaret edece\u011fim.<\/p>\n<p><img decoding=\"async\" src=\"https:\/\/bihavadis.com\/wp-content\/uploads\/2026\/03\/mustafa-ciftci-kahramanmaras-depremin-ardindan-buyuk-olcude-toparlandi-0-5fAgYTDh.jpg\"\/><\/p>\n<p><strong>&#8220;DEVLET\u0130M\u0130Z, KAHRAMANMARA\u015e \u0130\u00c7\u0130N \u0130LK ANDAN \u0130T\u0130BAREN SEFERBERL\u0130K BA\u015eLATMI\u015eTIR&#8221;<\/strong><\/p>\n<p>Bug\u00fcn T\u00fcrkiye, tarihte e\u015fi benzeri g\u00f6r\u00fclmemi\u015f bir ba\u015far\u0131ya imza atarak, d\u00fcnyan\u0131n en b\u00fcy\u00fck &#8216;afet sonras\u0131 iyile\u015ftirme operasyonunu&#8217; ve &#8216;toplu konut seferberli\u011fini&#8217; ger\u00e7ekle\u015ftirmi\u015ftir. <\/p>\n<p>Devletimiz, felaketin ilk an\u0131ndan itibaren Kahramanmara\u015f&#8217;\u0131 yeniden aya\u011fa kald\u0131rmak i\u00e7in b\u00fcy\u00fck bir seferberlik ba\u015flatm\u0131\u015ft\u0131r. <\/p>\n<p>Bar\u0131nma ve konut \u00e7al\u0131\u015fmalar\u0131 kapsam\u0131nda; il ve il\u00e7e merkezlerinde 52 bin 575 konut, k\u0131rsalda 15 bin 615 k\u00f6y evi, toplamda 68 bin 190 konutun kuras\u0131 \u00e7ekilmi\u015f, ayr\u0131ca 5 bin 766 i\u015f yeri hak sahiplerine teslim edilmek \u00fczere belirlenmi\u015ftir.<\/p>\n<p><strong>&#8220;6 M\u0130LYAR 140 M\u0130LYON TL K\u0130RA YARDIMI YAPILDI&#8221;<\/strong><\/p>\n<p>Nakdi destekler ve sosyal yard\u0131mlar kapsam\u0131nda; 49 bin 609 haneye toplam 6 milyar 140 milyon lira kira yard\u0131m\u0131 yap\u0131lm\u0131\u015ft\u0131r.<\/p>\n<p>252 bin 555 haneye 10 bin liral\u0131k destek \u00f6demesi, 93 bin 611 haneye ta\u015f\u0131nma yard\u0131m\u0131, Yak\u0131nlar\u0131n\u0131 kaybeden ailelere yap\u0131lan \u00f6demeler ve di\u011fer desteklerle birlikte geni\u015f kapsaml\u0131 nakdi yard\u0131m sa\u011flanm\u0131\u015ft\u0131r. <\/p>\n<p>Ayr\u0131ca ihtiya\u00e7 sahibi ailelerimize destek olmak amac\u0131yla 9 bin 868 haneye ESEN Kart da\u011f\u0131t\u0131lm\u0131\u015f ve d\u00fczenli \u00f6demeler yap\u0131lm\u0131\u015ft\u0131r.<\/p>\n<p>B\u00fct\u00fcn bu \u00e7al\u0131\u015fmalar i\u00e7in y\u0131k\u0131m, enkaz kald\u0131rma, bar\u0131nma, sosyal destekler ve acil ihtiya\u00e7lar dahil Kahramanmara\u015f&#8217;a 19 milyar liray\u0131 a\u015fan kamu kayna\u011f\u0131 aktar\u0131lm\u0131\u015ft\u0131r.<\/p>\n<p><strong>&#8220;\u015eU ANK\u0130 TABLODA, \u015eEHR\u0130M\u0130Z B\u00dcY\u00dcK \u00d6L\u00c7\u00dcDE TOPARLANDI&#8221;<\/strong><\/p>\n<p>Bug\u00fcne kadar T\u00fcrkiye Genelinde; Afet Y\u00f6netim ve Karar Destek Sistemi (AYDES) Kura Uygulamas\u0131 ile bug\u00fcne kadar d\u00fczenlenen 10 b\u00fcy\u00fck kura t\u00f6reninde; toplam 367 bin 995 konut, k\u0131rsalda 65 bin 672 k\u00f6y evi, 21 bin 690 i\u015f yeri, yani toplamda 455 bin 357 ba\u011f\u0131ms\u0131z b\u00f6l\u00fcm, hak sahibi karde\u015flerimize teslim edilmi\u015ftir.<\/p>\n<p>Sahada g\u00f6rd\u00fc\u011f\u00fcm\u00fcz tablo son derece umut verici. B\u00fcy\u00fck depremden sonra g\u00f6rd\u00fc\u011f\u00fcm \u00fcrk\u00fctm\u00fc\u015ft\u00fc, \u015fimdiki tabloda ise \u015fehrimiz b\u00fcy\u00fck \u00f6l\u00e7\u00fcde toparland\u0131.<\/p>\n<p><strong>&#8220;BU DEVLET\u0130N TEMEL\u0130NDE ADALET VARDIR&#8221;<\/strong><\/p>\n<p>Bu milletin mayas\u0131nda iman vard\u0131r. Bu devletin temelinde adalet vard\u0131r. Bu topraklar\u0131n ruhunda karde\u015flik vard\u0131r; birlik ve beraberlik vard\u0131r. <\/p>\n<p>Bu duygu ve d\u00fc\u015f\u00fcncelerle; modern T\u00fcrkiye&#8217;nin T\u00fcrkiye Y\u00fczy\u0131l\u0131&#8217;n\u0131n mimar\u0131, Say\u0131n Cumhurba\u015fkan\u0131m\u0131za \u015f\u00fckranlar\u0131m\u0131 sunuyorum.<\/p>\n<p><img decoding=\"async\" src=\"https:\/\/bihavadis.com\/wp-content\/uploads\/2026\/03\/mustafa-ciftci-kahramanmaras-depremin-ardindan-buyuk-olcude-toparlandi-1-lqwEIOud.jpg\"\/> <\/p>\n<div> <span><strong>Kaynak:<\/strong> Ensonhaber Haber Merkezi<\/span> <\/div>\n","protected":false},"excerpt":{"rendered":"<p>\u0130\u00e7i\u015fleri Bakan\u0131 Mustafa \u00c7ift\u00e7i, &#8216;Yeni Evim, \u0130lk \u0130ftar\u0131m&#8217; programlar\u0131 kapsam\u0131nda bas\u0131n toplant\u0131s\u0131 ger\u00e7ekle\u015ftirdi. Bakan \u00c7ift\u00e7i, Kahramanmara\u015f&#8217;ta ger\u00e7ekle\u015ftirdi\u011fi toplant\u0131da, b\u00f6lgedeki son duruma ili\u015fkin bilgi payla\u015ft\u0131. &#8220;T\u00dcRK\u0130YE, TAR\u0130HTE E\u015e\u0130 BENZER\u0130 &#8230;<\/p>\n","protected":false},"author":1,"featured_media":55565,"comment_status":"open","ping_status":"open","sticky":false,"template":"","format":"standard","meta":{"footnotes":""},"categories":[9,13],"tags":[3937,3347,3823,818,197],"class_list":["post-55564","post","type-post","status-publish","format-standard","has-post-thumbnail","hentry","category-genel","category-son-dakika","tag-asrin","tag-kahramanmaras","tag-kardes","tag-konut","tag-turkiye"],"_links":{"self":[{"href":"https:\/\/bihavadis.com\/index.php\/wp-json\/wp\/v2\/posts\/55564","targetHints":{"allow":["GET"]}}],"collection":[{"href":"https:\/\/bihavadis.com\/index.php\/wp-json\/wp\/v2\/posts"}],"about":[{"href":"https:\/\/bihavadis.com\/index.php\/wp-json\/wp\/v2\/types\/post"}],"author":[{"embeddable":true,"href":"https:\/\/bihavadis.com\/index.php\/wp-json\/wp\/v2\/users\/1"}],"replies":[{"embeddable":true,"href":"https:\/\/bihavadis.com\/index.php\/wp-json\/wp\/v2\/comments?post=55564"}],"version-history":[{"count":1,"href":"https:\/\/bihavadis.com\/index.php\/wp-json\/wp\/v2\/posts\/55564\/revisions"}],"predecessor-version":[{"id":55568,"href":"https:\/\/bihavadis.com\/index.php\/wp-json\/wp\/v2\/posts\/55564\/revisions\/55568"}],"wp:featuredmedia":[{"embeddable":true,"href":"https:\/\/bihavadis.com\/index.php\/wp-json\/wp\/v2\/media\/55565"}],"wp:attachment":[{"href":"https:\/\/bihavadis.com\/index.php\/wp-json\/wp\/v2\/media?parent=55564"}],"wp:term":[{"taxonomy":"category","embeddable":true,"href":"https:\/\/bihavadis.com\/index.php\/wp-json\/wp\/v2\/categories?post=55564"},{"taxonomy":"post_tag","embeddable":true,"href":"https:\/\/bihavadis.com\/index.php\/wp-json\/wp\/v2\/tags?post=55564"}],"curies":[{"name":"wp","href":"https:\/\/api.w.org\/{rel}","templated":true}]}}