{"id":5558,"date":"2026-01-30T02:27:05","date_gmt":"2026-01-30T02:27:05","guid":{"rendered":"https:\/\/bihavadis.com\/?p=5558"},"modified":"2026-01-30T02:27:05","modified_gmt":"2026-01-30T02:27:05","slug":"kagitspor-voleybolda-efeler-ligi-diyor","status":"publish","type":"post","link":"https:\/\/bihavadis.com\/index.php\/2026\/01\/30\/kagitspor-voleybolda-efeler-ligi-diyor\/","title":{"rendered":"Ka\u011f\u0131tspor, voleybolda &#8220;Efeler Ligi&#8221; diyor"},"content":{"rendered":"<p>Kocaeli B\u00fcy\u00fck\u015fehir Belediyesi\u2019nin \u201cSporun Ba\u015fkenti Kocaeli\u201d vizyonu do\u011frultusunda \u00f6nemli bir markas\u0131 olan Ka\u011f\u0131tspor Kul\u00fcb\u00fc, voleybolda ortaya koydu\u011fu istikrarl\u0131 performansla mavi-beyazl\u0131 bayra\u011f\u0131 gururla dalgaland\u0131r\u0131yor. T\u00fcrkiye Erkekler Voleybol 1. Ligi\u2019nde m\u00fccadele eden Ka\u011f\u0131tspor Erkek Voleybol Tak\u0131m\u0131, gen\u00e7 ve dinamik kadrosuyla Efeler Ligi hedefi do\u011frultusunda emin ad\u0131mlarla ilerliyor.<\/p>\n<p><b>GEN\u00c7 KADRO, B\u00dcY\u00dcK HEDEFLER<\/b><\/p>\n<p>2019-2020\u00a0sezonundan bu yana T\u00fcrkiye Erkekler Voleybol 1. Ligi\u2019nde m\u00fccadele eden Ka\u011f\u0131tspor, gen\u00e7 oyunculardan olu\u015fan kadrosuyla dikkat \u00e7ekiyor. Tak\u0131m\u0131n iskeletini d\u00f6rt sezondur birlikte oynayan sporcular olu\u015ftururken, altyap\u0131dan A tak\u0131ma y\u00fckselen 4 Kocaelili gen\u00e7 sporcu da bu yap\u0131n\u0131n en \u00f6nemli oyuncular\u0131 aras\u0131nda yer al\u0131yor. Altyap\u0131ya verdi\u011fi \u00f6nemle s\u00fcrd\u00fcr\u00fclebilir ba\u015far\u0131y\u0131 hedefleyen Ka\u011f\u0131tspor, yerli ve yabanc\u0131 sporcularla yoluna doludizgin devam ediyor.<\/p>\n<p><b>PLAY-OFF GELENE\u011e\u0130 S\u00dcR\u00dcYOR<\/b><\/p>\n<p>Ka\u011f\u0131tspor Erkek Voleybol Tak\u0131m\u0131,\u00a02019-2020\u00a0ve\u00a02024-2025\u00a0sezonlar\u0131nda Efeler Ligi\u2019ne y\u00fckselme play-off ma\u00e7lar\u0131 oynayarak \u00f6nemli bir ba\u015far\u0131ya imza att\u0131. Devam eden\u00a02025-2026\u00a0sezonunda da play-off hatt\u0131 i\u00e7erisinde yer alan mavi-beyazl\u0131 ekip, bu ba\u015far\u0131s\u0131n\u0131 art\u0131k bir gelenek h\u00e2line getirmi\u015f oldu.<\/p>\n<p><b>\u201cHEDEF\u0130M\u0130Z KA\u011eITSPOR\u2019U EFELER L\u0130G\u0130\u2019NDE G\u00d6RMEK\u201d<\/b><\/p>\n<p>Ka\u011f\u0131tspor Kul\u00fcp Ba\u015fkan\u0131 \u0130brahim Ercin, her bran\u015fta oldu\u011fu gibi voleybol tak\u0131m\u0131yla da yak\u0131ndan ilgileniyor. Voleybol tak\u0131mlar\u0131n\u0131n ge\u00e7en y\u0131l \u00fczerine koyarak ilerledi\u011fini vurgulayan Ercin, \u201cT\u00fcrkiye Erkekler Voleybol 1. Ligi\u2019nde h\u0131zl\u0131 ba\u015flad\u0131k. \u015euan 9 galibiyetimiz var. Amac\u0131m\u0131z Play-Off oynamakt\u0131 ve \u015fu an bu hedefin i\u00e7erisindeyiz. As\u0131l hedefimiz Ka\u011f\u0131tspor\u2019u Efeler Ligi\u2019ne \u00e7\u0131karmak ve orada da en iyi \u015fekilde Kocaeli\u2019ni temsil etmek. Halk\u0131m\u0131zdan ve y\u00f6netimimizden ald\u0131\u011f\u0131m\u0131z destekle tak\u0131m\u0131m\u0131z\u0131 daha ileriye ta\u015f\u0131yaca\u011f\u0131z. Ayn\u0131 zamanda altyap\u0131m\u0131zdaki sporcu say\u0131s\u0131n\u0131 art\u0131rarak Kocaeli\u2019den yeti\u015fen oyuncularla yolumuza devam edece\u011fiz\u201d dedi.<\/p>\n<p><b>\u201cBURASI GER\u00c7EKTEN HEDEFL\u0130 B\u0130R KUL\u00dcP\u201d<\/b><\/p>\n<p>Kul\u00fcb\u00fcn hem tak\u0131m kaptan\u0131 hem de ba\u015far\u0131l\u0131 sma\u00e7\u00f6r\u00fc olan Ali Berkay Da\u011flar, Ka\u011f\u0131tspor\u2019un k\u00f6kl\u00fc yap\u0131s\u0131n\u0131n ve kurumsal i\u015fleyi\u015finin sahaya olumlu yans\u0131d\u0131\u011f\u0131n\u0131 vurguluyor. Bu sezon tak\u0131ma kat\u0131lmas\u0131na ra\u011fmen k\u0131sa s\u00fcrede uyum sa\u011flayan 28 ya\u015f\u0131ndaki oyuncu, kul\u00fcb\u00fcn sporcuya verdi\u011fi de\u011ferin ve hedef odakl\u0131 yap\u0131s\u0131n\u0131n tak\u0131m i\u00e7indeki birlikteli\u011fi g\u00fc\u00e7lendirdi\u011fini ifade ederek, \u201cBu y\u0131l tak\u0131ma kat\u0131ld\u0131m ve ger\u00e7ekten \u00e7ok iyi bir ortam var. Ka\u011f\u0131tspor \u00e7ok k\u00f6kl\u00fc bir kul\u00fcp. Daha \u00f6nce oynad\u0131\u011f\u0131m hi\u00e7bir kul\u00fcpte bu kadar geni\u015f bran\u015fla\u015fma ve kurumsal yap\u0131 g\u00f6rmedim. Sporcuya nas\u0131l davran\u0131lmas\u0131 gerekti\u011fini \u00e7ok iyi biliyorlar\u201d dedi. Kaptan Da\u011flar, voleybolla ilgilenen gen\u00e7lere de tavsiyelerde bulunup, \u201cSpor mental olarak zor bir yol. Ba\u015far\u0131s\u0131zl\u0131k bir son de\u011fil. Devam etsinler, vazge\u00e7mesinler\u201d dedi.<\/p>\n<p><b>KOCAEL\u0130\u2019N\u0130N GURURU EFELER L\u0130G\u0130 YOLUNDA<\/b><\/p>\n<p>Kocaeli B\u00fcy\u00fck\u015fehir Belediyesi\u2019nin spora verdi\u011fi destekle b\u00fcy\u00fcyen Ka\u011f\u0131tspor Kul\u00fcb\u00fc, voleybolda elde etti\u011fi ba\u015far\u0131larla kentin gururu olmaya devam ediyor. Gen\u00e7 kadrosu, g\u00fc\u00e7l\u00fc altyap\u0131s\u0131 ve istikrarl\u0131 hedefleriyle Ka\u011f\u0131tsporlu voleybolcular, Efeler Ligi yolunda m\u00fccadelesini kararl\u0131l\u0131kla s\u00fcrd\u00fcr\u00fcyor.<\/p>\n<p>\u00a0<\/p>\n<p>Kaynak: (BYZHA) Beyaz Haber Ajans\u0131<\/p>\n","protected":false},"excerpt":{"rendered":"<p>Kocaeli B\u00fcy\u00fck\u015fehir Belediyesi\u2019nin \u201cSporun Ba\u015fkenti Kocaeli\u201d vizyonu do\u011frultusunda \u00f6nemli bir markas\u0131 olan Ka\u011f\u0131tspor Kul\u00fcb\u00fc, voleybolda ortaya koydu\u011fu istikrarl\u0131 performansla mavi-beyazl\u0131 bayra\u011f\u0131 gururla dalgaland\u0131r\u0131yor.<\/p>\n","protected":false},"author":1,"featured_media":5559,"comment_status":"open","ping_status":"open","sticky":false,"template":"","format":"standard","meta":{"footnotes":""},"categories":[14],"tags":[661,1287,1288,366,1006],"class_list":["post-5558","post","type-post","status-publish","format-standard","has-post-thumbnail","hentry","category-spor","tag-hedef","tag-kagitspor","tag-sporcu","tag-takim","tag-voleybol"],"_links":{"self":[{"href":"https:\/\/bihavadis.com\/index.php\/wp-json\/wp\/v2\/posts\/5558","targetHints":{"allow":["GET"]}}],"collection":[{"href":"https:\/\/bihavadis.com\/index.php\/wp-json\/wp\/v2\/posts"}],"about":[{"href":"https:\/\/bihavadis.com\/index.php\/wp-json\/wp\/v2\/types\/post"}],"author":[{"embeddable":true,"href":"https:\/\/bihavadis.com\/index.php\/wp-json\/wp\/v2\/users\/1"}],"replies":[{"embeddable":true,"href":"https:\/\/bihavadis.com\/index.php\/wp-json\/wp\/v2\/comments?post=5558"}],"version-history":[{"count":1,"href":"https:\/\/bihavadis.com\/index.php\/wp-json\/wp\/v2\/posts\/5558\/revisions"}],"predecessor-version":[{"id":5560,"href":"https:\/\/bihavadis.com\/index.php\/wp-json\/wp\/v2\/posts\/5558\/revisions\/5560"}],"wp:featuredmedia":[{"embeddable":true,"href":"https:\/\/bihavadis.com\/index.php\/wp-json\/wp\/v2\/media\/5559"}],"wp:attachment":[{"href":"https:\/\/bihavadis.com\/index.php\/wp-json\/wp\/v2\/media?parent=5558"}],"wp:term":[{"taxonomy":"category","embeddable":true,"href":"https:\/\/bihavadis.com\/index.php\/wp-json\/wp\/v2\/categories?post=5558"},{"taxonomy":"post_tag","embeddable":true,"href":"https:\/\/bihavadis.com\/index.php\/wp-json\/wp\/v2\/tags?post=5558"}],"curies":[{"name":"wp","href":"https:\/\/api.w.org\/{rel}","templated":true}]}}