{"id":55667,"date":"2026-03-01T22:34:48","date_gmt":"2026-03-01T22:34:48","guid":{"rendered":"https:\/\/bihavadis.com\/?p=55667"},"modified":"2026-03-01T22:34:48","modified_gmt":"2026-03-01T22:34:48","slug":"epstein-belgeleri-unlu-isimlerle-sok-yazismalar-ortaya-cikti","status":"publish","type":"post","link":"https:\/\/bihavadis.com\/index.php\/2026\/03\/01\/epstein-belgeleri-unlu-isimlerle-sok-yazismalar-ortaya-cikti\/","title":{"rendered":"Epstein Belgeleri: \u00dcnl\u00fc \u0130simlerle \u015eok Yaz\u0131\u015fmalar Ortaya \u00c7\u0131kt\u0131"},"content":{"rendered":"<p>ABD Adalet Bakanl\u0131\u011f\u0131n\u0131n ABD&#8217;de re\u015fit olmayan k\u0131z \u00e7ocuklar\u0131na y\u00f6nelik fuhu\u015f a\u011f\u0131 kurdu\u011fu iddias\u0131yla yarg\u0131land\u0131\u011f\u0131 s\u0131rada hapishanede \u00f6l\u00fc bulunan milyarder Jeffrey Epstein ile ilgili soru\u015fturma dosyalar\u0131n\u0131n bir k\u0131sm\u0131n\u0131 kamuoyuyla payla\u015fmas\u0131, tart\u0131\u015fmalar\u0131 yeniden alevlendirdi.<\/p>\n<p><b>KADINLARI DEN\u0130Z CANLILARINA BENZETT\u0130LER: KAFASINI ATARSIN VE G\u00d6VDES\u0130N\u0130 SAKLARSIN<\/b><\/p>\n<p>Dosyalar aras\u0131nda yer alan, Epstein&#8217;in Frans\u0131z diplomat Olivier Colom&#8217;a 2013&#8217;te g\u00f6nderdi\u011fi e-postada, &#8220;Karayipler&#8217;deki adamday\u0131m, k\u0131zlarla dolu bir akvaryumla birlikte.&#8221; ifadeleri bulunuyor. Kad\u0131nlar\u0131n farkl\u0131 deniz canl\u0131lar\u0131na benzetildi\u011fi g\u00f6r\u00fc\u015fmede, Epstein&#8217;den g\u00f6nderilen ba\u015fka bir e-postada, &#8220;Hay\u0131r, baz\u0131lar\u0131 karides gibidir, kafas\u0131n\u0131 atars\u0131n ve g\u00f6vdesini saklars\u0131n.&#8221; mesaj\u0131na yer veriliyor.<\/p>\n<div>\n<figure><img decoding=\"async\" src=\"https:\/\/bihavadis.com\/wp-content\/uploads\/2026\/03\/epstein-belgeleri-unlu-isimlerle-sok-yazismalar-ortaya-cikti-0-bm7a1XHt.jpg\"\/>Olivier Colom<\/figure>\n<\/div>\n<p><b>EPSTE\u0130N&#8217;A &#8220;BENDEN B\u0130R \u00c7OCUK SAH\u0130B\u0130 OLUR MUSUN?&#8221; D\u0130YE SORMU\u015e<\/b><\/p>\n<p>\u0130ngiliz giri\u015fimci Nicole Junkermann da ismi soru\u015fturma dosyalar\u0131nda yer alanlar aras\u0131nda. Junkermann taraf\u0131ndan Epstein&#8217;e 2010&#8217;da g\u00f6nderilen bir e-postada, &#8220;Benden bir \u00e7ocuk sahibi olur musun? Bunu yapmak i\u00e7in en iyi yer neresi?&#8221; ifadeleri yer al\u0131yor. Epstein&#8217;e y\u00f6nelik soru\u015fturma kapsam\u0131nda kamuoyuyla payla\u015f\u0131lan 3 milyondan fazla yeni dosya, \u00f6zellikle sosyal medya kullan\u0131c\u0131lar\u0131n\u0131n hedef tahtas\u0131 haline gelmi\u015f durumda.<\/p>\n<div>\n<figure><img decoding=\"async\" src=\"https:\/\/bihavadis.com\/wp-content\/uploads\/2026\/03\/epstein-belgeleri-unlu-isimlerle-sok-yazismalar-ortaya-cikti-1-HQOMcHW3.jpg\"\/>Nicole Junkermann <\/figure>\n<\/div>\n<p><b>EPSTE\u0130N&#8217;DEN B\u0130LL GATES&#8217;E &#8220;FAK\u0130R \u0130NSANLARDAN KURTULMA&#8221; SORUSU<\/b><\/p>\n<p>Dosyalarda yer alan \u015eubat 2011 tarihli bir yaz\u0131\u015fma da Epstein&#8217;in Microsoft&#8217;un kurucu orta\u011f\u0131 ve eski \u00dcst Y\u00f6neticisi (CEO) Bill Gates ile ba\u011flant\u0131lar\u0131na y\u00f6nelik soru i\u015faretlerini art\u0131rd\u0131. \u0130smi gizlenen bir g\u00f6ndericinin, Epstein&#8217;e yollad\u0131\u011f\u0131 e-postada, &#8220;Bill Gates&#8217;e sordu\u011fun &#8216;Fakir insanlardan tamamen nas\u0131l kurtuluruz?&#8217; sorusu \u00fczerinde \u00e7ok d\u00fc\u015f\u00fcnd\u00fcm ve bu konuda bir cevab\u0131m\/yorumum var.&#8221; yazd\u0131\u011f\u0131 g\u00f6r\u00fcl\u00fcyor.<\/p>\n<p>G\u00f6ndericinin, bunu telefonda tart\u0131\u015fmak istemesi \u00fczerine Epstein, &#8220;Her zaman arayabilirsin.&#8221; yan\u0131t\u0131n\u0131 veriyor. Epstein, yaz\u0131\u015fman\u0131n devam\u0131nda, &#8220;Ayr\u0131ca martta benim i\u00e7in bir g\u00fcnl\u00fc\u011f\u00fcne geri gelecek, yani ona daha fazla soru sorabilirsin.&#8221; ifadesini kullan\u0131yor. Gates, d\u00fcn yapt\u0131\u011f\u0131 a\u00e7\u0131klamada, Epstein ile ge\u00e7irdi\u011fi vakti &#8220;aptall\u0131k&#8221; \u015feklinde nitelendirmi\u015f ve onu tan\u0131d\u0131\u011f\u0131 i\u00e7in pi\u015fmanl\u0131k duydu\u011funu s\u00f6ylemi\u015fti. Dosyalarda yer alan baz\u0131 e-postalarda, Gates&#8217;in &#8220;Rus k\u0131zlarla&#8221; ya\u015fad\u0131\u011f\u0131 ili\u015fkilerin ard\u0131ndan cinsel yolla bula\u015fan bir hastal\u0131\u011f\u0131 o d\u00f6nemki e\u015fi Melinda Gates&#8217;ten gizlemeye \u00e7al\u0131\u015ft\u0131\u011f\u0131 iddialar\u0131na yer verilmi\u015fti.<\/p>\n<div>\n<figure><img decoding=\"async\" src=\"https:\/\/bihavadis.com\/wp-content\/uploads\/2026\/03\/epstein-belgeleri-unlu-isimlerle-sok-yazismalar-ortaya-cikti-2-FLgiBlLU.jpg\"\/>Bill Gates<\/figure>\n<\/div>\n<p><b>BELGELERDE ADI GE\u00c7EN YAZAR CHOPRA&#8217;DAN A\u00c7IKLAMA<\/b><\/p>\n<p>Hindistan as\u0131ll\u0131 yazar Deepak Chopra, ABD merkezli X \u015firketinin sosyal medya platformu hesab\u0131ndan yapt\u0131\u011f\u0131 a\u00e7\u0131klamada, hakk\u0131nda medyada yer alan haberlerle ilgili \u00fcz\u00fcnt\u00fc duydu\u011funu bildirdi. Chopra, yapt\u0131\u011f\u0131 a\u00e7\u0131klamada, &#8220;\u015eunu a\u00e7\u0131k\u00e7a belirtmek istiyorum, Hi\u00e7bir zaman su\u00e7 te\u015fkil eden veya istismara y\u00f6nelik herhangi bir eyleme kar\u0131\u015fmad\u0131m, bunlara kat\u0131lmad\u0131m. Kurdu\u011fum t\u00fcm temaslar s\u0131n\u0131rl\u0131yd\u0131 ve istismar faaliyetleriyle ilgisi yoktu.&#8221; ifadesini kulland\u0131. Dosyalar aras\u0131nda yer alan, Chopra&#8217;n\u0131n 8 Mart 2017&#8217;de Epstein&#8217;e g\u00f6nderdi\u011fi bir e-posta sosyal medyada dikkati \u00e7ekmi\u015fti. S\u00f6z konusu e-postada Chopra&#8217;n\u0131n, &#8220;Tanr\u0131 bir kurgudur. Tatl\u0131 k\u0131zlar ger\u00e7ektir.&#8221; ifadelerini kulland\u0131\u011f\u0131 g\u00f6r\u00fclm\u00fc\u015ft\u00fc.<\/p>\n<div>\n<figure><img decoding=\"async\" src=\"https:\/\/bihavadis.com\/wp-content\/uploads\/2026\/03\/epstein-belgeleri-unlu-isimlerle-sok-yazismalar-ortaya-cikti-3-5n8pHPtc.jpg\"\/>Deepak Chopra<\/figure>\n<\/div>\n<p><b>&#8220;ZEK\u0130 \u0130NSANLAR YAHUD\u0130&#8221;<\/b><\/p>\n<p>Epstein&#8217;a Masha Drakova isimli birinden at\u0131lan mailde ise, &#8220;Zeki insanlar\u0131 bulmak i\u00e7in kriterler buldum. Ne kadar Yahudi olursan o kadar ak\u0131ll\u0131 olursun. Sen y\u00fczde 98 Yahudi oldu\u011funu s\u00f6yledin, \u00e7ok ak\u0131ll\u0131s\u0131n. Eski patronum y\u00fczde 78 Yahudi. O da \u00e7ok ak\u0131ll\u0131, ama senden daha az ak\u0131ll\u0131.&#8221; ifadeleri kullan\u0131ld\u0131.<\/p>\n<p>Drakova, &#8220;y\u00fczde 99,3 Yahudi olan&#8221; yak\u0131n bir arkada\u015f\u0131 ve i\u015f orta\u011f\u0131 oldu\u011funu belirterek, onun &#8220;inan\u0131lmaz zeki&#8221; oldu\u011funu iddia ediyor. &#8220;Daha fazla Yahudi bulunmas\u0131nda kaynak bulma i\u015fleminin&#8221; akrabalar arac\u0131l\u0131\u011f\u0131yla yap\u0131labilece\u011fini vurgulayan Drakova, bu ki\u015filere DNA testi yapt\u0131r\u0131lmas\u0131n\u0131 \u00f6neriyor. Drakova, &#8220;y\u00fczde 98 Yahudi olan&#8221; herkes i\u00e7in bir etkinlik d\u00fczenlenmesini ima ederek, bunlar\u0131n hi\u00e7birinin dindar olmad\u0131\u011f\u0131n\u0131 kaydediyor.<\/p>\n<div>\n<figure><img decoding=\"async\" src=\"https:\/\/bihavadis.com\/wp-content\/uploads\/2026\/03\/epstein-belgeleri-unlu-isimlerle-sok-yazismalar-ortaya-cikti-4-yNbKbSkV.jpg\"\/><\/figure>\n<\/div>\n<p><b>EPSTE\u0130N DOSYASINDA &#8220;\u0130NSAN AVI&#8221; \u0130DD\u0130ASI<\/b><\/p>\n<p>Dosyalarda yer alan al\u0131c\u0131s\u0131 ve g\u00f6ndericisi gizli 11 Aral\u0131k 2002 tarihli e-postada &#8220;Adada k\u0131zlar i\u00e7in hazine av\u0131ndan bahsedebilir miyiz&#8230; 4 Ocak&#8217;ta orada olaca\u011f\u0131z&#8230; Bana \u00f6zel telefon numaran\u0131 ver&#8230; Beni \u00f6zledin mi??? Sevgiler. Sevgiler.&#8221; ifadeleri bulunuyor. Y\u0131l\u0131 belli olmayan 1 Ocak tarihli, g\u00f6ndericisi ve al\u0131c\u0131s\u0131 gizli, &#8220;\u00e7ulluk av\u0131 sona erdi, ay kriketleri \u00e7antada&#8221; konulu e-postada ise, &#8220;Tahmin et ne oldu? Onlar zenci.&#8221; ifadelerine rastlan\u0131yor. <\/p>\n<p>Ayr\u0131ca, 24 Ekim 2016 tarihli, al\u0131c\u0131s\u0131 ve g\u00f6ndericisi gizli e-postada &#8220;Anlad\u0131m! Harika bir ya\u015fl\u0131 adam ve harika bir av! Bankac\u0131lar\u0131m dikkatli olmal\u0131&#8230;&#8221; mesaj\u0131na yer veriliyor. Ayn\u0131 konu\u015fmada e-posta adresi gizlenen ancak alt\u0131nda Frans\u0131z Banker Ariane de Rotschild&#8217;\u0131n ismi yazan ba\u015fka bir mesajda, &#8220;Te\u015fekk\u00fcrler. Heyecan verici bir av&#8230;&#8221; ifadeleri bulunuyor.<\/p>\n<div>\n<figure><img decoding=\"async\" src=\"https:\/\/bihavadis.com\/wp-content\/uploads\/2026\/03\/epstein-belgeleri-unlu-isimlerle-sok-yazismalar-ortaya-cikti-5-nqAI2c8C.jpg\"\/><\/figure>\n<\/div>\n<p><b>EPSTE\u0130N VE RUPERT MURDOCH \u0130L\u0130\u015eK\u0130S\u0130<\/b><\/p>\n<p>\u0130smi bilinmeyen bir ki\u015finin Epstein&#8217;a 18 A\u011fustos 2012 tarihinde yollad\u0131\u011f\u0131 e-postada Epstein&#8217;\u0131n &#8220;Ian, Rupert Murdoch ve e\u015finin yan\u0131nda kal\u0131yor&#8230; benim durumum bu.&#8221; yazd\u0131\u011f\u0131 g\u00f6r\u00fcld\u00fc. E-postada ismi sans\u00fcrlenen ki\u015finin ise Epstein&#8217;\u0131n da Murdoch&#8217;un yan\u0131nda kal\u0131p kalmad\u0131\u011f\u0131n\u0131 sorgulad\u0131\u011f\u0131 g\u00f6zlemlendi.<\/p>\n<div>\n<figure><img decoding=\"async\" src=\"https:\/\/bihavadis.com\/wp-content\/uploads\/2026\/03\/epstein-belgeleri-unlu-isimlerle-sok-yazismalar-ortaya-cikti-6-FRyd1sbd.jpg\"\/>Rupert Murdoch<\/figure>\n<\/div>\n<p><b>JEFFREY EPSTE\u0130N OLAYI<\/b><\/p>\n<p>En k\u00fc\u00e7\u00fc\u011f\u00fc 14 olmak \u00fczere 18 ya\u015f alt\u0131ndaki onlarca k\u0131z \u00e7ocu\u011funa cinsel istismarda bulunmak ve fuhu\u015f a\u011f\u0131 olu\u015fturmak su\u00e7lamas\u0131yla yarg\u0131lanan Epstein, tutuklu oldu\u011fu New York Manhattan Metropolitan Merkez Hapishanesi&#8217;ndeki h\u00fccresinde 10 A\u011fustos 2019&#8217;da \u00f6l\u00fc bulunmu\u015ftu.<\/p>\n<p>A\u00e7\u0131klanan Epstein dava dosyalar\u0131nda Prens Andrew, ABD Ba\u015fkan\u0131 Donald Trump, eski ABD Ba\u015fkan\u0131 Bill Clinton, eski \u0130srail Ba\u015fbakan\u0131 Ehud Barak, eski ABD Ba\u015fkan Yard\u0131mc\u0131s\u0131 Al Gore, akt\u00f6r Kevin Spacey, \u015fark\u0131c\u0131 Michael Jackson, ill\u00fczyonist David Copperfield, avukat Alan Dershowitz ve eski New Mexico Valisi Bill Richardson gibi \u00fcnl\u00fc isimler yer alm\u0131\u015ft\u0131.<\/p>\n<div>\n<figure><img decoding=\"async\" src=\"https:\/\/bihavadis.com\/wp-content\/uploads\/2026\/03\/epstein-belgeleri-unlu-isimlerle-sok-yazismalar-ortaya-cikti-7-Dd9gLj4j.jpg\"\/><\/figure>\n<\/div>\n<p>ABD Federal Soru\u015fturma B\u00fcrosu (FBI) da ABD Adalet Bakanl\u0131\u011f\u0131 ile yapt\u0131\u011f\u0131 inceleme sonucunda, \u00fcnl\u00fc isimlerden olu\u015fan &#8220;m\u00fc\u015fteri listesi&#8221;nin tutuldu\u011funa dair herhangi bir kan\u0131ta ula\u015f\u0131lamad\u0131\u011f\u0131n\u0131, aralar\u0131nda h\u00fck\u00fcmet yetkilileri, \u00fcnl\u00fcler ve i\u015f insanlar\u0131n\u0131n da bulundu\u011fu ki\u015filerin su\u00e7una ortak oldu\u011fu gerek\u00e7esiyle \u00f6rtbas amac\u0131yla \u00f6ld\u00fcr\u00fcld\u00fc\u011f\u00fc \u00f6ne s\u00fcr\u00fclen Epstein&#8217;in ise asl\u0131nda h\u00fccresinde intihar etti\u011fi sonucuna var\u0131ld\u0131\u011f\u0131n\u0131 a\u00e7\u0131klam\u0131\u015ft\u0131.<\/p>\n","protected":false},"excerpt":{"rendered":"<p>Jeffrey Epstein&#8217;in belgelerinde \u00fcnl\u00fc isimlerle skandallarla dolu yaz\u0131\u015fmalar g\u00fcn y\u00fcz\u00fcne \u00e7\u0131kt\u0131.<\/p>\n","protected":false},"author":1,"featured_media":55668,"comment_status":"open","ping_status":"open","sticky":false,"template":"","format":"standard","meta":{"footnotes":""},"categories":[9,4,13],"tags":[272,4050,1597,2183,1998],"class_list":["post-55667","post","type-post","status-publish","format-standard","has-post-thumbnail","hentry","category-genel","category-gundem","category-son-dakika","tag-abd","tag-dosyalar","tag-e-posta","tag-epstein","tag-soru"],"_links":{"self":[{"href":"https:\/\/bihavadis.com\/index.php\/wp-json\/wp\/v2\/posts\/55667","targetHints":{"allow":["GET"]}}],"collection":[{"href":"https:\/\/bihavadis.com\/index.php\/wp-json\/wp\/v2\/posts"}],"about":[{"href":"https:\/\/bihavadis.com\/index.php\/wp-json\/wp\/v2\/types\/post"}],"author":[{"embeddable":true,"href":"https:\/\/bihavadis.com\/index.php\/wp-json\/wp\/v2\/users\/1"}],"replies":[{"embeddable":true,"href":"https:\/\/bihavadis.com\/index.php\/wp-json\/wp\/v2\/comments?post=55667"}],"version-history":[{"count":1,"href":"https:\/\/bihavadis.com\/index.php\/wp-json\/wp\/v2\/posts\/55667\/revisions"}],"predecessor-version":[{"id":55677,"href":"https:\/\/bihavadis.com\/index.php\/wp-json\/wp\/v2\/posts\/55667\/revisions\/55677"}],"wp:featuredmedia":[{"embeddable":true,"href":"https:\/\/bihavadis.com\/index.php\/wp-json\/wp\/v2\/media\/55668"}],"wp:attachment":[{"href":"https:\/\/bihavadis.com\/index.php\/wp-json\/wp\/v2\/media?parent=55667"}],"wp:term":[{"taxonomy":"category","embeddable":true,"href":"https:\/\/bihavadis.com\/index.php\/wp-json\/wp\/v2\/categories?post=55667"},{"taxonomy":"post_tag","embeddable":true,"href":"https:\/\/bihavadis.com\/index.php\/wp-json\/wp\/v2\/tags?post=55667"}],"curies":[{"name":"wp","href":"https:\/\/api.w.org\/{rel}","templated":true}]}}