{"id":55683,"date":"2026-03-01T22:39:41","date_gmt":"2026-03-01T22:39:41","guid":{"rendered":"https:\/\/bihavadis.com\/?p=55683"},"modified":"2026-03-01T22:39:41","modified_gmt":"2026-03-01T22:39:41","slug":"turkiyede-yaka-kamerasi-kullanimi-artiyor","status":"publish","type":"post","link":"https:\/\/bihavadis.com\/index.php\/2026\/03\/01\/turkiyede-yaka-kamerasi-kullanimi-artiyor\/","title":{"rendered":"T\u00fcrkiye&#8217;de Yaka Kameras\u0131 Kullan\u0131m\u0131 Art\u0131yor"},"content":{"rendered":"<p>\u0130\u00e7i\u015fleri Bakan Yard\u0131mc\u0131s\u0131 Mehmet Sa\u011flam, T\u00fcrkiye genelinde 116 bin 341 yaka kameras\u0131n\u0131n aktif olarak kullan\u0131ld\u0131\u011f\u0131n\u0131 ve bu teknolojinin g\u00fcvenlik g\u00fc\u00e7lerinin hesap verebilirli\u011fini art\u0131rd\u0131\u011f\u0131n\u0131 belirtti. 2025 verilerine g\u00f6re Kolluk \u015eikayet B\u00fcrolar\u0131nda ger\u00e7ekle\u015ftirilen i\u015flemler ile disiplin s\u00fcre\u00e7lerinin etkinli\u011fine vurgu yap\u0131ld\u0131.<\/p>\n<p>Temaslarda bulunmak \u00fczere I\u011fd\u0131r&#8217;a gelen Sa\u011flam, Valilikte, Vali Mustafa F\u0131rat Ta\u015folar ile bir araya geldi. Sa\u011flam, gazetecilere yapt\u0131\u011f\u0131 a\u00e7\u0131klamada, Kolluk G\u00f6zetim Komisyonuna ili\u015fkin bilgi verdi. Kolluk G\u00f6zetim Sistemi&#8217;nin, 6713 say\u0131l\u0131 Kanun ile hayata ge\u00e7irildi\u011finin alt\u0131n\u0131 \u00e7izen Sa\u011flam, &#8220;\u00dclke genelinde bug\u00fcn itibar\u0131yla 1007 Kolluk \u015eikayet B\u00fcrosu faaliyettedir. Bu b\u00fcrolarda 2 bin 851 personel g\u00f6rev yapmaktad\u0131r. I\u011fd\u0131r ilinde ise Valilik ve 3 kaymakaml\u0131kta kurulu bulunan Kolluk \u015eikayet B\u00fcrolar\u0131nda toplam 12 personel, s\u00fcrecin etkin, d\u00fczenli ve kesintisiz y\u00fcr\u00fct\u00fclmesi i\u00e7in \u00e7al\u0131\u015fmaktad\u0131r.&#8221; diye konu\u015ftu.<\/p>\n<p><b>&#8220;21 B\u0130N 649 \u015e\u0130KAYET KAYDININ \u0130\u015eLEMLER\u0130 DEVAM ED\u0130YOR&#8221;<\/b><\/p>\n<p>Kolluk \u015eikayet B\u00fcrolar\u0131na ili\u015fkin istatistiksel verilere de de\u011finen Sa\u011flam, &#8220;2025 y\u0131l\u0131nda T\u00fcrkiye geneli kay\u0131t say\u0131s\u0131 67 bin 226 olup bunlar\u0131n 47 bin 577&#8217;si sonu\u00e7lanm\u0131\u015ft\u0131r. 21 bin 649 kayd\u0131n ise i\u015flemleri devam etmektedir. I\u011fd\u0131r ili \u00f6zeline bak\u0131ld\u0131\u011f\u0131nda 2025 y\u0131l\u0131nda toplam kay\u0131t say\u0131s\u0131 242 olup bunlar\u0131n 177&#8217;si sonu\u00e7lanm\u0131\u015ft\u0131r, 65 kayd\u0131n ise i\u015flemleri devam etmektedir. 2025&#8217;te I\u011fd\u0131r&#8217;da y\u00fcr\u00fct\u00fclen ara\u015ft\u0131rma ve disiplin soru\u015fturmalar\u0131 sonucunda 110 kolluk personeline farkl\u0131 t\u00fcrlerde disiplin cezas\u0131 uygulanm\u0131\u015ft\u0131r.&#8221; ifadelerini kulland\u0131.<\/p>\n<p><b>&#8220;T\u00dcRK\u0130YE&#8217;DE G\u00dcVENL\u0130K G\u00dc\u00c7LER\u0130 116 B\u0130N 341 YAKA KAMERASINI AKT\u0130F KULLANIYOR&#8221;<\/b><\/p>\n<p>Kolluk denetiminde teknolojinin de etkin bir \u015fekilde kullan\u0131ld\u0131\u011f\u0131n\u0131 aktaran Sa\u011flam, \u015f\u00f6yle devam etti: &#8220;Teknolojinin etkin kullan\u0131lmas\u0131, g\u00fcn\u00fcm\u00fczde g\u00fcvenli\u011fin ve hesap verebilirli\u011fin ayr\u0131lmaz bir unsuru haline gelmi\u015ftir. Bu \u00e7er\u00e7evede yaka kameralar\u0131 hem vatanda\u015flar\u0131m\u0131z hem de kolluk personelimiz a\u00e7\u0131s\u0131ndan \u015feffafl\u0131\u011f\u0131n, g\u00fcvenin ve adaletin somut bir teminat\u0131 olarak \u00f6ne \u00e7\u0131kmaktad\u0131r. Bug\u00fcn \u00fclke genelinde Emniyet Genel M\u00fcd\u00fcrl\u00fc\u011f\u00fcnde 65 bin 104, Jandarma Genel Komutanl\u0131\u011f\u0131nda 50 bin, Sahil G\u00fcvenlik Komutanl\u0131\u011f\u0131nda ise 1237 yaka kameras\u0131 aktif olarak kullan\u0131lmaktad\u0131r. I\u011fd\u0131r \u00f6zeline bak\u0131ld\u0131\u011f\u0131nda, emniyet birimlerimizde 65, jandarma birimlerimizde ise 138 yaka kameras\u0131n\u0131n fiilen kullan\u0131mda oldu\u011funu memnuniyetle ifade etmek isterim.&#8221;<\/p>\n<p>Yaka kameralar\u0131 sayesinde \u015fikayetlerin daha objektif ve adil \u015fekilde incelendi\u011fini kaydeden Sa\u011flam, &#8220;Ayn\u0131 zamanda kolluk personelini de haks\u0131z ve mesnetsiz ithamlara kar\u015f\u0131 koruyan \u00f6nemli bir g\u00fcvencedir. Bununla birlikte bu uygulaman\u0131n sahadaki ileti\u015fim dilini olumlu y\u00f6nde etkiledi\u011fini, vatanda\u015fa kar\u015f\u0131 daha dikkatli, \u00f6l\u00e7\u00fcl\u00fc ve sayg\u0131l\u0131 bir yakla\u015f\u0131m\u0131n yerle\u015fmesine katk\u0131 sundu\u011funu da g\u00f6zlemlemekteyiz. Kolluk G\u00f6zetim Komisyonu olarak ge\u00e7ti\u011fimiz a\u011fustos ay\u0131nda, yaka kameralar\u0131n\u0131n yayg\u0131nla\u015ft\u0131r\u0131lmas\u0131na y\u00f6nelik bir tavsiye karar\u0131 ald\u0131k. Bu uygulaman\u0131n \u00fclke genelinde g\u00fc\u00e7lenerek devam etmesi hem vatanda\u015f memnuniyetini art\u0131racak hem de kolluk te\u015fkilatlar\u0131m\u0131z\u0131n kurumsal itibar\u0131n\u0131 daha da peki\u015ftirecektir.&#8221; \u015feklinde konu\u015ftu.<\/p>\n","protected":false},"excerpt":{"rendered":"<p>\u0130\u00e7i\u015fleri Bakan Yard\u0131mc\u0131s\u0131 Sa\u011flam, T\u00fcrkiye genelinde 116 bin 341 yaka kameras\u0131 aktif oldu\u011funu a\u00e7\u0131klad\u0131.<\/p>\n","protected":false},"author":1,"featured_media":55684,"comment_status":"open","ping_status":"open","sticky":false,"template":"","format":"standard","meta":{"footnotes":""},"categories":[9,4,13],"tags":[6859,6846,1156,2045,5870],"class_list":["post-55683","post","type-post","status-publish","format-standard","has-post-thumbnail","hentry","category-genel","category-gundem","category-son-dakika","tag-geneli","tag-kolluk","tag-saglam","tag-sikayet","tag-yaka"],"_links":{"self":[{"href":"https:\/\/bihavadis.com\/index.php\/wp-json\/wp\/v2\/posts\/55683","targetHints":{"allow":["GET"]}}],"collection":[{"href":"https:\/\/bihavadis.com\/index.php\/wp-json\/wp\/v2\/posts"}],"about":[{"href":"https:\/\/bihavadis.com\/index.php\/wp-json\/wp\/v2\/types\/post"}],"author":[{"embeddable":true,"href":"https:\/\/bihavadis.com\/index.php\/wp-json\/wp\/v2\/users\/1"}],"replies":[{"embeddable":true,"href":"https:\/\/bihavadis.com\/index.php\/wp-json\/wp\/v2\/comments?post=55683"}],"version-history":[{"count":1,"href":"https:\/\/bihavadis.com\/index.php\/wp-json\/wp\/v2\/posts\/55683\/revisions"}],"predecessor-version":[{"id":55685,"href":"https:\/\/bihavadis.com\/index.php\/wp-json\/wp\/v2\/posts\/55683\/revisions\/55685"}],"wp:featuredmedia":[{"embeddable":true,"href":"https:\/\/bihavadis.com\/index.php\/wp-json\/wp\/v2\/media\/55684"}],"wp:attachment":[{"href":"https:\/\/bihavadis.com\/index.php\/wp-json\/wp\/v2\/media?parent=55683"}],"wp:term":[{"taxonomy":"category","embeddable":true,"href":"https:\/\/bihavadis.com\/index.php\/wp-json\/wp\/v2\/categories?post=55683"},{"taxonomy":"post_tag","embeddable":true,"href":"https:\/\/bihavadis.com\/index.php\/wp-json\/wp\/v2\/tags?post=55683"}],"curies":[{"name":"wp","href":"https:\/\/api.w.org\/{rel}","templated":true}]}}