{"id":55739,"date":"2026-03-01T23:27:06","date_gmt":"2026-03-01T23:27:06","guid":{"rendered":"https:\/\/bihavadis.com\/?p=55739"},"modified":"2026-03-01T23:27:06","modified_gmt":"2026-03-01T23:27:06","slug":"18-yasina-girdi-mina-demirtas-dogum-gununu-kutladi","status":"publish","type":"post","link":"https:\/\/bihavadis.com\/index.php\/2026\/03\/01\/18-yasina-girdi-mina-demirtas-dogum-gununu-kutladi\/","title":{"rendered":"18 ya\u015f\u0131na girdi! Mina Demirta\u015f do\u011fum g\u00fcn\u00fcn\u00fc kutlad\u0131"},"content":{"rendered":"<p>Ekranlar\u0131n gen\u00e7 yeteneklerinden Mina Demirta\u015f, K\u0131z\u0131l Goncalar dizisindeki ba\u015far\u0131l\u0131 performans\u0131n\u0131n yan\u0131 s\u0131ra sosyal medya hesab\u0131ndan yapt\u0131\u011f\u0131 payla\u015f\u0131mlarla da g\u00fcndem oluyor.<\/p>\n<p>Sosyal medyada aktif olan \u00fcnl\u00fc isim, son olarak do\u011fum g\u00fcn\u00fc payla\u015f\u0131mlar\u0131yla dikkat \u00e7ekti.<\/p>\n<p><strong>18. YA\u015e KUTLAMASI<\/strong><\/p>\n<p>Kariyerine gen\u00e7 ya\u015fta ba\u015flam\u0131\u015f olan Mina Demirta\u015f, ge\u00e7ti\u011fimiz g\u00fcn yeni ya\u015f\u0131na girdi. \u00dcnl\u00fc isim, 18. ya\u015f\u0131n\u0131 arkada\u015flar\u0131yla birlikte kutlad\u0131. Demirta\u015f, 18. ya\u015f g\u00fcn\u00fcnden kareleri sosyal medya hesab\u0131ndan sevenlerinin be\u011fenisine sundu.<\/p>\n<p>Demirta\u015f uzun s\u00fcredir merak edilen ya\u015f\u0131n\u0131 ge\u00e7ti\u011fimiz senelerde \u201cO Ses T\u00fcrkiye Y\u0131lba\u015f\u0131 \u00d6zel\u201d program\u0131nda a\u00e7\u0131klayarak, <b><em>\u201c16 ya\u015f\u0131nday\u0131m, \u015eubat ay\u0131nda 17 olaca\u011f\u0131m.\u201d <\/em><\/b>demi\u015fti.<\/p>\n<p><img decoding=\"async\" src=\"https:\/\/bihavadis.com\/wp-content\/uploads\/2026\/03\/18-yasina-girdi-mina-demirtas-dogum-gununu-kutladi-0-qpER7qFZ.jpg\"\/><\/p>\n<p><img decoding=\"async\" src=\"https:\/\/bihavadis.com\/wp-content\/uploads\/2026\/03\/18-yasina-girdi-mina-demirtas-dogum-gununu-kutladi-1-FEQBSnUu.jpg\"\/><\/p>\n<p><img decoding=\"async\" src=\"https:\/\/bihavadis.com\/wp-content\/uploads\/2026\/03\/18-yasina-girdi-mina-demirtas-dogum-gununu-kutladi-2-jvm1spBK.jpg\"\/> <\/p>\n<div> <span><strong>Kaynak:<\/strong> Ensonhaber Haber Merkezi<\/span> <\/div>\n","protected":false},"excerpt":{"rendered":"<p>Ekranlar\u0131n gen\u00e7 yeteneklerinden Mina Demirta\u015f, K\u0131z\u0131l Goncalar dizisindeki ba\u015far\u0131l\u0131 performans\u0131n\u0131n yan\u0131 s\u0131ra sosyal medya hesab\u0131ndan yapt\u0131\u011f\u0131 payla\u015f\u0131mlarla da g\u00fcndem oluyor. Sosyal medyada aktif olan \u00fcnl\u00fc isim, son olarak do\u011fum g\u00fcn\u00fc payla\u015f\u0131mlar\u0131yla &#8230;<\/p>\n","protected":false},"author":1,"featured_media":55740,"comment_status":"open","ping_status":"open","sticky":false,"template":"","format":"standard","meta":{"footnotes":""},"categories":[1],"tags":[379],"class_list":["post-55739","post","type-post","status-publish","format-standard","has-post-thumbnail","hentry","category-uncategorized","tag-yas"],"_links":{"self":[{"href":"https:\/\/bihavadis.com\/index.php\/wp-json\/wp\/v2\/posts\/55739","targetHints":{"allow":["GET"]}}],"collection":[{"href":"https:\/\/bihavadis.com\/index.php\/wp-json\/wp\/v2\/posts"}],"about":[{"href":"https:\/\/bihavadis.com\/index.php\/wp-json\/wp\/v2\/types\/post"}],"author":[{"embeddable":true,"href":"https:\/\/bihavadis.com\/index.php\/wp-json\/wp\/v2\/users\/1"}],"replies":[{"embeddable":true,"href":"https:\/\/bihavadis.com\/index.php\/wp-json\/wp\/v2\/comments?post=55739"}],"version-history":[{"count":1,"href":"https:\/\/bihavadis.com\/index.php\/wp-json\/wp\/v2\/posts\/55739\/revisions"}],"predecessor-version":[{"id":55744,"href":"https:\/\/bihavadis.com\/index.php\/wp-json\/wp\/v2\/posts\/55739\/revisions\/55744"}],"wp:featuredmedia":[{"embeddable":true,"href":"https:\/\/bihavadis.com\/index.php\/wp-json\/wp\/v2\/media\/55740"}],"wp:attachment":[{"href":"https:\/\/bihavadis.com\/index.php\/wp-json\/wp\/v2\/media?parent=55739"}],"wp:term":[{"taxonomy":"category","embeddable":true,"href":"https:\/\/bihavadis.com\/index.php\/wp-json\/wp\/v2\/categories?post=55739"},{"taxonomy":"post_tag","embeddable":true,"href":"https:\/\/bihavadis.com\/index.php\/wp-json\/wp\/v2\/tags?post=55739"}],"curies":[{"name":"wp","href":"https:\/\/api.w.org\/{rel}","templated":true}]}}