{"id":55771,"date":"2026-03-01T23:48:09","date_gmt":"2026-03-01T23:48:09","guid":{"rendered":"https:\/\/bihavadis.com\/?p=55771"},"modified":"2026-03-01T23:48:09","modified_gmt":"2026-03-01T23:48:09","slug":"gulerden-terorsuz-turkiye-vurgusu","status":"publish","type":"post","link":"https:\/\/bihavadis.com\/index.php\/2026\/03\/01\/gulerden-terorsuz-turkiye-vurgusu\/","title":{"rendered":"G\u00fcler&#8217;den Ter\u00f6rs\u00fcz T\u00fcrkiye Vurgusu"},"content":{"rendered":"<p> AK Parti Grup Ba\u015fkan\u0131 Abdullah G\u00fcler, &#8220;Ter\u00f6rs\u00fcz T\u00fcrkiye&#8221; s\u00fcrecine ili\u015fkin, &#8220;Bir daha bu topraklarda silah\u0131n ve \u015fiddetin konu\u015fulmayaca\u011f\u0131 bir gelece\u011fe ula\u015fmak i\u00e7in elimizden gelen t\u00fcm gayreti, \u00e7abay\u0131 sarf ediyoruz.&#8221; dedi.<\/p>\n<p>Temaslarda bulunmak amac\u0131yla Diyarbak\u0131r&#8217;a gelen G\u00fcler, partisinin il ba\u015fkanl\u0131\u011f\u0131nca merkez Kayap\u0131nar il\u00e7esindeki bir restoranda d\u00fczenlenen toplant\u0131da bas\u0131n mensuplar\u0131yla bir araya geldi.<\/p>\n<p>G\u00fcler, Kahramanmara\u015f merkezli 6 \u015eubat 2023&#8217;teki depremlerin bug\u00fcne kadar T\u00fcrkiye&#8217;nin ya\u015fad\u0131\u011f\u0131 en a\u011f\u0131r felaketlerden biri oldu\u011funu belirterek, depremden etkilenen Diyarbak\u0131r&#8217;da y\u00fcr\u00fct\u00fclen \u00e7al\u0131\u015fmalara ili\u015fkin bilgi verdi.<\/p>\n<p>Depremde hayat\u0131n\u0131 kaybedenlere Allah&#8217;tan rahmet, geride kalan yak\u0131nlar\u0131na sab\u0131r dileyen G\u00fcler, &#8220;\u0130nsanlar\u0131m\u0131z\u0131n bu felaketin sonras\u0131nda tekrar hayata tutunmas\u0131, o illerimizde hayat\u0131n tekrar normalle\u015fmesi ad\u0131na Say\u0131n Cumhurba\u015fkan\u0131m\u0131z\u0131n liderli\u011finde aziz milletimizin b\u00fcy\u00fck destekleriyle ola\u011fan\u00fcst\u00fc \u00e7al\u0131\u015fmalar yap\u0131ld\u0131.&#8221; ifadesini kulland\u0131.<\/p>\n<p>Depremden etkilenen illerde y\u00fcr\u00fct\u00fclen \u00e7al\u0131\u015fmalara ili\u015fkin bilgi payla\u015fan G\u00fcler, \u015funlar\u0131 kaydetti: <\/p>\n<p>&#8220;Bunlar kolay olmad\u0131, b\u00fcy\u00fck fedakarl\u0131klar, gayretler ve \u00e7abalar ortaya konuldu. TOK\u0130, kuruldu\u011fu 1983 y\u0131l\u0131ndan 2023 y\u0131l\u0131na kadar 41 bin 350 konut yapt\u0131. Bu, y\u0131ll\u0131k 2 bin konuta denk geliyor. Y\u0131lda 2 bin konut \u00fcreten bir kurulu\u015f Say\u0131n Cumhurba\u015fkan\u0131m\u0131z\u0131n liderli\u011finde AK Parti d\u00f6neminde y\u0131lda 160-170 bin konut \u00fcretiyor. Bunlar kolay i\u015fler de\u011fil. Say\u0131n Cumhurba\u015fkan\u0131m\u0131z\u0131n liderli\u011finde, aziz milletimize hizmet etme noktas\u0131nda gecemizi g\u00fcnd\u00fcz\u00fcne katarak durmadan, yorulmadan \u00e7al\u0131\u015farak bu kapasiteye ula\u015ft\u0131k.&#8221;<\/p>\n<p>Bu kadar gayreti ortaya koyarken eksikliklerin de olabilece\u011fini ifade eden G\u00fcler, konu\u015fmas\u0131n\u0131 \u015f\u00f6yle s\u00fcrd\u00fcrd\u00fc: <\/p>\n<p>&#8220;\u015eimdi bu deprem felaketinden sonra ortalarda \u00e7ok fazla g\u00f6z\u00fckmeyen baz\u0131 deprem turistleri de bu hafta baz\u0131 deprem ya\u015fayan illerimizde ziyaretler yap\u0131yor. \u00d6zellikle Cumhuriyet Halk Partisi Genel Ba\u015fkan\u0131 Say\u0131n \u00d6zg\u00fcr \u00d6zel&#8217;in baz\u0131 illerimizde ziyaretlerini g\u00f6r\u00fcyoruz. T\u00fcrkiye muazzam bir ba\u015far\u0131y\u0131, bir gayreti, \u00e7abay\u0131 aziz milletimizle beraber ortaya koymu\u015f. Depremin \u00fczerinden \u00e7ok fazla ge\u00e7medi yani 3. y\u0131l d\u00f6n\u00fcm\u00fcnde b\u00fct\u00fcn hak sahiplerine deprem konutlar\u0131 teslim edilmi\u015f. Hastanesinden okullar\u0131na di\u011fer kamu kurum binalar\u0131na kadar bir\u00e7ok hizmet alan\u0131ndaki in\u015faatlar tamamlanm\u0131\u015f. \u0130nsan ana muhalefet partisi de olsa genel ba\u015fkan da olsa bununla gurur duyar, yap\u0131lanlara bir te\u015fekk\u00fcr eder. Bu kadar b\u00fcy\u00fck hizmeti ortaya koymu\u015fsunuz. Utanmadan, s\u0131k\u0131lmadan hi\u00e7bir \u015fey yap\u0131lmam\u0131\u015f gibi her \u015fey eksikmi\u015f gibi garip garip konu\u015fmalar yap\u0131yor.&#8221;<\/p>\n<p>\u0130zmir&#8217;de 30 Ekim 2020&#8217;de meydana gelen depremi an\u0131msatan G\u00fcler, bu afette de bir\u00e7ok binan\u0131n y\u0131k\u0131ld\u0131\u011f\u0131n\u0131, vefat edenlerin oldu\u011funu s\u00f6yledi.<\/p>\n<p>G\u00fcler, \u0130zmir&#8217;deki depremden sonra TOK\u0130&#8217;nin h\u0131zl\u0131ca \u00e7al\u0131\u015fmalara ba\u015flad\u0131\u011f\u0131n\u0131 ve 2 y\u0131l gibi fazla zaman ge\u00e7meden 5 bin 200 ba\u011f\u0131ms\u0131z konutu hak sahiplerine teslim etti\u011fini, yakla\u015f\u0131k 250&#8217;ye yak\u0131n da ticari \u00fcniteyi \u00e7ok k\u0131sa zamanda yapt\u0131\u011f\u0131n\u0131 anlatt\u0131.<\/p>\n<p>Abdullah G\u00fcler, \u015fu ifadelere yer verdi: <\/p>\n<p>&#8220;Peki \u0130zmir 30 y\u0131la yak\u0131nd\u0131r Cumhuriyet Halk Partisi taraf\u0131ndan y\u00f6netiliyor, g\u00f6r\u00fcyoruz nas\u0131l y\u00f6netildi\u011fini de. O depremden sonra Meclis Deprem Ara\u015ft\u0131rma Komisyonu \u00fcyesiydim. \u0130zmir B\u00fcy\u00fck\u015fehir Belediyesinden yetkililer geldi. Bir\u00e7ok planlama ve haz\u0131rl\u0131k yapt\u0131klar\u0131n\u0131, depremle ba\u011fl\u0131 olarak da baz\u0131 b\u00f6lgelerde kentsel d\u00f6n\u00fc\u015f\u00fcme h\u0131zl\u0131ca ba\u015flad\u0131klar\u0131n\u0131 ifade etmi\u015flerdi. 2022&#8217;de o zamanki \u0130zmir B\u00fcy\u00fck\u015fehir Belediye Ba\u015fkan\u0131 ve CHP milletvekillerinin b\u00fcy\u00fck bir b\u00fcy\u00fck bir vaatle &#8216;\u0130lk etapta 800, ikinci etapta 300 ve devam eden konutlar\u0131 \u00fcreterek 36 ayda teslim edece\u011fiz.&#8217; dediler ve insanlardan da b\u00fcy\u00fck paralar toplad\u0131lar. 2022&#8217;de ba\u015flayan s\u00fcre\u00e7, 4 y\u0131l ge\u00e7ti de\u011fil mi? Cumhuriyet Halk Partisi Genel Ba\u015fkan \u00d6zg\u00fcr \u00d6zel&#8217;e &#8216;Ey \u00d6zg\u00fcr \u00d6zel&#8217; \u015fu \u0130zmir&#8217;de depremden sonra, TOK\u0130 2 y\u0131lda 5 bine yak\u0131n konutu teslim etmi\u015f sizin \u015fu 800 konutluk, 300 konutluk projeler ne oldu? 800 konutluk proje y\u00fczde 25&#8217;te di\u011fer 300 konutluk projede daha \u00e7ivi \u00e7ak\u0131lmad\u0131. 3 y\u0131l\u0131n \u00fczerinde de s\u00fcre ge\u00e7ti. 469 vatanda\u015f\u0131m\u0131z\u0131 doland\u0131rm\u0131\u015fs\u0131n\u0131z. \u0130zmir&#8217;de ma\u011fdur etti\u011finiz insanlar\u0131m\u0131z\u0131 konutlar\u0131n\u0131 ne zaman teslim edeceksiniz? Say\u0131n \u00d6zg\u00fcr \u00d6zel, buralarda gezece\u011fin yere bir de \u0130zmir&#8217;e u\u011fra. \u015eu 469 vatanda\u015f\u0131m\u0131z\u0131 doland\u0131ran \u0130zmir B\u00fcy\u00fck\u015fehir Belediyesini, \u0130ZBETON&#8217;u nas\u0131l halledeceksiniz? Bunun gere\u011fini bekliyoruz. Ad\u0131yaman&#8217;da, Hatay&#8217;da bu b\u00fcy\u00fck devasa i\u015fleri ele\u015ftirece\u011fine kendi sorumlulu\u011funda olan \u0130zmir&#8217;de l\u00fctfen bu i\u015fi \u00e7\u00f6z\u00fcn, vadetti\u011finiz konutlar\u0131 yap\u0131n, insanlar\u0131 kand\u0131rmay\u0131n.&#8221;<\/p>\n<p>G\u00fcler, T\u00fcrkiye&#8217;nin bir istikrar abidesi olarak b\u00f6lgesinde bir y\u0131ld\u0131z gibi parlad\u0131\u011f\u0131n\u0131 ve \u00e7ok \u00f6nemli bir s\u00fcreci devam ettirdi\u011fini vurgulayarak, &#8220;Say\u0131n Cumhurba\u015fkan\u0131m\u0131z\u0131n kararl\u0131 duru\u015fu MHP Genel Ba\u015fkan\u0131 Say\u0131n Devlet Bah\u00e7eli&#8217;nin \u00e7ok nitelikli, \u00f6zg\u00fcn yol g\u00f6stermeleri ve kararl\u0131 duru\u015fuyla ba\u015flayan &#8216;Ter\u00f6rs\u00fcz T\u00fcrkiye ve ter\u00f6rs\u00fcz b\u00f6lge&#8217;. B\u00f6lgemizin de ter\u00f6rden ar\u0131nd\u0131r\u0131lm\u0131\u015f bir b\u00f6lge hedefi noktas\u0131nda da \u00e7al\u0131\u015fmalar\u0131m\u0131z devam ediyor.&#8221; ifadelerini kulland\u0131.<\/p>\n<p>Meclisteki Milli Dayan\u0131\u015fma, Karde\u015flik ve Demokrasi Komisyonunun \u00e7al\u0131\u015fmalar\u0131n\u0131 anlatan G\u00fcler, komisyonun her kesimi dinledi\u011fini, \u00e7ok nitelikli g\u00f6r\u00fc\u015flerin kay\u0131tlara ge\u00e7ti\u011fini bildirdi.<\/p>\n<p>Siyasi partilerin ortaya \u00e7\u0131kan konu ba\u015fl\u0131klar\u0131nda rapor halinde g\u00f6r\u00fc\u015flerini sundu\u011funu hat\u0131rlatan G\u00fcler, &#8220;Biz de yakla\u015f\u0131k 60 sayfal\u0131k raporumuzu AK Parti Grubu olarak de\u011ferlendirmelerimizi sunduk. Meclis Ba\u015fkanl\u0131\u011f\u0131m\u0131z bug\u00fcne kadar yap\u0131lan toplant\u0131lar\u0131n tutanaklar\u0131 siyasi partilerin g\u00f6r\u00fc\u015f ve \u00f6nerileriyle beraber ortakla\u015f\u0131lan hususlar\u0131n ba\u015fl\u0131klar\u0131 halinde yer alaca\u011f\u0131 sonu\u00e7 raporunu, de\u011ferlendirme raporunun haz\u0131rl\u0131klar\u0131n\u0131 devam ettiriyor. Bu hafta i\u00e7inde koordinat\u00f6r grup ba\u015fkan vekilleriyle bir araya geldiler. Belli konu ba\u015fl\u0131klar\u0131 g\u00f6r\u00fc\u015f\u00fcld\u00fc. \u0130n\u015fallah \u00f6n\u00fcm\u00fczdeki haftalarda da bu rapor yay\u0131nlanmak suretiyle kamuoyuyla payla\u015f\u0131lacakt\u0131r.&#8221; diye konu\u015ftu.<\/p>\n<p>&#8220;Bu co\u011frafyada huzurun, g\u00fcvenli\u011fin, karde\u015fli\u011fin daim olaca\u011f\u0131 bir iklime in\u015fallah kavu\u015furuz&#8221;<\/p>\n<p>\u00dclkenin her bir ferdinin kendisini \u00f6zg\u00fcrce mutlu ve g\u00fc\u00e7l\u00fc hissedece\u011fi b\u00fcy\u00fck ve g\u00fc\u00e7l\u00fc T\u00fcrkiye yolunda \u00e7al\u0131\u015fmalar\u0131 gayretle ve kararl\u0131l\u0131kla s\u00fcrd\u00fcrd\u00fcklerini ifade eden G\u00fcler, s\u00f6zlerini \u015f\u00f6yle s\u00fcrd\u00fcrd\u00fc: <\/p>\n<p>&#8220;1980&#8217;li y\u0131llardan itibaren \u00fclke g\u00fcndemini \u00e7ok\u00e7a me\u015fgul eden, bir\u00e7ok noktada ekonomimize a\u011f\u0131r y\u00fck getiren toplumsal bar\u0131\u015f\u0131, huzuru, g\u00fcvenli\u011fi derinden etkileyen ter\u00f6r meselesi, silah ve \u015fiddet konusunun bir daha toplum g\u00fcndemine gelmeksizin, bir daha bu topraklarda silah\u0131n ve \u015fiddetin konu\u015fulmayaca\u011f\u0131 bir gelece\u011fe ula\u015fmak i\u00e7in elimizden gelen t\u00fcm gayreti, \u00e7abay\u0131 sarf ediyoruz, sarf etmeye de devam edece\u011fiz. Say\u0131n Cumhurba\u015fkan\u0131m\u0131z\u0131n liderli\u011finde, onun kararl\u0131 duru\u015fuyla Cumhur \u0130ttifak\u0131 orta\u011f\u0131m\u0131z MHP Genel Ba\u015fkan\u0131 Say\u0131n Devlet Bah\u00e7eli&#8217;nin kararl\u0131 duru\u015fu, nitelikli yol g\u00f6stermeleri ile in\u015fallah bundan sonraki s\u00fcre\u00e7te de \u00fclkemizin i\u00e7 cephesini g\u00fc\u00e7lendirece\u011fiz. \u00dclkemizin karde\u015fli\u011fine, huzuruna, g\u00fcvenli\u011fine zarar verecek hi\u00e7bir ter\u00f6r yap\u0131lanmas\u0131n\u0131n, ter\u00f6r sald\u0131r\u0131s\u0131n\u0131n da bundan sonra bu \u00fclkede bir daha hayat bulmayaca\u011f\u0131n\u0131 buradan ifade etmek istiyorum. Sadece \u00fclkemiz de\u011fil kom\u015fular\u0131m\u0131z Suriye, Irak ve \u0130ran&#8217;\u0131n da bar\u0131\u015f ve g\u00fcven ikliminde ya\u015famalar\u0131n\u0131 arzu ediyoruz. Hem Irak&#8217;\u0131n hem Suriye&#8217;nin toprak b\u00fct\u00fcnl\u00fc\u011f\u00fcn\u00fc, toplumsal bar\u0131\u015f\u0131, g\u00fcvenli\u011fi, her bir ferdin \u00f6zg\u00fcrl\u00fck i\u00e7erisinde temel insan haklar\u0131 ve \u00f6zg\u00fcrl\u00fck alanlar\u0131 i\u00e7erisindeki temsiliyetleriyle beraber bulunmalar\u0131n\u0131 da arzu ediyor ve destekliyoruz. \u00c7\u00fcnk\u00fc biliyoruz ki bizim g\u00fcvenli\u011fimiz ayn\u0131 zamanda o \u00fclkelerin de g\u00fcvenli\u011fidir. O \u00fclkelerin g\u00fcvenli\u011fi de ayn\u0131 zamanda bizim g\u00fcvenli\u011fimizdir. \u0130n\u015fallah \u00f6n\u00fcm\u00fczdeki d\u00f6nemde de T\u00fcrkiye&#8217;miz ba\u015fta ve \u00f6nc\u00fcl\u00fck yapmak \u00fczere bu co\u011frafyada bundan sonra kan ve g\u00f6zya\u015f\u0131n\u0131n asla olmayaca\u011f\u0131 huzurun, g\u00fcvenli\u011fin, karde\u015fli\u011fin daim olaca\u011f\u0131 bir iklime kavu\u015furuz.&#8221;<\/p>\n<p>G\u00fcler, \u0130srail&#8217;in Gazze&#8217;ye y\u00f6nelik sald\u0131r\u0131lar\u0131na da tepki g\u00f6stererek, &#8220;\u0130n\u015fallah o topraklarda da \u00e7at\u0131\u015fma, kan ve g\u00f6zya\u015f\u0131 son bulur. Foto\u011fraflar geliyor, kamplarda a\u00e7l\u0131k ve peri\u015fanl\u0131k i\u00e7inde so\u011fukla m\u00fccadele eden kad\u0131nlar, \u00e7ocuklar, evlatlar, b\u00fcy\u00fck \u0131zd\u0131rap ve ac\u0131 duyuyoruz. \u0130n\u015fallah orada da huzur ve g\u00fcvenlik iklimi sa\u011flanm\u0131\u015f olur.&#8221; dedi.<\/p>\n<p>ABD&#8217;de re\u015fit olmayan k\u0131z \u00e7ocuklar\u0131na y\u00f6nelik cinsel istismar ve fuhu\u015f a\u011f\u0131 kurma su\u00e7lar\u0131yla tutuklu yarg\u0131lan\u0131rken hapishanede \u00f6l\u00fc bulunan milyarder Jeffrey Epstein&#8217;a ili\u015fkin yay\u0131nlanan belgeleri de\u011ferlendiren G\u00fcler, \u015funlar\u0131 kaydetti: <\/p>\n<p>&#8220;Jeffrey Epstein dosyalar\u0131n\u0131 \u00f6\u011frendik\u00e7e insanl\u0131\u011f\u0131m\u0131zdan utand\u0131k. D\u00fcnyay\u0131 maalesef sap\u0131klar ve sapk\u0131nlar g\u00fcruhu y\u00f6nlendirmeye \u00e7al\u0131\u015f\u0131yormu\u015f. \u0130\u00e7inde koca koca i\u015f adamlar\u0131, siyasiler, kraliyet ailelerinin yak\u0131nlar\u0131 ve bak\u0131yorsunuz her biri g\u00fcya \u00e7ocuklara, kad\u0131nlara y\u00f6nelik sa\u011fl\u0131kla, iyilikle, yard\u0131mla\u015fmayla ilgili bir \u015fey yapt\u0131\u011f\u0131n\u0131, arkalar\u0131nda karanl\u0131k, sapk\u0131n, sap\u0131k ili\u015fkilerin oldu\u011fu yap\u0131lar oldu\u011funu da g\u00f6rd\u00fck, kendi \u00e7\u0131karlar\u0131, \u00fclkelere yapacaklar\u0131 emperyalist yakla\u015f\u0131mlar\u0131 kamufle etmek i\u00e7in. Y\u00fcz binlerce \u00e7ocuk kaybolmu\u015ftu. Avrupa Komisyonu Parlamenterler Meclisinde ge\u00e7en 27. yasama d\u00f6neminde arkada\u015flar\u0131m\u0131z\u0131n haz\u0131rlad\u0131\u011f\u0131 bir rapor kabul edilmi\u015fti. 2020&#8217;de AB \u00fclkelerine giren, Suriye&#8217;de ve di\u011fer \u00fclkelerde ya\u015fanan \u00f6zellikle Libya&#8217;da m\u00fcltecilerin bu \u00fclkeye giri\u015fi yap\u0131ld\u0131ktan sonra kay\u0131t alt\u0131na al\u0131nan 100 binin \u00fczerindeki \u00e7ocu\u011fun kay\u0131p oldu\u011fu orada kay\u0131tlara ge\u00e7mi\u015ftir ve o \u00e7ocuklar\u0131n \u015fimdi nereye g\u00f6t\u00fcr\u00fcld\u00fc\u011f\u00fcn\u00fc, par\u00e7aland\u0131klar\u0131n\u0131, organlar\u0131n\u0131n al\u0131nd\u0131klar\u0131n\u0131 ve tecav\u00fcze u\u011frad\u0131klar\u0131n\u0131 g\u00f6r\u00fcyoruz. Bu al\u00e7aklar nas\u0131l bu hale geldi? \u00d6n isminde i\u015f adam\u0131, gazeteci, kraliyet ailesi yak\u0131n\u0131, siyasi yaz\u0131yor ama al\u00e7ak, insanl\u0131k d\u00fc\u015fman\u0131 bunlar. Bunlar\u0131 da \u00f6\u011frenmi\u015f olduk.&#8221;<\/p>\n<p>Abdullah G\u00fcler, daha sonra bas\u0131n mensuplar\u0131n\u0131n sorular\u0131n\u0131 yan\u0131tlad\u0131.<\/p>\n<p>Bir gazetecinin, MHP Genel Ba\u015fkan\u0131 Devlet Bah\u00e7eli&#8217;nin \u00f6nceki g\u00fcn partisinin TBMM Grup Toplant\u0131s\u0131&#8217;ndaki konu\u015fmas\u0131ndaki &#8220;Anadolu huzura, \u00d6calan umuda, Ahmetler makama ve Demirta\u015f yuvas\u0131na d\u00f6n\u00fcnceye kadar karar\u0131m\u0131z nettir.&#8221; ifadesini hat\u0131rlatarak, Selahattin Demirta\u015f&#8217;\u0131n tahliye edilip edilmeyece\u011fi y\u00f6n\u00fcndeki sorusu \u00fczerine G\u00fcler, bunun yarg\u0131sal bir s\u00fcre\u00e7 oldu\u011funu belirtti.<\/p>\n<p>Devlet Bah\u00e7eli&#8217;nin &#8220;Ter\u00f6rs\u00fcz T\u00fcrkiye&#8221; s\u00fcrecine ili\u015fkin daha \u00f6nce de \u00f6nemli a\u00e7\u0131klamalar\u0131 oldu\u011funu dile getiren G\u00fcler, &#8220;Bu de\u011ferlendirmeler her zaman k\u0131ymetlidir, de\u011ferlidir. Yarg\u0131sal s\u00fcre\u00e7lerdir. Bunlar de\u011ferlendirilmelidir. Anayasam\u0131z ilkeleri do\u011frultusunda yasama, y\u00fcr\u00fctme, yarg\u0131 kendi ba\u011flam\u0131nda, kendi de\u011ferlendirmelerini ortaya koyacakt\u0131r. K\u0131ymetli ve de\u011ferli buldu\u011fumuzu da ifade etmek isterim.&#8221; dedi.<\/p>\n<p>G\u00fcler, &#8220;\u00d6calan&#8217;a umut hakk\u0131&#8221; konusunda Milli Dayan\u0131\u015fma, Karde\u015flik ve Demokrasi Komisyonunun de\u011ferlendirmelerinin sorulmas\u0131 \u00fczerine, &#8220;D\u00fcn komisyon toplanmad\u0131 arkada\u015flar, koordinat\u00f6r grup ba\u015fkan vekilleri topland\u0131. Orada konu ba\u015fl\u0131klar\u0131 de\u011ferlendirildi. \u00c7\u00fcnk\u00fc her bir parti \u00f6zg\u00fcr d\u00fc\u015f\u00fcncesini yans\u0131tan, bak\u0131\u015f a\u00e7\u0131s\u0131n\u0131 ortaya koyan raporlar\u0131n\u0131 Meclis Ba\u015fkanl\u0131\u011f\u0131na sundu. Orada her bir partinin ortak de\u011findi\u011fi ba\u015fl\u0131klar da vard\u0131r. O toplant\u0131da ben yoktum. Neler payla\u015f\u0131ld\u0131, neler konu\u015fuldu, ortaya \u00e7\u0131kacakt\u0131r.&#8221; diye konu\u015ftu.<\/p>\n<p>&#8220;AK Parti&#8217;nin K\u00fcrt sorununun \u00e7\u00f6z\u00fcm\u00fcyle ilgili heybesinde ne var?&#8221; sorusunun y\u00f6neltilmesi \u00fczerine G\u00fcler, &#8220;60 sayfal\u0131k raporumuzda bug\u00fcn ya\u015fad\u0131\u011f\u0131m\u0131z &#8216;Ter\u00f6rs\u00fcz T\u00fcrkiye&#8217; ve &#8216;ter\u00f6rs\u00fcz b\u00f6lge&#8217; a\u00e7\u0131s\u0131ndan geldi\u011fimiz bu d\u00f6nemin bu s\u00fcrecin bir devam\u0131n\u0131n par\u00e7as\u0131 oldu\u011funu ifade ediyoruz. Bug\u00fcne kadar ger\u00e7ekle\u015ftirdi\u011fimiz faaliyet alanlar\u0131 a\u00e7\u0131s\u0131ndan devrim niteli\u011finde kararlar\u0131n bu komisyonun da y\u00fcr\u00fctt\u00fc\u011f\u00fc faaliyetler aras\u0131nda ne kadar kolayla\u015ft\u0131r\u0131c\u0131, ilerletici bir mahiyette oldu\u011funu da g\u00f6r\u00fcyoruz.&#8221; ifadelerini kulland\u0131.<\/p>\n<p>Diyarbak\u0131r&#8217;da baz\u0131 belediyelerde i\u015f\u00e7ilerin i\u015ften \u00e7\u0131kar\u0131lmas\u0131yla ilgili soru \u00fczerine G\u00fcler, &#8220;Hi\u00e7bir haks\u0131zl\u0131\u011f\u0131 g\u00f6rmezden gelemeyiz. Hi\u00e7 kimsenin i\u015fi ve ekme\u011fiyle oynanmaz. \u0130\u015f kanunu da \u00e7ok a\u00e7\u0131k. Haks\u0131z yere bir ki\u015fiyi keyfi tutumla i\u015ften \u00e7\u0131karamazs\u0131n\u0131z. Hele mahkeme karar\u0131 varsa. Mahkeme karar\u0131 varsa belediye i\u015ftiraki buna uysun. T\u00fcrkiye bir hukuk devletidir. Yarg\u0131 kararlar\u0131 b\u00fct\u00fcn kurumlar\u0131, b\u00fct\u00fcn \u015firketleri ba\u011flar.&#8221; dedi.<\/p>\n<p>AK Parti \u0130l Ba\u015fkan\u0131 \u00d6mer \u0130ler de bir konu\u015fma yapt\u0131.<\/p>\n<p>Toplant\u0131ya, AK Parti Diyarbak\u0131r milletvekilleri Galip Ensario\u011flu, Mehmet Sait Yaz ve Suna Kepolu Ataman, AK Parti Mardin Milletvekili Faruk K\u0131l\u0131\u00e7 ve partililer kat\u0131ld\u0131.<\/p>\n<p>Ard\u0131ndan tarihi Ulu Cami \u00f6n\u00fcndeki vatanda\u015flarla konu\u015fan G\u00fcler, daha sonra esnaf\u0131 ziyaret etti.<\/p>\n","protected":false},"excerpt":{"rendered":"<p>Abdullah G\u00fcler, Diyarbak\u0131r&#8217;da ter\u00f6rs\u00fcz bir T\u00fcrkiye hedefi ve deprem sonras\u0131 \u00e7al\u0131\u015fmalara dair a\u00e7\u0131klamalar yapt\u0131.<\/p>\n","protected":false},"author":1,"featured_media":55772,"comment_status":"open","ping_status":"open","sticky":false,"template":"","format":"standard","meta":{"footnotes":""},"categories":[12],"tags":[2778,561,395,818,700],"class_list":["post-55771","post","type-post","status-publish","format-standard","has-post-thumbnail","hentry","category-siyaset","tag-guler","tag-ifade","tag-is","tag-konut","tag-ulke"],"_links":{"self":[{"href":"https:\/\/bihavadis.com\/index.php\/wp-json\/wp\/v2\/posts\/55771","targetHints":{"allow":["GET"]}}],"collection":[{"href":"https:\/\/bihavadis.com\/index.php\/wp-json\/wp\/v2\/posts"}],"about":[{"href":"https:\/\/bihavadis.com\/index.php\/wp-json\/wp\/v2\/types\/post"}],"author":[{"embeddable":true,"href":"https:\/\/bihavadis.com\/index.php\/wp-json\/wp\/v2\/users\/1"}],"replies":[{"embeddable":true,"href":"https:\/\/bihavadis.com\/index.php\/wp-json\/wp\/v2\/comments?post=55771"}],"version-history":[{"count":1,"href":"https:\/\/bihavadis.com\/index.php\/wp-json\/wp\/v2\/posts\/55771\/revisions"}],"predecessor-version":[{"id":55773,"href":"https:\/\/bihavadis.com\/index.php\/wp-json\/wp\/v2\/posts\/55771\/revisions\/55773"}],"wp:featuredmedia":[{"embeddable":true,"href":"https:\/\/bihavadis.com\/index.php\/wp-json\/wp\/v2\/media\/55772"}],"wp:attachment":[{"href":"https:\/\/bihavadis.com\/index.php\/wp-json\/wp\/v2\/media?parent=55771"}],"wp:term":[{"taxonomy":"category","embeddable":true,"href":"https:\/\/bihavadis.com\/index.php\/wp-json\/wp\/v2\/categories?post=55771"},{"taxonomy":"post_tag","embeddable":true,"href":"https:\/\/bihavadis.com\/index.php\/wp-json\/wp\/v2\/tags?post=55771"}],"curies":[{"name":"wp","href":"https:\/\/api.w.org\/{rel}","templated":true}]}}