{"id":55786,"date":"2026-03-01T23:57:12","date_gmt":"2026-03-01T23:57:12","guid":{"rendered":"https:\/\/bihavadis.com\/?p=55786"},"modified":"2026-03-01T23:57:12","modified_gmt":"2026-03-01T23:57:12","slug":"temde-cifte-tir-kazasi-istanbul-yonu-kilitlendi","status":"publish","type":"post","link":"https:\/\/bihavadis.com\/index.php\/2026\/03\/01\/temde-cifte-tir-kazasi-istanbul-yonu-kilitlendi\/","title":{"rendered":"TEM\u2019de \u00e7ifte t\u0131r kazas\u0131: \u0130stanbul y\u00f6n\u00fc kilitlendi"},"content":{"rendered":"<p>Bug\u00fcn saat 13.00 s\u0131ralar\u0131nda TEM Otoyolu\u2019nun \u0130stanbul istikameti K\u00f6rfez il\u00e7esi \u015eirinyer mevkiinde, ka\u011f\u0131t y\u00fckl\u00fc 42 BES 996 plakal\u0131 t\u0131r, s\u00fcr\u00fcc\u00fcs\u00fcn\u00fcn direksiyon hakimiyetini kaybetmesi sonucu devrildi. Ayn\u0131 y\u00f6nde seyir halinde olan naylon y\u00fckl\u00fc 41 ASF 137 plakal\u0131 t\u0131r\u0131n s\u00fcr\u00fcc\u00fcs\u00fc ise devrilen araca \u00e7arpmamak i\u00e7in manevra yapt\u0131. Kontrolden \u00e7\u0131kan ikinci t\u0131r, yoldan \u00e7\u0131karak bariyerlere \u00e7arpt\u0131.<\/p>\n<p>Kaza sonras\u0131 \u0130stanbul y\u00f6n\u00fcnde trafik ak\u0131\u015f\u0131, tek \u015feritten kontroll\u00fc olarak sa\u011fland\u0131.<\/p>\n<p><strong>SIKI\u015eAN S\u00dcR\u00dcC\u00dcY\u00dc \u0130TFA\u0130YE KURTARDI<\/strong><\/p>\n<p>Devrilen t\u0131r\u0131n s\u00fcr\u00fcc\u00fcs\u00fc, ara\u00e7 i\u00e7erisinde s\u0131k\u0131\u015ft\u0131. \u0130hbar \u00fczerine olay yerine itfaiye, sa\u011fl\u0131k ve jandarma ekipleri sevk edildi. \u0130tfaiye ekiplerinin \u00e7al\u0131\u015fmas\u0131 sonucu s\u0131k\u0131\u015ft\u0131\u011f\u0131 yerden \u00e7\u0131kar\u0131lan yaral\u0131 s\u00fcr\u00fcc\u00fc, sa\u011fl\u0131k ekiplerine teslim edildi.<\/p>\n<p>\u0130lk m\u00fcdahalesi olay yerinde yap\u0131lan yaral\u0131, ambulansla Kocaeli \u015eehir Hastanesi\u2019ne kald\u0131r\u0131ld\u0131. Bariyerlere \u00e7arpan di\u011fer t\u0131r\u0131n s\u00fcr\u00fcc\u00fcs\u00fc kazay\u0131 yara almadan atlat\u0131rken, ara\u00e7ta ciddi maddi hasar olu\u015ftu.<\/p>\n<p><strong>ULA\u015eIM 3 SAAT SONRA A\u00c7ILDI<\/strong><\/p>\n<p>\u0130tfaiye ve Karayollar\u0131 ekiplerinin yakla\u015f\u0131k 3 saat s\u00fcren ara\u00e7 kald\u0131rma ve temizlik \u00e7al\u0131\u015fmalar\u0131n\u0131n ard\u0131ndan otoyolun \u0130stanbul y\u00f6n\u00fcnde trafik ak\u0131\u015f\u0131 yeniden normale d\u00f6nd\u00fc.<\/p>\n<p>Kazayla ilgili inceleme ba\u015flat\u0131ld\u0131.<\/p>\n<p><img decoding=\"async\" src=\"https:\/\/bihavadis.com\/wp-content\/uploads\/2026\/03\/temde-cifte-tir-kazasi-istanbul-yonu-kilitlendi-0-wDtVEtrK.jpg\"\/><\/p>\n<p><img decoding=\"async\" src=\"https:\/\/bihavadis.com\/wp-content\/uploads\/2026\/03\/temde-cifte-tir-kazasi-istanbul-yonu-kilitlendi-1-MvQrcDhT.jpg\"\/><\/p>\n<p><img decoding=\"async\" src=\"https:\/\/bihavadis.com\/wp-content\/uploads\/2026\/03\/temde-cifte-tir-kazasi-istanbul-yonu-kilitlendi-2-TdeSlYcF.jpg\"\/><\/p>\n<p><img decoding=\"async\" src=\"https:\/\/bihavadis.com\/wp-content\/uploads\/2026\/03\/temde-cifte-tir-kazasi-istanbul-yonu-kilitlendi-3-xmdQhyxx.jpg\"\/><\/p>\n<p><img decoding=\"async\" src=\"https:\/\/bihavadis.com\/wp-content\/uploads\/2026\/03\/temde-cifte-tir-kazasi-istanbul-yonu-kilitlendi-4-3h82m3ch.jpg\"\/><\/p>\n<p><img decoding=\"async\" src=\"https:\/\/bihavadis.com\/wp-content\/uploads\/2026\/03\/temde-cifte-tir-kazasi-istanbul-yonu-kilitlendi-5-Mf4vC35A.jpg\"\/><\/p>\n<p><img decoding=\"async\" src=\"https:\/\/bihavadis.com\/wp-content\/uploads\/2026\/03\/temde-cifte-tir-kazasi-istanbul-yonu-kilitlendi-6-iFmctc8Z.jpg\"\/><\/p>\n<p><img decoding=\"async\" src=\"https:\/\/bihavadis.com\/wp-content\/uploads\/2026\/03\/temde-cifte-tir-kazasi-istanbul-yonu-kilitlendi-7-iwCQ6aqA.jpg\"\/><\/p>\n<p><img decoding=\"async\" src=\"https:\/\/bihavadis.com\/wp-content\/uploads\/2026\/03\/temde-cifte-tir-kazasi-istanbul-yonu-kilitlendi-8-bVszgLEu.jpg\"\/><\/p>\n<p><img decoding=\"async\" src=\"https:\/\/bihavadis.com\/wp-content\/uploads\/2026\/03\/temde-cifte-tir-kazasi-istanbul-yonu-kilitlendi-9-xSKaK72N.jpg\"\/> <\/p>\n<div> <span><strong>Kaynak:<\/strong> \u0130hlas Haber Ajans\u0131 (\u0130HA)<\/span> <\/div>\n","protected":false},"excerpt":{"rendered":"<p>Bug\u00fcn saat 13.00 s\u0131ralar\u0131nda TEM Otoyolu\u2019nun \u0130stanbul istikameti K\u00f6rfez il\u00e7esi \u015eirinyer mevkiinde, ka\u011f\u0131t y\u00fckl\u00fc 42 BES 996 plakal\u0131 t\u0131r, s\u00fcr\u00fcc\u00fcs\u00fcn\u00fcn direksiyon hakimiyetini kaybetmesi sonucu devrildi. Ayn\u0131 y\u00f6nde seyir halinde olan naylon y\u00fckl\u00fc 41 ASF &#8230;<\/p>\n","protected":false},"author":1,"featured_media":55787,"comment_status":"open","ping_status":"open","sticky":false,"template":"","format":"standard","meta":{"footnotes":""},"categories":[4,13],"tags":[],"class_list":["post-55786","post","type-post","status-publish","format-standard","has-post-thumbnail","hentry","category-gundem","category-son-dakika"],"_links":{"self":[{"href":"https:\/\/bihavadis.com\/index.php\/wp-json\/wp\/v2\/posts\/55786","targetHints":{"allow":["GET"]}}],"collection":[{"href":"https:\/\/bihavadis.com\/index.php\/wp-json\/wp\/v2\/posts"}],"about":[{"href":"https:\/\/bihavadis.com\/index.php\/wp-json\/wp\/v2\/types\/post"}],"author":[{"embeddable":true,"href":"https:\/\/bihavadis.com\/index.php\/wp-json\/wp\/v2\/users\/1"}],"replies":[{"embeddable":true,"href":"https:\/\/bihavadis.com\/index.php\/wp-json\/wp\/v2\/comments?post=55786"}],"version-history":[{"count":1,"href":"https:\/\/bihavadis.com\/index.php\/wp-json\/wp\/v2\/posts\/55786\/revisions"}],"predecessor-version":[{"id":55798,"href":"https:\/\/bihavadis.com\/index.php\/wp-json\/wp\/v2\/posts\/55786\/revisions\/55798"}],"wp:featuredmedia":[{"embeddable":true,"href":"https:\/\/bihavadis.com\/index.php\/wp-json\/wp\/v2\/media\/55787"}],"wp:attachment":[{"href":"https:\/\/bihavadis.com\/index.php\/wp-json\/wp\/v2\/media?parent=55786"}],"wp:term":[{"taxonomy":"category","embeddable":true,"href":"https:\/\/bihavadis.com\/index.php\/wp-json\/wp\/v2\/categories?post=55786"},{"taxonomy":"post_tag","embeddable":true,"href":"https:\/\/bihavadis.com\/index.php\/wp-json\/wp\/v2\/tags?post=55786"}],"curies":[{"name":"wp","href":"https:\/\/api.w.org\/{rel}","templated":true}]}}