{"id":55805,"date":"2026-03-02T00:06:07","date_gmt":"2026-03-02T00:06:07","guid":{"rendered":"https:\/\/bihavadis.com\/?p=55805"},"modified":"2026-03-02T00:06:07","modified_gmt":"2026-03-02T00:06:07","slug":"sanliurfada-demir-profilin-altinda-kalan-2-kardes-hayatini-kaybetti","status":"publish","type":"post","link":"https:\/\/bihavadis.com\/index.php\/2026\/03\/02\/sanliurfada-demir-profilin-altinda-kalan-2-kardes-hayatini-kaybetti\/","title":{"rendered":"\u015eanl\u0131urfa\u2019da demir profilin alt\u0131nda kalan 2 karde\u015f hayat\u0131n\u0131 kaybetti"},"content":{"rendered":"<p>\u015eanl\u0131urfa&#8217;n\u0131n Eyy\u00fcbiye il\u00e7esi s\u0131n\u0131rlar\u0131nda bulunan \u015eanl\u0131urfa Organize Sanayi B\u00f6lgesi\u2019nde, in\u015faat halindeki bir fabrikan\u0131n arazisinde oyun oynayan yabanc\u0131 uyruklu 11 ya\u015f\u0131ndaki Gazale \u015eeriy ile 2 ya\u015f\u0131ndaki karde\u015fi Ahmed \u015eeriy\u2019in \u00fczerine, hen\u00fcz bilinmeyen bir nedenle demir profil devrildi.<\/p>\n<p>\u00c7evredekilerin ihbar\u0131 \u00fczerine b\u00f6lgeye itfaiye ve sa\u011fl\u0131k ekipleri sevk edildi.<\/p>\n<p><strong>OLAY YER\u0130NDE CAN VERD\u0130LER<\/strong><\/p>\n<p>Sa\u011fl\u0131k ekiplerinin yapt\u0131\u011f\u0131 kontrolde, iki karde\u015fin de olay yerinde hayat\u0131n\u0131 kaybetti\u011fi belirlendi. \u00c7ocuklar\u0131n cenazeleri, olay yerindeki incelemelerin ard\u0131ndan otopsi yap\u0131lmak \u00fczere \u015eanl\u0131urfa Adli T\u0131p Kurumu morguna kald\u0131r\u0131ld\u0131.<\/p>\n<p>Olayla ilgili geni\u015f \u00e7apl\u0131 soru\u015fturma s\u00fcr\u00fcyor.<\/p>\n<div> <span><strong>Kaynak:<\/strong> \u0130hlas Haber Ajans\u0131 (\u0130HA)<\/span> <\/div>\n","protected":false},"excerpt":{"rendered":"<p>\u015eanl\u0131urfa&#8217;n\u0131n Eyy\u00fcbiye il\u00e7esi s\u0131n\u0131rlar\u0131nda bulunan \u015eanl\u0131urfa Organize Sanayi B\u00f6lgesi\u2019nde, in\u015faat halindeki bir fabrikan\u0131n arazisinde oyun oynayan yabanc\u0131 uyruklu 11 ya\u015f\u0131ndaki Gazale \u015eeriy ile 2 ya\u015f\u0131ndaki karde\u015fi Ahmed \u015eeriy\u2019in \u00fczerine, hen\u00fcz &#8230;<\/p>\n","protected":false},"author":1,"featured_media":55806,"comment_status":"open","ping_status":"open","sticky":false,"template":"","format":"standard","meta":{"footnotes":""},"categories":[4,13],"tags":[],"class_list":["post-55805","post","type-post","status-publish","format-standard","has-post-thumbnail","hentry","category-gundem","category-son-dakika"],"_links":{"self":[{"href":"https:\/\/bihavadis.com\/index.php\/wp-json\/wp\/v2\/posts\/55805","targetHints":{"allow":["GET"]}}],"collection":[{"href":"https:\/\/bihavadis.com\/index.php\/wp-json\/wp\/v2\/posts"}],"about":[{"href":"https:\/\/bihavadis.com\/index.php\/wp-json\/wp\/v2\/types\/post"}],"author":[{"embeddable":true,"href":"https:\/\/bihavadis.com\/index.php\/wp-json\/wp\/v2\/users\/1"}],"replies":[{"embeddable":true,"href":"https:\/\/bihavadis.com\/index.php\/wp-json\/wp\/v2\/comments?post=55805"}],"version-history":[{"count":1,"href":"https:\/\/bihavadis.com\/index.php\/wp-json\/wp\/v2\/posts\/55805\/revisions"}],"predecessor-version":[{"id":55807,"href":"https:\/\/bihavadis.com\/index.php\/wp-json\/wp\/v2\/posts\/55805\/revisions\/55807"}],"wp:featuredmedia":[{"embeddable":true,"href":"https:\/\/bihavadis.com\/index.php\/wp-json\/wp\/v2\/media\/55806"}],"wp:attachment":[{"href":"https:\/\/bihavadis.com\/index.php\/wp-json\/wp\/v2\/media?parent=55805"}],"wp:term":[{"taxonomy":"category","embeddable":true,"href":"https:\/\/bihavadis.com\/index.php\/wp-json\/wp\/v2\/categories?post=55805"},{"taxonomy":"post_tag","embeddable":true,"href":"https:\/\/bihavadis.com\/index.php\/wp-json\/wp\/v2\/tags?post=55805"}],"curies":[{"name":"wp","href":"https:\/\/api.w.org\/{rel}","templated":true}]}}