{"id":55808,"date":"2026-03-02T00:09:05","date_gmt":"2026-03-02T00:09:05","guid":{"rendered":"https:\/\/bihavadis.com\/?p=55808"},"modified":"2026-03-02T00:09:05","modified_gmt":"2026-03-02T00:09:05","slug":"kayseride-9-bin-56-isci-icin-toplu-sozlesme-imzalandi","status":"publish","type":"post","link":"https:\/\/bihavadis.com\/index.php\/2026\/03\/02\/kayseride-9-bin-56-isci-icin-toplu-sozlesme-imzalandi\/","title":{"rendered":"Kayseri&#8217;de 9 bin 56 \u0130\u015f\u00e7i i\u00e7in Toplu S\u00f6zle\u015fme \u0130mzaland\u0131"},"content":{"rendered":"<p>Hak \u0130\u015f\u00e7i Sendikalar\u0131 Konfederasyonu (HAK-\u0130\u015e) ile Kayseri B\u00fcy\u00fck\u015fehir Belediyesi, Hac\u0131lar, Talas, Kocasinan ve Melikgazi il\u00e7e belediyelerinde \u00e7al\u0131\u015fan 9 bin 56 i\u015f\u00e7iyi kapsayan toplu i\u015f s\u00f6zle\u015fmesi i\u00e7in imza t\u00f6reni d\u00fczenlendi.<\/p>\n<p>Kadir Has Kongre ve K\u00fclt\u00fcr Merkezi&#8217;nde d\u00fczenlenen t\u00f6rene, HAK-\u0130\u015e Genel Ba\u015fkan Yard\u0131mc\u0131s\u0131 ve Hizmet-\u0130\u015f Sendikas\u0131 Genel Ba\u015fkanvekili Halil \u00d6zdemir, HAK-\u0130\u015e Genel Ba\u015fkan Yard\u0131mc\u0131s\u0131 ve \u00d6z Ta\u015f\u0131ma-\u0130\u015f Sendikas\u0131 Genel Ba\u015fkan\u0131 Mehmet Ali Kayaba\u015f\u0131, B\u00fcy\u00fck\u015fehir Belediye Ba\u015fkan\u0131 Memduh B\u00fcy\u00fckk\u0131l\u0131\u00e7, Melikgazi Belediye Ba\u015fkan\u0131 Mustafa Palanc\u0131o\u011flu, Kocasinan Belediye Ba\u015fkan\u0131 Ahmet \u00c7olakbayrakdar, Talas Belediye Ba\u015fkan\u0131 Mustafa Yal\u00e7\u0131n, Hac\u0131lar Belediye Ba\u015fkan\u0131 Bilal \u00d6zdo\u011fan, di\u011fer sendika temsilcileri ile i\u015f\u00e7iler kat\u0131ld\u0131.<\/p>\n<p>T\u00f6rende konu\u015fan \u00d6zdemir, Kayseri&#8217;nin belediyecilikte bir marka oldu\u011funu belirterek, b\u00fcy\u00fck\u015fehir ve il\u00e7e belediye ba\u015fkanlar\u0131na te\u015fekk\u00fcr etti.<\/p>\n<p>HAK-\u0130\u015e&#8217;in hi\u00e7bir zaman kavga etmeyen, milletinin yan\u0131nda duran bir sendika oldu\u011funu vurgulayan \u00d6zdemir, T\u00fcrkiye&#8217;de art\u0131k HAK-\u0130\u015e&#8217;in oldu\u011funu s\u00f6yledi.<\/p>\n<p>Kayaba\u015f\u0131 ise i\u015f\u00e7i ve emek\u00e7ilerle bir arada olmaktan duydu\u011fu memnuniyeti dile getirerek, s\u00f6zle\u015fmeye verdi\u011fi katk\u0131lardan dolay\u0131 B\u00fcy\u00fckk\u0131l\u0131\u00e7&#8217;a te\u015fekk\u00fcrlerini iletti.<\/p>\n<p>B\u00fcy\u00fckk\u0131l\u0131\u00e7 da s\u00fcre\u00e7te eme\u011fi ge\u00e7enlere \u00e7al\u0131\u015fmalar\u0131ndan dolay\u0131 te\u015fekk\u00fcr ederek, belediyelerin i\u015f\u00e7i ve emek\u00e7ilerin \u00e7al\u0131\u015fmalar\u0131yla yat\u0131r\u0131m ve hizmet \u00fcretti\u011fini dile getirdi.<\/p>\n<p>Kahramanmara\u015f merkezli 6 \u015eubat 2023 depremlerinde hayat\u0131n\u0131 kaybeden vatanda\u015flar\u0131 da rahmetle anan B\u00fcy\u00fckk\u0131l\u0131\u00e7, \u015fehri gelece\u011fe daha sa\u011flam \u015fekilde haz\u0131rlayacaklar\u0131n\u0131 kaydetti.<\/p>\n<p>T\u00f6rende, \u00c7olakbayrakdar, Palanc\u0131o\u011flu, Yal\u00e7\u0131n ve \u00d6zdo\u011fan da konu\u015fma yapt\u0131.<\/p>\n<p>Konu\u015fmalar\u0131n ard\u0131ndan imzalanan toplu s\u00f6zle\u015fmeyle en d\u00fc\u015f\u00fck ayl\u0131k 50 bin lira, en y\u00fcksek 72 bin lira olarak belirlendi. Ayr\u0131ca, s\u00f6zle\u015fme kapsam\u0131nda y\u0131lda toplam 52 g\u00fcnl\u00fck \u00fccret tutar\u0131nda 3 ayda bir ikramiye verilecek. S\u00f6zle\u015fmenin devam eden 6 ayl\u0131k periyodlar\u0131nda ise enflasyon verileri dikkate al\u0131narak \u00fccret art\u0131\u015flar\u0131 uygulanacak.<\/p>\n<p>\u0130\u015f\u00e7iler, s\u00f6zle\u015fmenin imzalanmas\u0131n\u0131 davul zurna e\u015fli\u011finde me\u015faleler yak\u0131p g\u00fcl da\u011f\u0131tarak kutlad\u0131.<\/p>\n","protected":false},"excerpt":{"rendered":"<p>HAK-\u0130\u015e ve Kayseri B\u00fcy\u00fck\u015fehir Belediyesi, 9 bin 56 i\u015f\u00e7iyi kapsayan toplu s\u00f6zle\u015fmeyi imzalad\u0131.<\/p>\n","protected":false},"author":1,"featured_media":55809,"comment_status":"open","ping_status":"open","sticky":false,"template":"","format":"standard","meta":{"footnotes":""},"categories":[8],"tags":[1693,395,2253,5682,2754],"class_list":["post-55808","post","type-post","status-publish","format-standard","has-post-thumbnail","hentry","category-ekonomi","tag-hak","tag-is","tag-isci","tag-sendika","tag-sozlesme"],"_links":{"self":[{"href":"https:\/\/bihavadis.com\/index.php\/wp-json\/wp\/v2\/posts\/55808","targetHints":{"allow":["GET"]}}],"collection":[{"href":"https:\/\/bihavadis.com\/index.php\/wp-json\/wp\/v2\/posts"}],"about":[{"href":"https:\/\/bihavadis.com\/index.php\/wp-json\/wp\/v2\/types\/post"}],"author":[{"embeddable":true,"href":"https:\/\/bihavadis.com\/index.php\/wp-json\/wp\/v2\/users\/1"}],"replies":[{"embeddable":true,"href":"https:\/\/bihavadis.com\/index.php\/wp-json\/wp\/v2\/comments?post=55808"}],"version-history":[{"count":1,"href":"https:\/\/bihavadis.com\/index.php\/wp-json\/wp\/v2\/posts\/55808\/revisions"}],"predecessor-version":[{"id":55810,"href":"https:\/\/bihavadis.com\/index.php\/wp-json\/wp\/v2\/posts\/55808\/revisions\/55810"}],"wp:featuredmedia":[{"embeddable":true,"href":"https:\/\/bihavadis.com\/index.php\/wp-json\/wp\/v2\/media\/55809"}],"wp:attachment":[{"href":"https:\/\/bihavadis.com\/index.php\/wp-json\/wp\/v2\/media?parent=55808"}],"wp:term":[{"taxonomy":"category","embeddable":true,"href":"https:\/\/bihavadis.com\/index.php\/wp-json\/wp\/v2\/categories?post=55808"},{"taxonomy":"post_tag","embeddable":true,"href":"https:\/\/bihavadis.com\/index.php\/wp-json\/wp\/v2\/tags?post=55808"}],"curies":[{"name":"wp","href":"https:\/\/api.w.org\/{rel}","templated":true}]}}