{"id":55819,"date":"2026-03-02T00:18:37","date_gmt":"2026-03-02T00:18:37","guid":{"rendered":"https:\/\/bihavadis.com\/?p=55819"},"modified":"2026-03-02T00:18:37","modified_gmt":"2026-03-02T00:18:37","slug":"hatay-yeniden-insa-ediliyor","status":"publish","type":"post","link":"https:\/\/bihavadis.com\/index.php\/2026\/03\/02\/hatay-yeniden-insa-ediliyor\/","title":{"rendered":"Hatay Yeniden \u0130n\u015fa Ediliyor"},"content":{"rendered":"<p> Hatay B\u00fcy\u00fck\u015fehir Belediye Ba\u015fkan\u0131 Mehmet \u00d6nt\u00fcrk, 6 \u015eubat 2023&#8217;teki depremlerin y\u0131k\u0131ma u\u011fratt\u0131\u011f\u0131 kadim kenti yeniden aya\u011fa kald\u0131rman\u0131n m\u00fccadelesini verdiklerini belirtti.<\/p>\n<p>\u00d6nt\u00fcrk, belediye binas\u0131n\u0131n bah\u00e7esinde, Kahramanmara\u015f merkezli afetin 3. y\u0131l\u0131 kapsam\u0131nda gazetecilere a\u00e7\u0131klamalarda bulundu.<\/p>\n<p>Y\u00fczy\u0131l\u0131n en b\u00fcy\u00fck felaketini ya\u015fad\u0131klar\u0131n\u0131 dile getiren \u00d6nt\u00fcrk, &#8220;Merkezi Kahramanmara\u015f&#8217;t\u0131 ama en b\u00fcy\u00fck afeti Hatay&#8217;\u0131m\u0131z ya\u015fad\u0131. Bu zaman i\u00e7erisinde bir yandan ac\u0131lar\u0131m\u0131zla u\u011fra\u015f\u0131rken, bir yandan da bu kadim \u015fehri yeniden aya\u011fa kald\u0131rman\u0131n m\u00fccadelesini verdik.&#8221; dedi.<\/p>\n<p>\u00d6nt\u00fcrk, kentte y\u00fcr\u00fct\u00fclen \u00e7al\u0131\u015fmalar hakk\u0131nda bilgi vererek, &#8220;\u015eehrimizin eksikleri var m\u0131? Var ama bunlar konut anlam\u0131ndan ziyade mesela \u015fu an Asi Nehri&#8217;mizi yap\u0131yoruz. Asi Nehri sonradan planlay\u0131p, yat\u0131r\u0131m\u0131na karar verdi\u011fimiz \u00e7ok b\u00fcy\u00fck bir proje. Devlet Su \u0130\u015fleri taraf\u0131ndan yakla\u015f\u0131k 15 milyar lira gibi bir para harcanarak hem nehir sa\u011flamla\u015ft\u0131r\u0131l\u0131yor hem de burada bir \u00e7evre d\u00fczenlemesiyle \u015fehre farkl\u0131 bir hava kat\u0131l\u0131yor.&#8221; ifadelerini kulland\u0131.<\/p>\n<p>&#8220;M\u00fcthi\u015f bir i\u015f yap\u0131ld\u0131&#8221;<\/p>\n<p>Hatay&#8217;da temeli at\u0131lmayan in\u015faat\u0131n kalmad\u0131\u011f\u0131n\u0131 belirten \u00d6nt\u00fcrk, \u015f\u00f6yle devam etti: <\/p>\n<p>&#8220;\u0130nce i\u015fleri yap\u0131lan in\u015faatlar\u0131m\u0131z var. Altyap\u0131s\u0131 art\u0131k tamamlanm\u0131\u015f \u00e7\u00fcnk\u00fc \u015fehrin altyap\u0131s\u0131 yeniden yap\u0131ld\u0131. Kanalizasyonu, i\u00e7me sular\u0131, do\u011fal gazlar\u0131, elektrik, telekom hatlar\u0131 hepsi yeniden d\u00f6\u015fendi\u011fi i\u00e7in bu altyap\u0131n\u0131n \u00fcst\u00fcne de asfaltlama \u00e7al\u0131\u015fmalar\u0131m\u0131z\u0131n devam etti\u011fi i\u015fler kald\u0131. \u0130n\u015fallah yaza do\u011fru her yeri bu meydan (Cumhuriyet Meydan\u0131) gibi g\u00f6rebileceksiniz. M\u00fcthi\u015f bir i\u015f yap\u0131ld\u0131 burada. Yani d\u00fcnyan\u0131n en b\u00fcy\u00fck \u015fantiyesiydi. Burada m\u00fchendisinden i\u015f\u00e7isine kadar y\u00fczbinlerce karde\u015fimiz \u00e7al\u0131\u015ft\u0131.&#8221;<\/p>\n<p>\u00d6nt\u00fcrk, kentin tarihi yap\u0131lar\u0131ndaki \u00e7al\u0131\u015fmalar\u0131n s\u00fcrd\u00fc\u011f\u00fcn\u00fc, k\u00fclt\u00fcrel varl\u0131klarda ise asl\u0131na uygun y\u00fcr\u00fct\u00fclen i\u015flerin zaman ald\u0131\u011f\u0131n\u0131 ifade etti.<\/p>\n<p>&#8220;Cumhurba\u015fkan\u0131&#8217;m\u0131z \u015fehrin yeniden ihyas\u0131nda hi\u00e7bir \u015feyi esirgemedi&#8221;<\/p>\n<p>Hatay&#8217;daki hastane, okul, spor tesisi, k\u00fc\u00e7\u00fck sanayi sitesi, k\u00f6pr\u00fc ve kav\u015fak gibi hizmet alanlar\u0131n\u0131n yeniden in\u015fa edildi\u011fini vurgulayan \u00d6nt\u00fcrk, \u015funlar\u0131 kaydetti: <\/p>\n<p>&#8220;Ba\u015fta Cumhurba\u015fkan\u0131&#8217;m\u0131za \u00e7ok te\u015fekk\u00fcr ediyorum. Bu \u015fehrin yeniden imar ve ihyas\u0131nda hakikaten hi\u00e7bir \u015feyi esirgemedi bizden. Bakanlar\u0131m\u0131z \u00e7ok b\u00fcy\u00fck bir m\u00fccadele etti. Murat Kurum Bakan\u0131m\u0131z\u0131n \u00e7ok b\u00fcy\u00fck emekleri oldu. Her soka\u011f\u0131nda eme\u011fi vard\u0131r. Onu s\u00f6yleyebilirim. Allah devletimize zeval vermesin diyorum. Bu eme\u011fi 86 milyon vatanda\u015f\u0131m\u0131z s\u0131rtlad\u0131. T\u00fcm milletimize Hatay ve deprem b\u00f6lgeleri ad\u0131na \u015f\u00fckranlar\u0131m\u0131 sunuyorum.&#8221;<\/p>\n","protected":false},"excerpt":{"rendered":"<p>Ba\u015fkan \u00d6nt\u00fcrk, 6 \u015eubat depremlerinin ard\u0131ndan Hatay&#8217;\u0131 yeniden aya\u011fa kald\u0131rma m\u00fccadelesini vurgulad\u0131.<\/p>\n","protected":false},"author":1,"featured_media":55820,"comment_status":"open","ping_status":"open","sticky":false,"template":"","format":"standard","meta":{"footnotes":""},"categories":[8],"tags":[3101,395,6865,968,2188],"class_list":["post-55819","post","type-post","status-publish","format-standard","has-post-thumbnail","hentry","category-ekonomi","tag-hatay","tag-is","tag-onturk","tag-sehri","tag-yeniden"],"_links":{"self":[{"href":"https:\/\/bihavadis.com\/index.php\/wp-json\/wp\/v2\/posts\/55819","targetHints":{"allow":["GET"]}}],"collection":[{"href":"https:\/\/bihavadis.com\/index.php\/wp-json\/wp\/v2\/posts"}],"about":[{"href":"https:\/\/bihavadis.com\/index.php\/wp-json\/wp\/v2\/types\/post"}],"author":[{"embeddable":true,"href":"https:\/\/bihavadis.com\/index.php\/wp-json\/wp\/v2\/users\/1"}],"replies":[{"embeddable":true,"href":"https:\/\/bihavadis.com\/index.php\/wp-json\/wp\/v2\/comments?post=55819"}],"version-history":[{"count":1,"href":"https:\/\/bihavadis.com\/index.php\/wp-json\/wp\/v2\/posts\/55819\/revisions"}],"predecessor-version":[{"id":55821,"href":"https:\/\/bihavadis.com\/index.php\/wp-json\/wp\/v2\/posts\/55819\/revisions\/55821"}],"wp:featuredmedia":[{"embeddable":true,"href":"https:\/\/bihavadis.com\/index.php\/wp-json\/wp\/v2\/media\/55820"}],"wp:attachment":[{"href":"https:\/\/bihavadis.com\/index.php\/wp-json\/wp\/v2\/media?parent=55819"}],"wp:term":[{"taxonomy":"category","embeddable":true,"href":"https:\/\/bihavadis.com\/index.php\/wp-json\/wp\/v2\/categories?post=55819"},{"taxonomy":"post_tag","embeddable":true,"href":"https:\/\/bihavadis.com\/index.php\/wp-json\/wp\/v2\/tags?post=55819"}],"curies":[{"name":"wp","href":"https:\/\/api.w.org\/{rel}","templated":true}]}}