{"id":5583,"date":"2026-01-30T02:51:07","date_gmt":"2026-01-30T02:51:07","guid":{"rendered":"https:\/\/bihavadis.com\/?p=5583"},"modified":"2026-01-30T02:51:07","modified_gmt":"2026-01-30T02:51:07","slug":"dilan-citak-abd-yerlesti-iddiasi-aciklama-yapip-tarih-verdi","status":"publish","type":"post","link":"https:\/\/bihavadis.com\/index.php\/2026\/01\/30\/dilan-citak-abd-yerlesti-iddiasi-aciklama-yapip-tarih-verdi\/","title":{"rendered":"Dilan \u00c7\u0131tak ABD yerle\u015fti iddias\u0131! A\u00e7\u0131klama yap\u0131p tarih verdi"},"content":{"rendered":"<p>Survivor 2026 maceras\u0131 sadece 17 g\u00fcn s\u00fcren t\u00fcrk\u00fcc\u00fc \u0130brahim Tatl\u0131ses&#8217;in k\u0131z\u0131 Dilan \u00c7\u0131tak&#8217;\u0131n elendikten sonra Amerika&#8217;ya yerle\u015fti\u011fi iddias\u0131yla g\u00fcndeme gelmi\u015fti. \u00c7\u0131tak, Miami&#8217;ye yerle\u015fti haberleriyle ilgili ilk kez konu\u015ftu.<\/p>\n<p><strong>AMER\u0130KA&#8217;DA ORTAYA \u00c7IKTI<\/strong><\/p>\n<p>Instagram&#8217;dan pe\u015f pe\u015fe payla\u015f\u0131m yapan \u015fark\u0131c\u0131n\u0131n ABD&#8217;nin Florida eyaletinde Miami&#8217;de oldu\u011fu ortaya \u00e7\u0131kt\u0131. \u00c7\u0131tak, bas\u0131nda \u00e7\u0131kan Amerika&#8217;ya yerle\u015fti iddialar\u0131na yan\u0131t verdi.<\/p>\n<p><strong>&#8220;D\u00d6NECE\u011e\u0130M&#8221;<\/strong><\/p>\n<p>Konuyla ilgili Instagram payla\u015f\u0131m yapan \u00c7\u0131tak, mesaj\u0131nda; <b><em>&#8221;Arkada\u015flar\u0131m, dostlar\u0131m Miami&#8217;ye yerle\u015fmedim. Herkes bana bunu soruyor. Dominik Miami aras\u0131 2 saat olunca Survivor sonras\u0131 2 g\u00fcn de burada tatil yapay\u0131m diye geldim iyi gelir diye. Sonradan konser teklifleri ald\u0131k bu sebeple tatil uzad\u0131 konu bu. E\u015fimi, \u00e7ocuklar\u0131m\u0131, ailemi en yak\u0131n arkada\u015flar\u0131m\u0131 \u00e7ok \u00f6zledim. Son konser 31 Ocak sonras\u0131nda 3 \u015eubat&#8217;ta in\u015fallah \u00fclkeme d\u00f6n\u00fcyorum \u00e7ok \u015f\u00fck\u00fcr&#8221;<\/em><\/b> ifadelerini kulland\u0131.<\/p>\n<p>Adaya veda eden \u00c7\u0131tak, konseydeki veda konu\u015fmas\u0131nda duygusal anlar ya\u015fam\u0131\u015ft\u0131.<\/p>\n<p><strong>&#8220;\u00c7OK ERKEN G\u0130D\u0130YORUM&#8221;<\/strong><\/p>\n<p>G\u00f6zya\u015flar\u0131na hakim olamayan \u00fcnl\u00fc isim;<b><em> &#8221;\u00c7ok erken ama gidiyorum. Hem mutluyum hem mutsuzum. Bug\u00fcnk\u00fc yar\u0131\u015f\u0131 ger\u00e7ekten \u00e7ok kazanmak istedim. \u00c7ok g\u00fczel bir 17 g\u00fcn ge\u00e7irdim. Ben \u00e7ok d\u0131\u015flanm\u0131\u015ft\u0131m belli bir kesim taraf\u0131ndan. Biliyorum ki \u00e7ok iyi bir k\u0131z babas\u0131s\u0131n\u0131z. O y\u00fczden size \u00e7ok b\u00fcy\u00fck bir sayg\u0131 duyuyorum. Ben \u00e7\u00fcnk\u00fc malumunuz. Hatta hep derim Acun Il\u0131cal\u0131 amcam olsa diye. O y\u00fczden burada olmaktan \u00e7ok gurur duydum. Te\u015fekk\u00fcr ediyorum. Bana Dilan olarak sahip \u00e7\u0131kt\u0131\u011f\u0131n\u0131z i\u00e7in. Umar\u0131m tekrar yollar\u0131m\u0131z kesi\u015fir&#8221;<\/em><\/b> ifadelerini kullanm\u0131\u015ft\u0131.<\/p>\n<p><img decoding=\"async\" src=\"https:\/\/bihavadis.com\/wp-content\/uploads\/2026\/01\/dilan-citak-abd-yerlesti-iddiasi-aciklama-yapip-tarih-verdi-0-iQ32Tyu9.jpg\"\/><\/p>\n","protected":false},"excerpt":{"rendered":"<p>Survivor&#8217;dan elendikten sonra Amerika&#8217;ya yerle\u015fti\u011fi iddias\u0131yla g\u00fcndeme gelen Dilan \u00c7\u0131tak, Miami&#8217;ye yerle\u015fti haberleriyle ilgili ilk kez konu\u015ftu.<\/p>\n","protected":false},"author":1,"featured_media":5584,"comment_status":"open","ping_status":"open","sticky":false,"template":"","format":"standard","meta":{"footnotes":""},"categories":[1],"tags":[],"class_list":["post-5583","post","type-post","status-publish","format-standard","has-post-thumbnail","hentry","category-uncategorized"],"_links":{"self":[{"href":"https:\/\/bihavadis.com\/index.php\/wp-json\/wp\/v2\/posts\/5583","targetHints":{"allow":["GET"]}}],"collection":[{"href":"https:\/\/bihavadis.com\/index.php\/wp-json\/wp\/v2\/posts"}],"about":[{"href":"https:\/\/bihavadis.com\/index.php\/wp-json\/wp\/v2\/types\/post"}],"author":[{"embeddable":true,"href":"https:\/\/bihavadis.com\/index.php\/wp-json\/wp\/v2\/users\/1"}],"replies":[{"embeddable":true,"href":"https:\/\/bihavadis.com\/index.php\/wp-json\/wp\/v2\/comments?post=5583"}],"version-history":[{"count":1,"href":"https:\/\/bihavadis.com\/index.php\/wp-json\/wp\/v2\/posts\/5583\/revisions"}],"predecessor-version":[{"id":5586,"href":"https:\/\/bihavadis.com\/index.php\/wp-json\/wp\/v2\/posts\/5583\/revisions\/5586"}],"wp:featuredmedia":[{"embeddable":true,"href":"https:\/\/bihavadis.com\/index.php\/wp-json\/wp\/v2\/media\/5584"}],"wp:attachment":[{"href":"https:\/\/bihavadis.com\/index.php\/wp-json\/wp\/v2\/media?parent=5583"}],"wp:term":[{"taxonomy":"category","embeddable":true,"href":"https:\/\/bihavadis.com\/index.php\/wp-json\/wp\/v2\/categories?post=5583"},{"taxonomy":"post_tag","embeddable":true,"href":"https:\/\/bihavadis.com\/index.php\/wp-json\/wp\/v2\/tags?post=5583"}],"curies":[{"name":"wp","href":"https:\/\/api.w.org\/{rel}","templated":true}]}}