{"id":55830,"date":"2026-03-02T00:27:37","date_gmt":"2026-03-02T00:27:37","guid":{"rendered":"https:\/\/bihavadis.com\/?p=55830"},"modified":"2026-03-02T00:27:37","modified_gmt":"2026-03-02T00:27:37","slug":"samsunda-cografi-isaretli-yoresel-urunlerin-tanitimi-ve-sergisi-duzenlendi","status":"publish","type":"post","link":"https:\/\/bihavadis.com\/index.php\/2026\/03\/02\/samsunda-cografi-isaretli-yoresel-urunlerin-tanitimi-ve-sergisi-duzenlendi\/","title":{"rendered":"Samsun&#8217;da Co\u011frafi \u0130\u015faretli Y\u00f6resel \u00dcr\u00fcnlerin Tan\u0131t\u0131m\u0131 ve Sergisi d\u00fczenlendi"},"content":{"rendered":"<p> Samsun&#8217;da Valilik, B\u00fcy\u00fck\u015fehir Belediyesi, Orta Karadeniz Kalk\u0131nma Ajans\u0131 (OKA), il\u00e7e belediyeleri ve sivil toplum \u00f6rg\u00fctlerinin deste\u011fiyle Co\u011frafi \u0130\u015faretli Y\u00f6resel \u00dcr\u00fcnlerin Tan\u0131t\u0131m\u0131 ve Sergisi ger\u00e7ekle\u015ftirildi.<\/p>\n<p>Samsun B\u00fcy\u00fck\u015fehir Belediyesi \u015eehit \u00d6mer Halisdemir Salonu&#8217;nda d\u00fczenlenen etkinlikte Vali Orhan Tavl\u0131, kamu kurumlar\u0131n\u0131n yetkilileri ve sivil toplum \u00f6rg\u00fctlerinin temsilcileri, stantlarda kentin co\u011frafi i\u015faretli ve almaya aday \u00fcr\u00fcnlerini inceledi, ilgililerden bilgi ald\u0131.<\/p>\n<p>Samsun pidesi, simit, nokul, kaymakl\u0131 lokum, tirit, el eme\u011fi \u00fcr\u00fcnler gibi Samsun&#8217;a \u00f6zg\u00fc \u00fcr\u00fcnlerin sergilendi\u011fi ve tan\u0131t\u0131ld\u0131\u011f\u0131 etkinlikte, kat\u0131l\u0131mc\u0131lara y\u00f6resel lezzetlerin yap\u0131m\u0131 ve ge\u00e7mi\u015fiyle ilgili bilgi aktar\u0131ld\u0131.<\/p>\n<p>\u0130l K\u00fclt\u00fcr ve Turizm M\u00fcd\u00fcr\u00fc S\u00fcleyman Demirta\u015f, gazetecilere, gastronomi turizminin \u00f6nemine dikkati \u00e7ekerek, &#8220;Samsun, gastronomi turizmi a\u00e7\u0131s\u0131ndan \u00e7ok uygun bir \u015fehir. \u0130lk hedefimiz 55 co\u011frafi i\u015faretli \u00fcr\u00fcnd\u00fcr ancak Samsun bunun \u00e7ok daha fazlas\u0131n\u0131 ger\u00e7ekle\u015ftirebilecek potansiyele sahip.&#8221; ifadesini kulland\u0131.<\/p>\n<p>\u0130l Ticaret M\u00fcd\u00fcr\u00fc K\u00fcr\u015fat Turp\u00e7u da Valilik himayesinde y\u00fcr\u00fct\u00fclen koordinasyon \u00e7al\u0131\u015fmalar\u0131yla co\u011frafi i\u015faretli \u00fcr\u00fcn say\u0131s\u0131n\u0131n art\u0131r\u0131laca\u011f\u0131n\u0131 vurgulayarak, &#8220;\u0130limizde co\u011frafi i\u015faret tescilli \u00fcr\u00fcnlerin say\u0131s\u0131n\u0131 17&#8217;den 55&#8217;e \u00e7\u0131karmay\u0131 hedefliyoruz. T\u00fcm kamu kurumlar\u0131m\u0131zla bu s\u00fcreci dinamik \u015fekilde y\u00fcr\u00fctece\u011fiz.&#8221; dedi.<\/p>\n<p>OKA Genel Sekreteri Mehlika Dicle ise Samsun&#8217;un co\u011frafi i\u015faretli \u00fcr\u00fcn potansiyelinin art\u0131r\u0131lmas\u0131na y\u00f6nelik \u00e7al\u0131\u015fmalar y\u00fcr\u00fctt\u00fcklerini anlatarak, &#8220;Ajans olarak 2017 y\u0131l\u0131ndan bu yana co\u011frafi i\u015faretli \u00fcr\u00fcnleri \u00e7al\u0131\u015fmalar\u0131m\u0131z\u0131n merkezine ald\u0131k. Co\u011frafi i\u015faretli \u00fcr\u00fcnlerin tan\u0131t\u0131m\u0131 ve ticarile\u015ftirilmesi i\u00e7in katalog \u00e7al\u0131\u015fmalar\u0131 ve tan\u0131t\u0131m filmleri haz\u0131rlad\u0131k. Teknik destek programlar\u0131m\u0131zla t\u00fcm payda\u015f kurumlara destek vermeye haz\u0131r\u0131z.&#8221; diye konu\u015ftu.<\/p>\n","protected":false},"excerpt":{"rendered":"<p>Samsun&#8217;da Valilik, B\u00fcy\u00fck\u015fehir Belediyesi, Orta Karadeniz Kalk\u0131nma Ajans\u0131 (OKA), il\u00e7e belediyeleri ve sivil toplum \u00f6rg\u00fctlerinin deste\u011fiyle Co\u011frafi \u0130\u015faretli Y\u00f6resel \u00dcr\u00fcnlerin Tan\u0131t\u0131m\u0131 ve Sergisi ger\u00e7ekle\u015ftirildi.<\/p>\n","protected":false},"author":1,"featured_media":55831,"comment_status":"open","ping_status":"open","sticky":false,"template":"","format":"standard","meta":{"footnotes":""},"categories":[8],"tags":[6867,385,1661],"class_list":["post-55830","post","type-post","status-publish","format-standard","has-post-thumbnail","hentry","category-ekonomi","tag-cografi-isaretli-urun","tag-samsun","tag-urunler"],"_links":{"self":[{"href":"https:\/\/bihavadis.com\/index.php\/wp-json\/wp\/v2\/posts\/55830","targetHints":{"allow":["GET"]}}],"collection":[{"href":"https:\/\/bihavadis.com\/index.php\/wp-json\/wp\/v2\/posts"}],"about":[{"href":"https:\/\/bihavadis.com\/index.php\/wp-json\/wp\/v2\/types\/post"}],"author":[{"embeddable":true,"href":"https:\/\/bihavadis.com\/index.php\/wp-json\/wp\/v2\/users\/1"}],"replies":[{"embeddable":true,"href":"https:\/\/bihavadis.com\/index.php\/wp-json\/wp\/v2\/comments?post=55830"}],"version-history":[{"count":1,"href":"https:\/\/bihavadis.com\/index.php\/wp-json\/wp\/v2\/posts\/55830\/revisions"}],"predecessor-version":[{"id":55832,"href":"https:\/\/bihavadis.com\/index.php\/wp-json\/wp\/v2\/posts\/55830\/revisions\/55832"}],"wp:featuredmedia":[{"embeddable":true,"href":"https:\/\/bihavadis.com\/index.php\/wp-json\/wp\/v2\/media\/55831"}],"wp:attachment":[{"href":"https:\/\/bihavadis.com\/index.php\/wp-json\/wp\/v2\/media?parent=55830"}],"wp:term":[{"taxonomy":"category","embeddable":true,"href":"https:\/\/bihavadis.com\/index.php\/wp-json\/wp\/v2\/categories?post=55830"},{"taxonomy":"post_tag","embeddable":true,"href":"https:\/\/bihavadis.com\/index.php\/wp-json\/wp\/v2\/tags?post=55830"}],"curies":[{"name":"wp","href":"https:\/\/api.w.org\/{rel}","templated":true}]}}