{"id":55898,"date":"2026-03-02T01:27:07","date_gmt":"2026-03-02T01:27:07","guid":{"rendered":"https:\/\/bihavadis.com\/?p=55898"},"modified":"2026-03-02T01:27:07","modified_gmt":"2026-03-02T01:27:07","slug":"neymardan-emeklilik-aciklamasi-geldi","status":"publish","type":"post","link":"https:\/\/bihavadis.com\/index.php\/2026\/03\/02\/neymardan-emeklilik-aciklamasi-geldi\/","title":{"rendered":"Neymar&#8217;dan emeklilik a\u00e7\u0131klamas\u0131 geldi"},"content":{"rendered":"<p>Brezilyal\u0131 d\u00fcnyaca \u00fcnl\u00fc y\u0131ld\u0131z Neymar, kariyerinin son d\u00f6nemine dair \u00e7arp\u0131c\u0131 a\u00e7\u0131klamalarda bulundu.<\/p>\n<p>Brezilyal\u0131 y\u0131ld\u0131z, Santos formas\u0131yla ge\u00e7irdi\u011fi son y\u0131llarda sakatl\u0131klarla m\u00fccadele ederken Aral\u0131k 2026&#8217;da profesyonel futboldan emekli olabilece\u011fini a\u00e7\u0131klad\u0131.<\/p>\n<p><strong>&#8220;ARALIK AYINDA EMEKL\u0130 OLMAK \u0130STEYEB\u0130L\u0130R\u0130M&#8221;<\/strong><\/p>\n<p>34 ya\u015f\u0131ndaki forvet, Brezilya bas\u0131n\u0131na yapt\u0131\u011f\u0131 a\u00e7\u0131klamada, <b><em>&#8220;Gelece\u011fin bana neler getirece\u011fini bilmiyorum. Aral\u0131k ay\u0131nda emekli olmak isteyebilirim. G\u00fcn g\u00fcn ya\u015f\u0131yorum. Bu y\u0131l sadece Santos i\u00e7in de\u011fil, Brezilya milli tak\u0131m\u0131 i\u00e7in de \u00e7ok \u00f6nemli.&#8221;<\/em><\/b> ifadelerini kulland\u0131.<\/p>\n<p>Neymar, 2025 Aral\u0131k&#8217;\u0131nda diz ameliyat\u0131 ge\u00e7irdi\u011fini ve bu sezon y\u00fczde 100 haz\u0131r \u015fekilde geri d\u00f6nmek i\u00e7in baz\u0131 ma\u00e7larda dinlendi\u011fini belirtti.<\/p>\n<p><img decoding=\"async\" src=\"https:\/\/bihavadis.com\/wp-content\/uploads\/2026\/03\/neymardan-emeklilik-aciklamasi-geldi-0-zF4zKYVj.jpg\"\/><\/p>\n<p><strong>&#8220;GER\u0130 D\u00d6NMEK \u0130STED\u0130M AMA&#8230;&#8221;<\/strong><\/p>\n<p>Y\u0131ld\u0131z futbolcu,<b><em> &#8220;Tak\u0131m\u0131ma yard\u0131m etmek i\u00e7in geri d\u00f6nmek istedim ama sonunda y\u00fczde 100 haz\u0131r, a\u011fr\u0131s\u0131z ve en iyi formda sahaya \u00e7\u0131kabilmek i\u00e7in kendimi dinlendirmeyi tercih ettim.&#8221;<\/em><\/b> dedi.<\/p>\n<p>Santos ile s\u00f6zle\u015fmesini 2026 y\u0131l\u0131 sonuna kadar uzatan Neymar, Brezilya milli tak\u0131m\u0131na geri d\u00f6nerek D\u00fcnya Kupas\u0131 \u015fampiyonlu\u011funu hedefliyor.<\/p>\n<p>79 golle Brezilya&#8217;n\u0131n t\u00fcm zamanlar\u0131n en golc\u00fc oyuncusu olan Neymar, 2026 D\u00fcnya Kupas\u0131&#8217;nda C Grubu&#8217;nda Fas, Haiti ve \u0130sko\u00e7ya ile kar\u015f\u0131la\u015facaklar\u0131n\u0131 ifade etti.<\/p>\n<p><img decoding=\"async\" src=\"https:\/\/bihavadis.com\/wp-content\/uploads\/2026\/03\/neymardan-emeklilik-aciklamasi-geldi-1-rJVrSaXY.jpg\"\/><\/p>\n<p><strong>&#8220;ORADA GENELDE NEYMAR OLURDU&#8230;&#8221;<\/strong><\/p>\n<p>\u00d6te yandan Neymar, hem saha i\u00e7inde hem de saha d\u0131\u015f\u0131nda her zaman ad\u0131ndan s\u00f6z ettiren bir isimdi.<\/p>\n<p>Y\u0131ld\u0131z isim, \u00fcnl\u00fc spiker Ertem \u015eener&#8217;in dillere pelesenk olan<b><em> &#8220;Orada genelde Neymar olurdu\u2026&#8221;<\/em><\/b> s\u00f6z\u00fcyle bir d\u00f6nem sosyal medyay\u0131 kas\u0131p kavurmu\u015ftu.<\/p>\n<div> <span><strong>Kaynak:<\/strong> Ensonhaber Haber Merkezi<\/span> <\/div>\n","protected":false},"excerpt":{"rendered":"<p>Brezilyal\u0131 d\u00fcnyaca \u00fcnl\u00fc y\u0131ld\u0131z Neymar, kariyerinin son d\u00f6nemine dair \u00e7arp\u0131c\u0131 a\u00e7\u0131klamalarda bulundu. Brezilyal\u0131 y\u0131ld\u0131z, Santos formas\u0131yla ge\u00e7irdi\u011fi son y\u0131llarda sakatl\u0131klarla m\u00fccadele ederken Aral\u0131k 2026&#8217;da profesyonel futboldan emekli olabilece\u011fini &#8230;<\/p>\n","protected":false},"author":1,"featured_media":55899,"comment_status":"open","ping_status":"open","sticky":false,"template":"","format":"standard","meta":{"footnotes":""},"categories":[14],"tags":[6876,6877],"class_list":["post-55898","post","type-post","status-publish","format-standard","has-post-thumbnail","hentry","category-spor","tag-brezilya","tag-neymar"],"_links":{"self":[{"href":"https:\/\/bihavadis.com\/index.php\/wp-json\/wp\/v2\/posts\/55898","targetHints":{"allow":["GET"]}}],"collection":[{"href":"https:\/\/bihavadis.com\/index.php\/wp-json\/wp\/v2\/posts"}],"about":[{"href":"https:\/\/bihavadis.com\/index.php\/wp-json\/wp\/v2\/types\/post"}],"author":[{"embeddable":true,"href":"https:\/\/bihavadis.com\/index.php\/wp-json\/wp\/v2\/users\/1"}],"replies":[{"embeddable":true,"href":"https:\/\/bihavadis.com\/index.php\/wp-json\/wp\/v2\/comments?post=55898"}],"version-history":[{"count":1,"href":"https:\/\/bihavadis.com\/index.php\/wp-json\/wp\/v2\/posts\/55898\/revisions"}],"predecessor-version":[{"id":55902,"href":"https:\/\/bihavadis.com\/index.php\/wp-json\/wp\/v2\/posts\/55898\/revisions\/55902"}],"wp:featuredmedia":[{"embeddable":true,"href":"https:\/\/bihavadis.com\/index.php\/wp-json\/wp\/v2\/media\/55899"}],"wp:attachment":[{"href":"https:\/\/bihavadis.com\/index.php\/wp-json\/wp\/v2\/media?parent=55898"}],"wp:term":[{"taxonomy":"category","embeddable":true,"href":"https:\/\/bihavadis.com\/index.php\/wp-json\/wp\/v2\/categories?post=55898"},{"taxonomy":"post_tag","embeddable":true,"href":"https:\/\/bihavadis.com\/index.php\/wp-json\/wp\/v2\/tags?post=55898"}],"curies":[{"name":"wp","href":"https:\/\/api.w.org\/{rel}","templated":true}]}}