{"id":55924,"date":"2026-03-02T01:45:08","date_gmt":"2026-03-02T01:45:08","guid":{"rendered":"https:\/\/bihavadis.com\/?p=55924"},"modified":"2026-03-02T01:45:08","modified_gmt":"2026-03-02T01:45:08","slug":"dervisoglu-rapor-pkknin-silah-birakmadigini-itiraf-ediyor","status":"publish","type":"post","link":"https:\/\/bihavadis.com\/index.php\/2026\/03\/02\/dervisoglu-rapor-pkknin-silah-birakmadigini-itiraf-ediyor\/","title":{"rendered":"Dervi\u015fo\u011flu: Rapor, PKK\u2019n\u0131n silah b\u0131rakmad\u0131\u011f\u0131n\u0131 itiraf ediyor"},"content":{"rendered":"<p>Partisinin genel merkezinde d\u00fczenledi\u011fi bas\u0131n toplant\u0131s\u0131nda konu\u015fan\u00a0\u0130Y\u0130 Parti Genel Ba\u015fkan\u0131 M\u00fcsavat Dervi\u015fo\u011flu, TBMM b\u00fcnyesinde olu\u015fturulan komisyonun haz\u0131rlad\u0131\u011f\u0131 rapora ili\u015fkin de\u011ferlendirmelerde bulundu.<\/p>\n<p><strong>&#8220;YEN\u0130 B\u0130R A\u015eAMAYA GE\u00c7\u0130LM\u0130\u015eT\u0130R&#8221;<\/strong><\/p>\n<p>Dervi\u015fo\u011flu, 103 y\u0131ll\u0131k Cumhuriyet\u2019in ve milli \u00fcniter yap\u0131n\u0131n hedef al\u0131nd\u0131\u011f\u0131n\u0131 \u00f6ne s\u00fcrerek, komisyonun ortak raporunun yay\u0131mlanmas\u0131yla s\u00fcrecin yeni bir a\u015famaya ge\u00e7ti\u011fini savundu.<\/p>\n<p>Mevcut iktidar\u0131n uygulamalar\u0131n\u0131 ele\u015ftiren Dervi\u015fo\u011flu, komisyondan \u00e7\u0131kan metnin beklentileri kar\u015f\u0131lamad\u0131\u011f\u0131n\u0131 ifade etti.<\/p>\n<p><strong>&#8220;\u0130HANET\u0130N FARKINDALAR&#8221;<\/strong><\/p>\n<p>Raporun i\u00e7eri\u011fine y\u00f6nelik sert ifadeler kullanan Dervi\u015fo\u011flu, metnin Cumhuriyet\u2019in temel niteliklerini tart\u0131\u015fmaya a\u00e7t\u0131\u011f\u0131n\u0131 iddia etti.<\/p>\n<p>Raporu imzalayan siyasi partilere de ele\u015ftiriler y\u00f6nelten Dervi\u015fo\u011flu, s\u00fcrecin topluma benimsetilmeye \u00e7al\u0131\u015f\u0131ld\u0131\u011f\u0131n\u0131 savundu.<\/p>\n<p><img decoding=\"async\" src=\"https:\/\/bihavadis.com\/wp-content\/uploads\/2026\/03\/dervisoglu-rapor-pkknin-silah-birakmadigini-itiraf-ediyor-0-6IZ25Ptp.jpg\"\/><\/p>\n<p><strong>&#8220;S\u0130LAH BIRAKILMADI\u011eI A\u00c7IK\u00c7A ORTADA&#8221;<\/strong><\/p>\n<p>Dervi\u015fo\u011flu, <b><em>\u201cRapor, PKK\u2019n\u0131n silah b\u0131rakmad\u0131\u011f\u0131n\u0131 a\u00e7\u0131k\u00e7a itiraf etmektedir. T\u00fcrk milletinin kay\u0131ts\u0131z ve \u015farts\u0131z arzu etti\u011fi bu husus ger\u00e7ekle\u015fmediyse, aylarca y\u00fcr\u00fct\u00fclen \u00e7al\u0131\u015fmalar\u0131n amac\u0131 nedir?\u201d<\/em><\/b> ifadelerini kulland\u0131.<\/p>\n<p>Ter\u00f6rle m\u00fccadele s\u00fcrecinin raporda yeterince vurgulanmad\u0131\u011f\u0131n\u0131 ileri s\u00fcren Dervi\u015fo\u011flu, s\u00fcrece dahil olanlara y\u00f6nelik olas\u0131 cezas\u0131zl\u0131k d\u00fczenlemelerine de kar\u015f\u0131 olduklar\u0131n\u0131 dile getirdi.<\/p>\n<p><strong>&#8220;\u00dcN\u0130TER YAPI, TARTI\u015eMAYA A\u00c7ILIYOR&#8221;<\/strong><\/p>\n<p>Rapor metninde T\u00fcrkiye\u2019nin \u00fcniter yap\u0131s\u0131n\u0131 zay\u0131flatabilecek ifadeler bulundu\u011funu \u00f6ne s\u00fcren Dervi\u015fo\u011flu, <b><em>\u201cT\u00fcrkiye Cumhuriyeti\u2019ni kuran T\u00fcrkiye halk\u0131na T\u00fcrk milleti denir\u201d<\/em><\/b> s\u00f6z\u00fcn\u00fc hat\u0131rlatarak Mustafa Kemal Atat\u00fcrk\u2019\u00fcn tan\u0131m\u0131na at\u0131f yapt\u0131.<\/p>\n<p>Dervi\u015fo\u011flu, d\u00fcnyada benzer s\u00fcre\u00e7lerin farkl\u0131 \u00fclkelerde ya\u015fand\u0131\u011f\u0131n\u0131 belirterek Irak, Suriye, L\u00fcbnan ve Balkanlar \u00f6rneklerini verdi.<\/p>\n<p>Bas\u0131n toplant\u0131s\u0131nda, merkezi yap\u0131n\u0131n zay\u0131flat\u0131lmas\u0131na y\u00f6nelik giri\u015fimlere kar\u015f\u0131 olduklar\u0131n\u0131 ifade eden Dervi\u015fo\u011flu, rapora ili\u015fkin ele\u015ftirilerini s\u00fcrd\u00fcrd\u00fc.<\/p>\n<div> <span><strong>Kaynak:<\/strong> Demir\u00f6ren Haber Ajans\u0131 (DHA)<\/span> <\/div>\n","protected":false},"excerpt":{"rendered":"<p>Partisinin genel merkezinde d\u00fczenledi\u011fi bas\u0131n toplant\u0131s\u0131nda konu\u015fan\u00a0\u0130Y\u0130 Parti Genel Ba\u015fkan\u0131 M\u00fcsavat Dervi\u015fo\u011flu, TBMM b\u00fcnyesinde olu\u015fturulan komisyonun haz\u0131rlad\u0131\u011f\u0131 rapora ili\u015fkin de\u011ferlendirmelerde bulundu. &#8220;YEN\u0130 B\u0130R A\u015eAMAYA GE\u00c7\u0130LM\u0130\u015eT\u0130R&#8221; Dervi\u015fo\u011flu &#8230;<\/p>\n","protected":false},"author":1,"featured_media":55925,"comment_status":"open","ping_status":"open","sticky":false,"template":"","format":"standard","meta":{"footnotes":""},"categories":[9,4,12],"tags":[1996,561,1564,517],"class_list":["post-55924","post","type-post","status-publish","format-standard","has-post-thumbnail","hentry","category-genel","category-gundem","category-siyaset","tag-dervisoglu","tag-ifade","tag-rapor","tag-turk"],"_links":{"self":[{"href":"https:\/\/bihavadis.com\/index.php\/wp-json\/wp\/v2\/posts\/55924","targetHints":{"allow":["GET"]}}],"collection":[{"href":"https:\/\/bihavadis.com\/index.php\/wp-json\/wp\/v2\/posts"}],"about":[{"href":"https:\/\/bihavadis.com\/index.php\/wp-json\/wp\/v2\/types\/post"}],"author":[{"embeddable":true,"href":"https:\/\/bihavadis.com\/index.php\/wp-json\/wp\/v2\/users\/1"}],"replies":[{"embeddable":true,"href":"https:\/\/bihavadis.com\/index.php\/wp-json\/wp\/v2\/comments?post=55924"}],"version-history":[{"count":1,"href":"https:\/\/bihavadis.com\/index.php\/wp-json\/wp\/v2\/posts\/55924\/revisions"}],"predecessor-version":[{"id":55927,"href":"https:\/\/bihavadis.com\/index.php\/wp-json\/wp\/v2\/posts\/55924\/revisions\/55927"}],"wp:featuredmedia":[{"embeddable":true,"href":"https:\/\/bihavadis.com\/index.php\/wp-json\/wp\/v2\/media\/55925"}],"wp:attachment":[{"href":"https:\/\/bihavadis.com\/index.php\/wp-json\/wp\/v2\/media?parent=55924"}],"wp:term":[{"taxonomy":"category","embeddable":true,"href":"https:\/\/bihavadis.com\/index.php\/wp-json\/wp\/v2\/categories?post=55924"},{"taxonomy":"post_tag","embeddable":true,"href":"https:\/\/bihavadis.com\/index.php\/wp-json\/wp\/v2\/tags?post=55924"}],"curies":[{"name":"wp","href":"https:\/\/api.w.org\/{rel}","templated":true}]}}