{"id":55934,"date":"2026-03-02T01:54:11","date_gmt":"2026-03-02T01:54:11","guid":{"rendered":"https:\/\/bihavadis.com\/?p=55934"},"modified":"2026-03-02T01:54:11","modified_gmt":"2026-03-02T01:54:11","slug":"mehmetcik-ramazanin-ilk-iftarini-gorevi-basinda-yapti","status":"publish","type":"post","link":"https:\/\/bihavadis.com\/index.php\/2026\/03\/02\/mehmetcik-ramazanin-ilk-iftarini-gorevi-basinda-yapti\/","title":{"rendered":"Mehmet\u00e7ik, Ramazan&#8217;\u0131n ilk iftar\u0131n\u0131 g\u00f6revi ba\u015f\u0131nda yapt\u0131"},"content":{"rendered":"<p>Milli Savunma Bakanl\u0131\u011f\u0131, Ramazan ay\u0131n\u0131n ba\u015flamas\u0131yla birlikte g\u00f6rev ba\u015f\u0131ndaki Mehmet\u00e7iklerin ilk iftar\u0131na ili\u015fkin bir payla\u015f\u0131mda bulundu.<\/p>\n<p><strong>YURT \u0130\u00c7\u0130NDE VE SINIR \u00d6TES\u0130NDE \u0130FTAR<\/strong><\/p>\n<p>Bakanl\u0131\u011f\u0131n resmi sosyal medya hesaplar\u0131ndan yay\u0131mlanan g\u00f6r\u00fcnt\u00fclerde, T\u00fcrkiye\u2019nin farkl\u0131 b\u00f6lgelerinde ve s\u0131n\u0131r \u00f6tesi g\u00f6rev alanlar\u0131nda bulunan askerlerin iftar sofralar\u0131nda bir araya geldi\u011fi anlar yer ald\u0131.<\/p>\n<p><img decoding=\"async\" src=\"https:\/\/bihavadis.com\/wp-content\/uploads\/2026\/03\/mehmetcik-ramazanin-ilk-iftarini-gorevi-basinda-yapti-0-4iJFSBgT.jpg\"\/><\/p>\n<p>Payla\u015f\u0131mda, \u015fu ifadelere yer verildi:<\/p>\n<p>T\u00fcm \u0130slam \u00e2leminin Ramazan ay\u0131 m\u00fcbarek olsun. Yurdun d\u00f6rt bir yan\u0131nda ve s\u0131n\u0131r \u00f6tesinde g\u00f6rev yapan Mehmet\u00e7iklerimiz de ilk iftarlar\u0131n\u0131 yapt\u0131. Allah kabul etsin. Mehmet\u00e7ik&#8217;in ve milletimizin sofras\u0131 her daim bereketli olsun.<\/p>\n<p><img decoding=\"async\" src=\"https:\/\/bihavadis.com\/wp-content\/uploads\/2026\/03\/mehmetcik-ramazanin-ilk-iftarini-gorevi-basinda-yapti-1-ezq7bLZw.jpg\"\/><\/p>\n<p><strong>G\u00d6REV BA\u015eINDA RAMAZAN<\/strong><\/p>\n<p>Zorlu hava ve arazi \u015fartlar\u0131nda g\u00f6rev yapan askerlerin, mesai aralar\u0131nda iftar yapt\u0131\u011f\u0131 g\u00f6r\u00fcnt\u00fcler kamuoyuyla payla\u015f\u0131l\u0131rken\u00a0 payla\u015f\u0131m, k\u0131sa s\u00fcrede \u00e7ok say\u0131da be\u011feni ve yorum ald\u0131.<\/p>\n<p><img decoding=\"async\" src=\"https:\/\/bihavadis.com\/wp-content\/uploads\/2026\/03\/mehmetcik-ramazanin-ilk-iftarini-gorevi-basinda-yapti-2-4vZe3ZyW.jpg\"\/><\/p>\n<p><img decoding=\"async\" src=\"https:\/\/bihavadis.com\/wp-content\/uploads\/2026\/03\/mehmetcik-ramazanin-ilk-iftarini-gorevi-basinda-yapti-3-rXPWUFH8.jpg\"\/><\/p>\n<p><img decoding=\"async\" src=\"https:\/\/bihavadis.com\/wp-content\/uploads\/2026\/03\/mehmetcik-ramazanin-ilk-iftarini-gorevi-basinda-yapti-4-nshNlQAi.jpg\"\/><\/p>\n<p><img decoding=\"async\" src=\"https:\/\/bihavadis.com\/wp-content\/uploads\/2026\/03\/mehmetcik-ramazanin-ilk-iftarini-gorevi-basinda-yapti-5-xQX7Blru.jpg\"\/><\/p>\n<p><img decoding=\"async\" src=\"https:\/\/bihavadis.com\/wp-content\/uploads\/2026\/03\/mehmetcik-ramazanin-ilk-iftarini-gorevi-basinda-yapti-6-IiVQvCgz.jpg\"\/><\/p>\n<p><img decoding=\"async\" src=\"https:\/\/bihavadis.com\/wp-content\/uploads\/2026\/03\/mehmetcik-ramazanin-ilk-iftarini-gorevi-basinda-yapti-7-UdYfVg1E.jpg\"\/><\/p>\n<p><img decoding=\"async\" src=\"https:\/\/bihavadis.com\/wp-content\/uploads\/2026\/03\/mehmetcik-ramazanin-ilk-iftarini-gorevi-basinda-yapti-8-jpSnIFkT.jpg\"\/><\/p>\n<p><img decoding=\"async\" src=\"https:\/\/bihavadis.com\/wp-content\/uploads\/2026\/03\/mehmetcik-ramazanin-ilk-iftarini-gorevi-basinda-yapti-9-PUfQJkyB.jpg\"\/> <\/p>\n<div> <span><strong>Kaynak:<\/strong> Demir\u00f6ren Haber Ajans\u0131 (DHA)<\/span> <\/div>\n","protected":false},"excerpt":{"rendered":"<p>Milli Savunma Bakanl\u0131\u011f\u0131, Ramazan ay\u0131n\u0131n ba\u015flamas\u0131yla birlikte g\u00f6rev ba\u015f\u0131ndaki Mehmet\u00e7iklerin ilk iftar\u0131na ili\u015fkin bir payla\u015f\u0131mda bulundu. YURT \u0130\u00c7\u0130NDE VE SINIR \u00d6TES\u0130NDE \u0130FTAR Bakanl\u0131\u011f\u0131n resmi sosyal medya hesaplar\u0131ndan yay\u0131mlanan g\u00f6r\u00fcnt\u00fclerde, T\u00fcrkiye &#8230;<\/p>\n","protected":false},"author":1,"featured_media":55935,"comment_status":"open","ping_status":"open","sticky":false,"template":"","format":"standard","meta":{"footnotes":""},"categories":[9,13],"tags":[1159,675],"class_list":["post-55934","post","type-post","status-publish","format-standard","has-post-thumbnail","hentry","category-genel","category-son-dakika","tag-gorev","tag-iftar"],"_links":{"self":[{"href":"https:\/\/bihavadis.com\/index.php\/wp-json\/wp\/v2\/posts\/55934","targetHints":{"allow":["GET"]}}],"collection":[{"href":"https:\/\/bihavadis.com\/index.php\/wp-json\/wp\/v2\/posts"}],"about":[{"href":"https:\/\/bihavadis.com\/index.php\/wp-json\/wp\/v2\/types\/post"}],"author":[{"embeddable":true,"href":"https:\/\/bihavadis.com\/index.php\/wp-json\/wp\/v2\/users\/1"}],"replies":[{"embeddable":true,"href":"https:\/\/bihavadis.com\/index.php\/wp-json\/wp\/v2\/comments?post=55934"}],"version-history":[{"count":1,"href":"https:\/\/bihavadis.com\/index.php\/wp-json\/wp\/v2\/posts\/55934\/revisions"}],"predecessor-version":[{"id":55946,"href":"https:\/\/bihavadis.com\/index.php\/wp-json\/wp\/v2\/posts\/55934\/revisions\/55946"}],"wp:featuredmedia":[{"embeddable":true,"href":"https:\/\/bihavadis.com\/index.php\/wp-json\/wp\/v2\/media\/55935"}],"wp:attachment":[{"href":"https:\/\/bihavadis.com\/index.php\/wp-json\/wp\/v2\/media?parent=55934"}],"wp:term":[{"taxonomy":"category","embeddable":true,"href":"https:\/\/bihavadis.com\/index.php\/wp-json\/wp\/v2\/categories?post=55934"},{"taxonomy":"post_tag","embeddable":true,"href":"https:\/\/bihavadis.com\/index.php\/wp-json\/wp\/v2\/tags?post=55934"}],"curies":[{"name":"wp","href":"https:\/\/api.w.org\/{rel}","templated":true}]}}